{"id":172570,"date":"2023-04-07T13:49:16","date_gmt":"2023-04-07T10:49:16","guid":{"rendered":"https:\/\/www.enerjigazetesi.ist\/?p=172570"},"modified":"2023-04-07T13:50:18","modified_gmt":"2023-04-07T10:50:18","slug":"turkcell-elektrik-ihtiyacina-yonelik-karamanda-gunes-santrali-kuruyor","status":"publish","type":"post","link":"https:\/\/www.enerjigazetesi.ist\/en\/turkcell-elektrik-ihtiyacina-yonelik-karamanda-gunes-santrali-kuruyor\/","title":{"rendered":"(Turkish) Turkcell Elektrik \u0130htiyac\u0131na Y\u00f6nelik Karaman\u2019da G\u00fcne\u015f Santrali Kuruyor"},"content":{"rendered":"<p class=\"qtranxs-available-languages-message qtranxs-available-languages-message-en\">Sorry, this entry is only available in <a href=\"https:\/\/www.enerjigazetesi.ist\/tr\/wp-json\/wp\/v2\/posts\/172570\" class=\"qtranxs-available-language-link qtranxs-available-language-link-tr\" title=\"Turkish\">Turkish<\/a>. For the sake of viewer convenience, the content is shown below in the alternative language. You may click the link to switch the active language.<\/p><p><\/p>\n<h2>Turkcell Karaman\u2019da 21,3 MW\u2019l\u0131k g\u00fcne\u015f santrali kuracak olup \u00fcretilen enerji Turkcell\u2019e ait 11 ilde toplamda 3.093 adet farkl\u0131 baz istasyonu ve tesislerde t\u00fcketilen t\u00fcm enerji ile mahsupla\u015f\u0131lacak.<\/h2>\n<p><strong><img loading=\"lazy\" class=\"alignright wp-image-172576\" src=\"https:\/\/www.enerjigazetesi.ist\/wp-content\/uploads\/2023\/04\/turkcell-elektrik-ihtiyacina-yonelik-karamanda-gunes-santrali-kuruyor.jpg\" alt=\"\" width=\"320\" height=\"234\" srcset=\"https:\/\/www.enerjigazetesi.ist\/wp-content\/uploads\/2023\/04\/turkcell-elektrik-ihtiyacina-yonelik-karamanda-gunes-santrali-kuruyor.jpg 550w, https:\/\/www.enerjigazetesi.ist\/wp-content\/uploads\/2023\/04\/turkcell-elektrik-ihtiyacina-yonelik-karamanda-gunes-santrali-kuruyor-300x219.jpg 300w, https:\/\/www.enerjigazetesi.ist\/wp-content\/uploads\/2023\/04\/turkcell-elektrik-ihtiyacina-yonelik-karamanda-gunes-santrali-kuruyor-500x365.jpg 500w, https:\/\/www.enerjigazetesi.ist\/wp-content\/uploads\/2023\/04\/turkcell-elektrik-ihtiyacina-yonelik-karamanda-gunes-santrali-kuruyor-68x50.jpg 68w\" sizes=\"(max-width: 320px) 100vw, 320px\" \/>Turkcell<\/strong>, Karaman \/ Kaz\u0131mkarabekir \u0130l\u00e7esi, Sinci K\u00f6y\u00fc s\u0131n\u0131rlar\u0131 i\u00e7indeki yakla\u015f\u0131k 308 bin m2 y\u00fcz\u00f6l\u00e7\u00fcml\u00fc alan i\u00e7erisinde toplam <strong>21,3 MW<\/strong> kurulu g\u00fcce sahip <strong>3 adet<\/strong> G\u00fcne\u015f Enerji Santrali (GES) kurup i\u015fletmeyi planl\u0131yor.<\/p>\n<p><strong>286.5 milyon TL<\/strong> yat\u0131r\u0131m bedeline sahip proje \u00e7er\u00e7evesinde kurulacak santralde,<strong> fotovoltaik mod\u00fcllerde, tek kristal yap\u0131da h\u00fccre<\/strong> kullan\u0131lacak olup paneller optimum a\u00e7\u0131da sabitlenmi\u015f ta\u015f\u0131y\u0131c\u0131 sistemlere monte edilecek. Tesiste toplam, her biri<strong> 545 Wp<\/strong> g\u00fcce sahip <strong>46.008 adet<\/strong> g\u00fcne\u015f mod\u00fcl\u00fc ile yine her biri <strong>100 kW<\/strong> g\u00fcce sahip <strong>213<\/strong> adet evirici kullan\u0131lacak.<\/p>\n<p>Y\u0131lda yakla\u015f\u0131k<strong> 50 milyon kWh<\/strong> elektrik \u00fcretilecek santralin enerjisi <strong>en yak\u0131n trafo merkezi<\/strong> \u00fczerinden aktar\u0131lacak ve \u00fcretilen enerji <strong>mahsupla\u015fma i\u015flemi<\/strong> ile T\u00fcrkiye\u2019nin farkl\u0131 lokasyonlardaki ileti\u015fim ve haberle\u015fme sekt\u00f6r\u00fcnde faaliyet g\u00f6steren tesislerinin ve baz istasyonlar\u0131n\u0131n elektrik enerjisi t\u00fcketimini kar\u015f\u0131lanacak.<\/p>","protected":false},"excerpt":{"rendered":"<p>Sorry, this entry is only available in Turkish. For the sake of viewer convenience, the content is shown below in the alternative language. You may click the link to switch the active language. Turkcell Karaman\u2019da 21,3 MW\u2019l\u0131k g\u00fcne\u015f santrali kuracak olup \u00fcretilen enerji Turkcell\u2019e ait 11 ilde toplamda 3.093 adet farkl\u0131 baz istasyonu ve tesislerde [&hellip;]<\/p>\n","protected":false},"author":1,"featured_media":172576,"comment_status":"open","ping_status":"open","sticky":false,"template":"","format":"standard","meta":[],"categories":[51,53,49],"tags":[68,2326,13,2401,1679,108770,138],"views":136,"_links":{"self":[{"href":"https:\/\/www.enerjigazetesi.ist\/en\/wp-json\/wp\/v2\/posts\/172570"}],"collection":[{"href":"https:\/\/www.enerjigazetesi.ist\/en\/wp-json\/wp\/v2\/posts"}],"about":[{"href":"https:\/\/www.enerjigazetesi.ist\/en\/wp-json\/wp\/v2\/types\/post"}],"author":[{"embeddable":true,"href":"https:\/\/www.enerjigazetesi.ist\/en\/wp-json\/wp\/v2\/users\/1"}],"replies":[{"embeddable":true,"href":"https:\/\/www.enerjigazetesi.ist\/en\/wp-json\/wp\/v2\/comments?post=172570"}],"version-history":[{"count":1,"href":"https:\/\/www.enerjigazetesi.ist\/en\/wp-json\/wp\/v2\/posts\/172570\/revisions"}],"predecessor-version":[{"id":172571,"href":"https:\/\/www.enerjigazetesi.ist\/en\/wp-json\/wp\/v2\/posts\/172570\/revisions\/172571"}],"wp:featuredmedia":[{"embeddable":true,"href":"https:\/\/www.enerjigazetesi.ist\/en\/wp-json\/wp\/v2\/media\/172576"}],"wp:attachment":[{"href":"https:\/\/www.enerjigazetesi.ist\/en\/wp-json\/wp\/v2\/media?parent=172570"}],"wp:term":[{"taxonomy":"category","embeddable":true,"href":"https:\/\/www.enerjigazetesi.ist\/en\/wp-json\/wp\/v2\/categories?post=172570"},{"taxonomy":"post_tag","embeddable":true,"href":"https:\/\/www.enerjigazetesi.ist\/en\/wp-json\/wp\/v2\/tags?post=172570"}],"curies":[{"name":"wp","href":"https:\/\/api.w.org\/{rel}","templated":true}]}}