{"id":172416,"date":"2023-04-05T12:53:54","date_gmt":"2023-04-05T09:53:54","guid":{"rendered":"https:\/\/www.enerjigazetesi.ist\/?p=172416"},"modified":"2023-04-05T12:55:03","modified_gmt":"2023-04-05T09:55:03","slug":"elektrikli-araclar-icin-zorunlu-trafik-sigortasinda-prim-indirimi-uygulanacak","status":"publish","type":"post","link":"https:\/\/www.enerjigazetesi.ist\/en\/elektrikli-araclar-icin-zorunlu-trafik-sigortasinda-prim-indirimi-uygulanacak\/","title":{"rendered":"(Turkish) Elektrikli Ara\u00e7lar \u0130\u00e7in Zorunlu Trafik Sigortas\u0131nda Prim \u0130ndirimi Uygulanacak"},"content":{"rendered":"<p class=\"qtranxs-available-languages-message qtranxs-available-languages-message-en\">Sorry, this entry is only available in <a href=\"https:\/\/www.enerjigazetesi.ist\/tr\/wp-json\/wp\/v2\/posts\/172416\" class=\"qtranxs-available-language-link qtranxs-available-language-link-tr\" title=\"Turkish\">Turkish<\/a>. For the sake of viewer convenience, the content is shown below in the alternative language. You may click the link to switch the active language.<\/p><p><\/p>\n<h2><strong>4 Nisan 2023 tarihli Resmi Gazete\u2019de yay\u0131mlanan kararla birlikte, Zorunlu Trafik Sigortas\u0131\u2019nda hasars\u0131zl\u0131k indirimi ve hasar sonras\u0131 prim art\u0131r\u0131m oranlar\u0131nda de\u011fi\u015fiklik yap\u0131ld\u0131. Elektrikli ara\u00e7lar i\u00e7in ise zorunlu trafik sigortas\u0131 prim indirimi uygulanabilecek.<\/strong><\/h2>\n<p>Karayollar\u0131 Motorlu Ara\u00e7lar Zorunlu Mali Sorumluluk Sigortas\u0131nda Tarife Uygulama Esaslar\u0131 hakk\u0131ndaki y\u00f6netmelikte de\u011fi\u015fiklik yap\u0131ld\u0131. Resmi Gazete\u2019de yay\u0131mlanan kararla hasar\u0131n giderilmesinde ve <img loading=\"lazy\" class=\"alignright wp-image-172420\" src=\"https:\/\/www.enerjigazetesi.ist\/wp-content\/uploads\/2023\/04\/elektrikli-araclar-icin-zorunlu-trafik-sigortasinda-prim-indirimi-uygulanacak.jpg\" alt=\"\" width=\"320\" height=\"217\" srcset=\"https:\/\/www.enerjigazetesi.ist\/wp-content\/uploads\/2023\/04\/elektrikli-araclar-icin-zorunlu-trafik-sigortasinda-prim-indirimi-uygulanacak.jpg 563w, https:\/\/www.enerjigazetesi.ist\/wp-content\/uploads\/2023\/04\/elektrikli-araclar-icin-zorunlu-trafik-sigortasinda-prim-indirimi-uygulanacak-300x204.jpg 300w, https:\/\/www.enerjigazetesi.ist\/wp-content\/uploads\/2023\/04\/elektrikli-araclar-icin-zorunlu-trafik-sigortasinda-prim-indirimi-uygulanacak-500x339.jpg 500w, https:\/\/www.enerjigazetesi.ist\/wp-content\/uploads\/2023\/04\/elektrikli-araclar-icin-zorunlu-trafik-sigortasinda-prim-indirimi-uygulanacak-74x50.jpg 74w\" sizes=\"(max-width: 320px) 100vw, 320px\" \/>tazminat\u0131n \u00f6denmesinde, orijinale e\u015fde\u011ferli\u011fi belgelendirilmi\u015f par\u00e7alar veya yeniden kullan\u0131labilir par\u00e7alar\u0131n tercih edilmesi halinde bu<strong> y\u00fczde 20\u2019ye kadar<\/strong> indirim uygulanabilecek.<\/p>\n<p>Trafik sigortas\u0131 tavan fiyatlar\u0131 1 May\u0131s\u2019ta y\u00fczde 5 art\u0131r\u0131ml\u0131 olacak. May\u0131stan itibaren ayl\u0131k tavan fiyat art\u0131\u015f\u0131 ise y\u00fczde 2 olacak. \u00d6nceki d\u00fczenlemede ayl\u0131k art\u0131\u015f <strong>y\u00fczde 4,75<\/strong> olarak uygulan\u0131yordu. Elektrikli ara\u00e7lar i\u00e7in ise <strong>y\u00fczde 10<\/strong> zorunlu trafik sigortas\u0131 prim indirimi uygulanabilecek.<\/p>\n<p>Kararla birlikte hasars\u0131zl\u0131k indirimi ve hasar sebebiyle prim art\u0131r\u0131m oranlar\u0131 da de\u011fi\u015fti. Hasar ve hasars\u0131zl\u0131k indirimini beliryen basamak say\u0131s\u0131nda yap\u0131lan de\u011fi\u015fiklikle<strong> 7 olan<\/strong> basamak say\u0131s\u0131 <strong>9\u2019a<\/strong> \u00e7\u0131kar\u0131ld\u0131. En y\u00fcksek hasars\u0131zl\u0131k indirimi <strong>y\u00fczde 50<\/strong>\u2019ye kadar yap\u0131labilecek. Buna kar\u015f\u0131l\u0131k hasar nedeniyle primle <strong>y\u00fczde 200<\/strong> art\u0131r\u0131labilecek. Tabloya eklenen 0 basama\u011f\u0131nda prim art\u0131r\u0131m oran\u0131 y\u00fczde 200, 8. basamakta ise hasars\u0131zl\u0131k prim oran\u0131 y\u00fczde 50 olarak belirlendi. Tabloya g\u00f6re en az 5 sigorta s\u00fcresi boyunca 7. basamakta bulunan sigortal\u0131lara bir tazminat \u00f6denmemesi halinde 8. basamakta yer alan indirim uygulanacak.<\/p>\n<p><strong>Y\u00f6netmelik de\u011fi\u015fikli\u011fine ula\u015fmak i\u00e7in <a href=\"https:\/\/www.resmigazete.gov.tr\/eskiler\/2023\/04\/20230404-2.htm\" target=\"_blank\" rel=\"noopener\">T\u0131klay\u0131n&gt;&gt;&gt;<\/a><\/strong><\/p>\n<p style=\"text-align: center;\"><img loading=\"lazy\" class=\"aligncenter wp-image-172418\" src=\"https:\/\/www.enerjigazetesi.ist\/wp-content\/uploads\/2023\/04\/Ekran-Resmi-2023-04-04-12.45.52-1024x629-1.png\" alt=\"\" width=\"500\" height=\"307\" srcset=\"https:\/\/www.enerjigazetesi.ist\/wp-content\/uploads\/2023\/04\/Ekran-Resmi-2023-04-04-12.45.52-1024x629-1.png 1024w, https:\/\/www.enerjigazetesi.ist\/wp-content\/uploads\/2023\/04\/Ekran-Resmi-2023-04-04-12.45.52-1024x629-1-300x184.png 300w, https:\/\/www.enerjigazetesi.ist\/wp-content\/uploads\/2023\/04\/Ekran-Resmi-2023-04-04-12.45.52-1024x629-1-768x472.png 768w, https:\/\/www.enerjigazetesi.ist\/wp-content\/uploads\/2023\/04\/Ekran-Resmi-2023-04-04-12.45.52-1024x629-1-500x307.png 500w, https:\/\/www.enerjigazetesi.ist\/wp-content\/uploads\/2023\/04\/Ekran-Resmi-2023-04-04-12.45.52-1024x629-1-80x50.png 80w\" sizes=\"(max-width: 500px) 100vw, 500px\" \/><\/p>\n<p>Kaynak:\u00a0<a href=\"https:\/\/www.ntv.com.tr\/otomobil\/trafik-sigortasinda-yeni-donem-hasar-ve-hasarsizlik-oranlarinda-degisiklik,7aVK_NW0Vky7XincLr49Fg\" target=\"_blank\" rel=\"noopener\">NTV<\/a><\/p>","protected":false},"excerpt":{"rendered":"<p>Sorry, this entry is only available in Turkish. For the sake of viewer convenience, the content is shown below in the alternative language. You may click the link to switch the active language. 4 Nisan 2023 tarihli Resmi Gazete\u2019de yay\u0131mlanan kararla birlikte, Zorunlu Trafik Sigortas\u0131\u2019nda hasars\u0131zl\u0131k indirimi ve hasar sonras\u0131 prim art\u0131r\u0131m oranlar\u0131nda de\u011fi\u015fiklik yap\u0131ld\u0131. [&hellip;]<\/p>\n","protected":false},"author":1,"featured_media":172420,"comment_status":"open","ping_status":"open","sticky":false,"template":"","format":"standard","meta":[],"categories":[51,53],"tags":[1311,1270,108723,1388,105438],"views":31,"_links":{"self":[{"href":"https:\/\/www.enerjigazetesi.ist\/en\/wp-json\/wp\/v2\/posts\/172416"}],"collection":[{"href":"https:\/\/www.enerjigazetesi.ist\/en\/wp-json\/wp\/v2\/posts"}],"about":[{"href":"https:\/\/www.enerjigazetesi.ist\/en\/wp-json\/wp\/v2\/types\/post"}],"author":[{"embeddable":true,"href":"https:\/\/www.enerjigazetesi.ist\/en\/wp-json\/wp\/v2\/users\/1"}],"replies":[{"embeddable":true,"href":"https:\/\/www.enerjigazetesi.ist\/en\/wp-json\/wp\/v2\/comments?post=172416"}],"version-history":[{"count":1,"href":"https:\/\/www.enerjigazetesi.ist\/en\/wp-json\/wp\/v2\/posts\/172416\/revisions"}],"predecessor-version":[{"id":172417,"href":"https:\/\/www.enerjigazetesi.ist\/en\/wp-json\/wp\/v2\/posts\/172416\/revisions\/172417"}],"wp:featuredmedia":[{"embeddable":true,"href":"https:\/\/www.enerjigazetesi.ist\/en\/wp-json\/wp\/v2\/media\/172420"}],"wp:attachment":[{"href":"https:\/\/www.enerjigazetesi.ist\/en\/wp-json\/wp\/v2\/media?parent=172416"}],"wp:term":[{"taxonomy":"category","embeddable":true,"href":"https:\/\/www.enerjigazetesi.ist\/en\/wp-json\/wp\/v2\/categories?post=172416"},{"taxonomy":"post_tag","embeddable":true,"href":"https:\/\/www.enerjigazetesi.ist\/en\/wp-json\/wp\/v2\/tags?post=172416"}],"curies":[{"name":"wp","href":"https:\/\/api.w.org\/{rel}","templated":true}]}}