{"id":172346,"date":"2023-04-04T12:00:52","date_gmt":"2023-04-04T09:00:52","guid":{"rendered":"https:\/\/www.enerjigazetesi.ist\/?p=172346"},"modified":"2023-04-04T12:02:13","modified_gmt":"2023-04-04T09:02:13","slug":"henkel-in-yenilenebilir-elektrik-kullaniminin-payi-yuzde-70-e-yukseldi","status":"publish","type":"post","link":"https:\/\/www.enerjigazetesi.ist\/en\/henkel-in-yenilenebilir-elektrik-kullaniminin-payi-yuzde-70-e-yukseldi\/","title":{"rendered":"(Turkish) Henkel&#8217;in Yenilenebilir Elektrik Kullan\u0131m\u0131n\u0131n Pay\u0131 % 70&#8217;e Y\u00fckseldi"},"content":{"rendered":"<p class=\"qtranxs-available-languages-message qtranxs-available-languages-message-en\">Sorry, this entry is only available in <a href=\"https:\/\/www.enerjigazetesi.ist\/tr\/wp-json\/wp\/v2\/posts\/172346\" class=\"qtranxs-available-language-link qtranxs-available-language-link-tr\" title=\"Turkish\">Turkish<\/a>. For the sake of viewer convenience, the content is shown below in the alternative language. You may click the link to switch the active language.<\/p><p><\/p>\n<h2>Henkel 32. S\u00fcrd\u00fcr\u00fclebilirlik Raporu\u2019nu yay\u0131nlayarak, s\u00fcrd\u00fcr\u00fclebilirlik stratejisi ve hedeflerini uygulama konusunda kaydetti\u011fi ilerlemeyi duyurdu. \u015eirket, son derece zorlu bir piyasa ortam\u0131nda, di\u011fer hususlar\u0131n yan\u0131 s\u0131ra s\u00fcrd\u00fcr\u00fclebilirlik alan\u0131nda bir\u00e7ok \u00f6nemli boyutta ilerleme kaydetmeyi ba\u015fard\u0131.<\/h2>\n<p><strong>Henkel CEO\u2019su Carsten Knobel<\/strong> g\u00f6r\u00fc\u015flerini \u015fu s\u00f6zlerle ifade etti: <em>\u201c\u0130ddial\u0131 s\u00fcrd\u00fcr\u00fclebilirlik hedeflerimizin b\u00fcy\u00fck \u00e7o\u011funlu\u011funda ilerleme kaydetmeyi ba\u015fard\u0131k. Bu a\u00e7\u0131dan, d\u00fcnyan\u0131n d\u00f6rt bir yan\u0131ndaki 50.000&#8217;den fazla Henkel \u00e7al\u0131\u015fan\u0131na g\u00fc\u00e7l\u00fc ba\u011fl\u0131l\u0131klar\u0131 ve \u00f6zverileri i\u00e7in te\u015fekk\u00fcr etmek istiyorum.\u201d Henkel\u2019in \u0130nsan Kaynaklar\u0131 ve S\u00fcrd\u00fcr\u00fclebilirlik\u2019ten sorumlu <strong>Y\u00f6netim Kurulu \u00dcyesi Sylvie Nicol<\/strong> ise \u201c2030 y\u0131l\u0131na kadar <strong>iklim-pozitif bir \u00fcretim ger\u00e7ekle\u015ftirme<\/strong> hedefimiz do\u011frultusunda \u00f6nemli bir ad\u0131m att\u0131k. <strong>Cinsiyet e\u015fitli\u011fi<\/strong> konusunda da daha fazla ilerleme kaydetmeyi ba\u015fard\u0131k. Y\u00f6netici pozisyonundaki kad\u0131nlar\u0131n oran\u0131 <strong>2022 y\u0131l\u0131nda<\/strong> <strong>y\u00fczde 38,7&#8217;ye<\/strong> y\u00fckseldi.\u201d<\/em> \u015feklinde konu\u015ftu.<\/p>\n<p style=\"text-align: center;\"><img loading=\"lazy\" class=\"aligncenter size-full wp-image-172349\" src=\"https:\/\/www.enerjigazetesi.ist\/wp-content\/uploads\/2023\/04\/1680588791_Henkel_Sustainability_Report_2022__1_.jpg\" alt=\"\" width=\"550\" height=\"367\" srcset=\"https:\/\/www.enerjigazetesi.ist\/wp-content\/uploads\/2023\/04\/1680588791_Henkel_Sustainability_Report_2022__1_.jpg 550w, https:\/\/www.enerjigazetesi.ist\/wp-content\/uploads\/2023\/04\/1680588791_Henkel_Sustainability_Report_2022__1_-300x200.jpg 300w, https:\/\/www.enerjigazetesi.ist\/wp-content\/uploads\/2023\/04\/1680588791_Henkel_Sustainability_Report_2022__1_-500x334.jpg 500w, https:\/\/www.enerjigazetesi.ist\/wp-content\/uploads\/2023\/04\/1680588791_Henkel_Sustainability_Report_2022__1_-75x50.jpg 75w, https:\/\/www.enerjigazetesi.ist\/wp-content\/uploads\/2023\/04\/1680588791_Henkel_Sustainability_Report_2022__1_-450x300.jpg 450w\" sizes=\"(max-width: 550px) 100vw, 550px\" \/><\/p>\n<h3><strong>Yenilenebilir elektrik kullan\u0131m\u0131n\u0131n pay\u0131 y\u00fczde 70&#8217;e y\u00fckselerek karbondioksit sal\u0131n\u0131m\u0131 y\u00fczde 55 azalt\u0131ld\u0131 (ton \u00fcr\u00fcn ba\u015f\u0131na)<\/strong><\/h3>\n<p>Henkel, <strong>\u00fcretimdeki karbondioksit <\/strong><strong>sal\u0131n\u0131mlar\u0131n\u0131 metrik ton \u00fcr\u00fcn ba\u015f\u0131na y\u00fczde 55 oran\u0131nda azaltarak,<\/strong> 2022 y\u0131l\u0131nda iklim koruma konusunda ilerleme kaydetti (2010 baz y\u0131l\u0131na k\u0131yasla). \u015eirket, <strong>yenilenebilir kaynaklardan sat\u0131n ald\u0131\u011f\u0131 elektri\u011fin pay\u0131n\u0131 da y\u00fczde 70&#8217;e \u00e7\u0131kard\u0131<\/strong>. \u015eirket, 2030 y\u0131l\u0131na \u00fcretim tesislerinde kullan\u0131lan elektri\u011fin y\u00fczde 100&#8217;\u00fcn\u00fc yenilenebilir kaynaklardan sa\u011flamay\u0131 hedefliyor. <strong>Aral\u0131k 2022&#8217;de, yenilenebilir enerji tedarikine y\u00f6nelik olarak, IGNIS ile imzalanan 10 y\u0131ll\u0131k sanal enerji sat\u0131n alma anla\u015fmas\u0131 (VPPA), <\/strong>enerji kurulu\u015flar\u0131yla i\u015fbirli\u011finin \u00f6rneklerinden biri oldu. Bu sayede Henkel&#8217;in Avrupa&#8217;daki tesislerine y\u0131lda yakla\u015f\u0131k<strong> 200 GWh<\/strong> d\u00fczeyinde <strong>yenilenebilir enerji tedariki<\/strong> sa\u011flanacak.<\/p>\n<p style=\"text-align: center;\"><img loading=\"lazy\" class=\"aligncenter wp-image-172350\" src=\"https:\/\/www.enerjigazetesi.ist\/wp-content\/uploads\/2023\/04\/1680588802_Henkel_Sustainability_Report_2022__4_.jpg\" alt=\"\" width=\"500\" height=\"334\" srcset=\"https:\/\/www.enerjigazetesi.ist\/wp-content\/uploads\/2023\/04\/1680588802_Henkel_Sustainability_Report_2022__4_.jpg 550w, https:\/\/www.enerjigazetesi.ist\/wp-content\/uploads\/2023\/04\/1680588802_Henkel_Sustainability_Report_2022__4_-300x200.jpg 300w, https:\/\/www.enerjigazetesi.ist\/wp-content\/uploads\/2023\/04\/1680588802_Henkel_Sustainability_Report_2022__4_-500x334.jpg 500w, https:\/\/www.enerjigazetesi.ist\/wp-content\/uploads\/2023\/04\/1680588802_Henkel_Sustainability_Report_2022__4_-75x50.jpg 75w, https:\/\/www.enerjigazetesi.ist\/wp-content\/uploads\/2023\/04\/1680588802_Henkel_Sustainability_Report_2022__4_-450x300.jpg 450w\" sizes=\"(max-width: 500px) 100vw, 500px\" \/><\/p>\n<h3><strong>Y\u00fczde 100 geri d\u00f6n\u00fc\u015ft\u00fcr\u00fclebilir ve yeniden kullan\u0131labilir ambalajlara y\u00f6nelik daha fazla ilerleme sa\u011fland\u0131<\/strong><\/h3>\n<p>Henkel ayr\u0131ca, at\u0131klar\u0131 ve bunlar\u0131n \u00e7evre \u00fczerindeki olumsuz etkilerini en aza indirmek amac\u0131yla, s\u00fcrekli olarak \u00e7aba g\u00f6steriyor. <strong>2025 y\u0131l\u0131na kadar, ambalajlar\u0131n y\u00fczde 100&#8217;\u00fc geri d\u00f6n\u00fc\u015ft\u00fcr\u00fclebilir ve yeniden kullan\u0131labilir* olacak \u015fekilde tasar\u0131mlar geli\u015ftirilecek. \u00a0<\/strong>Bu oran 2022 y\u0131l\u0131nda yakla\u015f\u0131k <strong>y\u00fczde 87<\/strong>&#8216;ye y\u00fckseldi. Bunun yan\u0131 s\u0131ra, Henkel, 2025 y\u0131l\u0131na kadar at\u0131k hacmini 2010 y\u0131l\u0131na k\u0131yasla ton \u00fcr\u00fcn ba\u015f\u0131na y\u00fczde 50 oran\u0131nda azaltmay\u0131 hedefliyor. \u015eirket 2022 y\u0131l\u0131nda, at\u0131k hacminde h\u00e2lihaz\u0131rda y\u00fczde 43&#8217;l\u00fck bir azalma kaydetti.<\/p>\n<p><strong>*<\/strong>\u0130\u00e7erik maddelerinin ya da kal\u0131nt\u0131lar\u0131n geri d\u00f6n\u00fc\u015ft\u00fcr\u00fclebilirli\u011fini etkileme ya da geri d\u00f6n\u00fc\u015f\u00fcm ak\u0131\u015flar\u0131n\u0131 kirletme ihtimali bulunan yap\u0131\u015ft\u0131r\u0131c\u0131 \u00fcr\u00fcnler hari\u00e7)<\/p>\n<h3><strong>Ukrayna&#8217;daki sava\u015f ma\u011fdurlar\u0131 i\u00e7in 6 milyon Euro tutar\u0131nda dayan\u0131\u015fma program\u0131 tesis edildi<\/strong><\/h3>\n<p>Henkel sosyal kat\u0131l\u0131m\u0131n\u0131 daha da geni\u015fletti. 2030 y\u0131l\u0131na kadar sosyal projeler ve ba\u011f\u0131\u015flar yoluyla d\u00fcnya genelinde 30 milyon insan\u0131n hayat\u0131n\u0131 iyile\u015ftirmeyi hedefleyen Henkel ge\u00e7ti\u011fimiz y\u0131l bu hedefini a\u015ft\u0131. <strong>Henkel, 2010&#8217;dan 2022&#8217;nin sonuna kadar 30 milyonu a\u015fk\u0131n ki\u015fiye ula\u015fmay\u0131 ba\u015fard\u0131.<\/strong> Bu kapsamdaki sosyal etki, \u00f6zellikle k\u00fcresel COVID 19 salg\u0131n\u0131yla m\u00fccadeleye yap\u0131lan katk\u0131n\u0131n yan\u0131 s\u0131ra, Ukrayna&#8217;daki sava\u015f ma\u011fdurlar\u0131na verilen destekten kaynaklan\u0131yordu.<\/p>\n<h3><strong>Y\u00f6netim pozisyonlar\u0131nda kad\u0131n \u00e7al\u0131\u015fan oran\u0131 daha da art\u0131r\u0131ld\u0131<\/strong><\/h3>\n<p>Henkel, f\u0131rsat e\u015fitli\u011fini te\u015fvik etmek i\u00e7in, y\u00f6netim kademelerindeki kad\u0131n oran\u0131n\u0131 s\u00fcrekli olarak art\u0131rmay\u0131 hedefliyor ve 2025 y\u0131l\u0131na kadar t\u00fcm y\u00f6netim kademelerinde cinsiyet e\u015fitli\u011fine ula\u015fma amac\u0131n\u0131 g\u00fcd\u00fcyor. <strong>2022 y\u0131l\u0131nda, y\u00f6netim pozisyonlar\u0131ndaki kad\u0131nlar\u0131n oran\u0131 bir \u00f6nceki y\u0131la g\u00f6re daha da artarak y\u00fczde 38,7 civar\u0131na ula\u015ft\u0131.<\/strong><\/p>\n<h3><strong>\u00dcr\u00fcn portf\u00f6y\u00fcn\u00fcn s\u00fcrd\u00fcr\u00fclebilir d\u00f6n\u00fc\u015f\u00fcm\u00fc sa\u011flan\u0131yor <\/strong><\/h3>\n<p>S\u00fcrd\u00fcr\u00fclebilirlik, Henkel&#8217;in inovasyon stratejilerinin temelini olu\u015fturur. T\u00fcketici \u00fcr\u00fcnlerinde, di\u011fer fakt\u00f6rlerin yan\u0131 s\u0131ra bile\u015fenlerin optimize edilmesine de odaklan\u0131l\u0131yor. Henkel bu ama\u00e7la \u00e7e\u015fitli partnerlerle \u00e7al\u0131\u015f\u0131yor. \u00d6rne\u011fin, Henkel ge\u00e7en y\u0131l <strong>BASF ile uzun s\u00fcreli bir i\u015f birli\u011fi anla\u015fmas\u0131<\/strong> imzalad\u0131.<strong> Biyok\u00fctle dengesi olarak adland\u0131r\u0131lan yakla\u015f\u0131m\u0131n yard\u0131m\u0131yla, fosil ham maddelerin yenilenebilir ham maddelerle de\u011fi\u015ftirilmesi <\/strong>ve bunun y\u0131lda 110.000 metrik tona ula\u015fmas\u0131 planlan\u0131yor.<\/p>\n<h3><strong>K\u00fcresel \u00e7al\u0131\u015fan kat\u0131l\u0131m\u0131 program\u0131 ba\u015far\u0131yla hayata ge\u00e7irildi<\/strong><\/h3>\n<p>S\u00fcrd\u00fcr\u00fclebilirlik konusunda \u00e7al\u0131\u015fan kat\u0131l\u0131m\u0131n\u0131 daha ileriye ta\u015f\u0131mak isteyen <strong>Henkel, mevcut e\u011fitim program\u0131n\u0131, Mart 2022&#8217;de uygulamaya koydu\u011fu b\u00fct\u00fcnsel bir kat\u0131l\u0131m program\u0131yla geni\u015fletti. <\/strong>\u201cSustainability at Heart\u201d program\u0131, d\u00fcnya genelinde Henkel \u00e7al\u0131\u015fanlar\u0131n\u0131, s\u00fcrd\u00fcr\u00fclebilirlik konusunda daha kapsaml\u0131 bir \u015fekilde bilgilendirmek ve e\u011fitmek amac\u0131n\u0131 ta\u015f\u0131yor. <strong>Sadece 2022 y\u0131l\u0131nda, 5.800&#8217;den fazla \u00e7al\u0131\u015fan bu e\u011fitime kat\u0131ld\u0131.<\/strong><\/p>","protected":false},"excerpt":{"rendered":"<p>Sorry, this entry is only available in Turkish. For the sake of viewer convenience, the content is shown below in the alternative language. You may click the link to switch the active language. Henkel 32. S\u00fcrd\u00fcr\u00fclebilirlik Raporu\u2019nu yay\u0131nlayarak, s\u00fcrd\u00fcr\u00fclebilirlik stratejisi ve hedeflerini uygulama konusunda kaydetti\u011fi ilerlemeyi duyurdu. \u015eirket, son derece zorlu bir piyasa ortam\u0131nda, di\u011fer [&hellip;]<\/p>\n","protected":false},"author":1,"featured_media":172352,"comment_status":"open","ping_status":"open","sticky":false,"template":"","format":"standard","meta":[],"categories":[51,53,52,49,50],"tags":[69455,108692,18031,108693,872,793],"views":57,"_links":{"self":[{"href":"https:\/\/www.enerjigazetesi.ist\/en\/wp-json\/wp\/v2\/posts\/172346"}],"collection":[{"href":"https:\/\/www.enerjigazetesi.ist\/en\/wp-json\/wp\/v2\/posts"}],"about":[{"href":"https:\/\/www.enerjigazetesi.ist\/en\/wp-json\/wp\/v2\/types\/post"}],"author":[{"embeddable":true,"href":"https:\/\/www.enerjigazetesi.ist\/en\/wp-json\/wp\/v2\/users\/1"}],"replies":[{"embeddable":true,"href":"https:\/\/www.enerjigazetesi.ist\/en\/wp-json\/wp\/v2\/comments?post=172346"}],"version-history":[{"count":1,"href":"https:\/\/www.enerjigazetesi.ist\/en\/wp-json\/wp\/v2\/posts\/172346\/revisions"}],"predecessor-version":[{"id":172347,"href":"https:\/\/www.enerjigazetesi.ist\/en\/wp-json\/wp\/v2\/posts\/172346\/revisions\/172347"}],"wp:featuredmedia":[{"embeddable":true,"href":"https:\/\/www.enerjigazetesi.ist\/en\/wp-json\/wp\/v2\/media\/172352"}],"wp:attachment":[{"href":"https:\/\/www.enerjigazetesi.ist\/en\/wp-json\/wp\/v2\/media?parent=172346"}],"wp:term":[{"taxonomy":"category","embeddable":true,"href":"https:\/\/www.enerjigazetesi.ist\/en\/wp-json\/wp\/v2\/categories?post=172346"},{"taxonomy":"post_tag","embeddable":true,"href":"https:\/\/www.enerjigazetesi.ist\/en\/wp-json\/wp\/v2\/tags?post=172346"}],"curies":[{"name":"wp","href":"https:\/\/api.w.org\/{rel}","templated":true}]}}