{"id":172313,"date":"2023-04-03T14:52:25","date_gmt":"2023-04-03T11:52:25","guid":{"rendered":"https:\/\/www.enerjigazetesi.ist\/?p=172313"},"modified":"2023-04-03T14:57:06","modified_gmt":"2023-04-03T11:57:06","slug":"turkiyede-gecen-hafta-elektrigin-5i-ruzgardan-uretildi","status":"publish","type":"post","link":"https:\/\/www.enerjigazetesi.ist\/en\/turkiyede-gecen-hafta-elektrigin-5i-ruzgardan-uretildi\/","title":{"rendered":"(Turkish) T\u00fcrkiye&#8217;de Ge\u00e7en Hafta Elektri\u011fin % 5\u2019i R\u00fczgardan \u00dcretildi\u00a0"},"content":{"rendered":"<p class=\"qtranxs-available-languages-message qtranxs-available-languages-message-en\">Sorry, this entry is only available in <a href=\"https:\/\/www.enerjigazetesi.ist\/tr\/wp-json\/wp\/v2\/posts\/172313\" class=\"qtranxs-available-language-link qtranxs-available-language-link-tr\" title=\"Turkish\">Turkish<\/a>. For the sake of viewer convenience, the content is shown below in the alternative language. You may click the link to switch the active language.<\/p><p><\/p>\n<h2><img loading=\"lazy\" class=\"alignright wp-image-172315\" src=\"https:\/\/www.enerjigazetesi.ist\/wp-content\/uploads\/2023\/04\/turkiyede-elektrigin-5i-ruzgardan-uretildi.jpg\" alt=\"\" width=\"320\" height=\"207\" srcset=\"https:\/\/www.enerjigazetesi.ist\/wp-content\/uploads\/2023\/04\/turkiyede-elektrigin-5i-ruzgardan-uretildi.jpg 550w, https:\/\/www.enerjigazetesi.ist\/wp-content\/uploads\/2023\/04\/turkiyede-elektrigin-5i-ruzgardan-uretildi-300x194.jpg 300w, https:\/\/www.enerjigazetesi.ist\/wp-content\/uploads\/2023\/04\/turkiyede-elektrigin-5i-ruzgardan-uretildi-500x324.jpg 500w, https:\/\/www.enerjigazetesi.ist\/wp-content\/uploads\/2023\/04\/turkiyede-elektrigin-5i-ruzgardan-uretildi-77x50.jpg 77w\" sizes=\"(max-width: 320px) 100vw, 320px\" \/>T\u00fcrkiye, ge\u00e7en hafta elektrik \u00fcretiminin % 5,04\u2019\u00fcn\u00fc r\u00fczgar enerjisinden kar\u015f\u0131lad\u0131.<\/h2>\n<p><strong>T\u00fcrkiye R\u00fczgar Enerjisi Birli\u011fi <\/strong>(T\u00dcREB), <strong>20 &#8211; 26 Mart 2023<\/strong> tarihleri aras\u0131nda \u00fclkemizde elektrik \u00fcretiminin <strong>% 5,04<\/strong>&#8216;\u00fcn\u00fcn r\u00fczgar enerjisi ile kar\u015f\u0131land\u0131\u011f\u0131n\u0131 a\u00e7\u0131klad\u0131.<\/p>\n<p><a href=\"https:\/\/www.epias.com.tr\" target=\"_blank\" rel=\"nofollow noopener\">EP\u0130A\u015e<\/a> verilerine dayand\u0131r\u0131lan a\u00e7\u0131klamada, r\u00fczgardan en fazla elektrik \u00fcretilen g\u00fcn <strong>20 Mart 2023<\/strong> Pazartesi g\u00fcn\u00fc oldu. Pazartesi g\u00fcn\u00fc r\u00fczgar santralleri toplam elektrik \u00fcretiminin<strong> y\u00fczde 8,61<\/strong>\u2019ini kar\u015f\u0131lad\u0131. R\u00fczgardan en az elektrik \u00fcretiminin yap\u0131ld\u0131\u011f\u0131 g\u00fcn ise<strong> %3,01<\/strong> ile <strong>Cumartesi g\u00fcn\u00fc<\/strong> oldu.<\/p>","protected":false},"excerpt":{"rendered":"<p>Sorry, this entry is only available in Turkish. For the sake of viewer convenience, the content is shown below in the alternative language. You may click the link to switch the active language. T\u00fcrkiye, ge\u00e7en hafta elektrik \u00fcretiminin % 5,04\u2019\u00fcn\u00fc r\u00fczgar enerjisinden kar\u015f\u0131lad\u0131. T\u00fcrkiye R\u00fczgar Enerjisi Birli\u011fi (T\u00dcREB), 20 &#8211; 26 Mart 2023 tarihleri aras\u0131nda [&hellip;]<\/p>\n","protected":false},"author":1,"featured_media":172315,"comment_status":"open","ping_status":"open","sticky":false,"template":"","format":"standard","meta":[],"categories":[51,53,50],"tags":[68,18,1010,474,16,312,4784,1682],"views":72,"_links":{"self":[{"href":"https:\/\/www.enerjigazetesi.ist\/en\/wp-json\/wp\/v2\/posts\/172313"}],"collection":[{"href":"https:\/\/www.enerjigazetesi.ist\/en\/wp-json\/wp\/v2\/posts"}],"about":[{"href":"https:\/\/www.enerjigazetesi.ist\/en\/wp-json\/wp\/v2\/types\/post"}],"author":[{"embeddable":true,"href":"https:\/\/www.enerjigazetesi.ist\/en\/wp-json\/wp\/v2\/users\/1"}],"replies":[{"embeddable":true,"href":"https:\/\/www.enerjigazetesi.ist\/en\/wp-json\/wp\/v2\/comments?post=172313"}],"version-history":[{"count":0,"href":"https:\/\/www.enerjigazetesi.ist\/en\/wp-json\/wp\/v2\/posts\/172313\/revisions"}],"wp:featuredmedia":[{"embeddable":true,"href":"https:\/\/www.enerjigazetesi.ist\/en\/wp-json\/wp\/v2\/media\/172315"}],"wp:attachment":[{"href":"https:\/\/www.enerjigazetesi.ist\/en\/wp-json\/wp\/v2\/media?parent=172313"}],"wp:term":[{"taxonomy":"category","embeddable":true,"href":"https:\/\/www.enerjigazetesi.ist\/en\/wp-json\/wp\/v2\/categories?post=172313"},{"taxonomy":"post_tag","embeddable":true,"href":"https:\/\/www.enerjigazetesi.ist\/en\/wp-json\/wp\/v2\/tags?post=172313"}],"curies":[{"name":"wp","href":"https:\/\/api.w.org\/{rel}","templated":true}]}}