{"id":172231,"date":"2023-04-02T13:06:54","date_gmt":"2023-04-02T10:06:54","guid":{"rendered":"https:\/\/www.enerjigazetesi.ist\/?p=172231"},"modified":"2023-04-02T13:11:22","modified_gmt":"2023-04-02T10:11:22","slug":"degisen-iklim-kosullari-afet-yonetim-planlarinin-daha-sik-guncellenmesini-gerekli-kiliyor","status":"publish","type":"post","link":"https:\/\/www.enerjigazetesi.ist\/en\/degisen-iklim-kosullari-afet-yonetim-planlarinin-daha-sik-guncellenmesini-gerekli-kiliyor\/","title":{"rendered":"(Turkish) De\u011fi\u015fen \u0130klim Ko\u015fullar\u0131 Afet Y\u00f6netim Planlar\u0131n\u0131n Daha S\u0131k G\u00fcncellenmesini&#8230;"},"content":{"rendered":"<p class=\"qtranxs-available-languages-message qtranxs-available-languages-message-en\">Sorry, this entry is only available in <a href=\"https:\/\/www.enerjigazetesi.ist\/tr\/wp-json\/wp\/v2\/posts\/172231\" class=\"qtranxs-available-language-link qtranxs-available-language-link-tr\" title=\"Turkish\">Turkish<\/a>. For the sake of viewer convenience, the content is shown below in the alternative language. You may click the link to switch the active language.<\/p><p><\/p>\n<h2><strong>\u201cGenellikle 6 senede bir g\u00fcncellenen ta\u015fk\u0131n y\u00f6netim planlar\u0131, de\u011fi\u015fen iklim ko\u015fullar\u0131na uyarl\u0131 olarak daha s\u0131k g\u00fcncellenmeli\u201d <\/strong><\/h2>\n<p><strong>\u0130klim de\u011fi\u015fikli\u011fi, yo\u011fun \u015fehirle\u015fme<\/strong> ve <strong>ani ya\u011f\u0131\u015flar<\/strong> <strong>ta\u015fk\u0131nlara yol a\u00e7maya<\/strong> devam ediyor. Son olarak Bozkurt ve \u015eanl\u0131urfa\u2019da meydana gelen ve \u00e7ok say\u0131da can kayb\u0131 ile ekonomik zarara yol a\u00e7an sel felaketi sonras\u0131 uzmanlar<strong> ta\u015fk\u0131n y\u00f6netimi<\/strong> konusunun yeniden ele al\u0131nmas\u0131 gerekti\u011fini belirterek <strong>6 <img loading=\"lazy\" class=\"alignright wp-image-172233\" src=\"https:\/\/www.enerjigazetesi.ist\/wp-content\/uploads\/2023\/04\/Dide_Ozdikmen1.jpg\" alt=\"\" width=\"320\" height=\"251\" srcset=\"https:\/\/www.enerjigazetesi.ist\/wp-content\/uploads\/2023\/04\/Dide_Ozdikmen1.jpg 550w, https:\/\/www.enerjigazetesi.ist\/wp-content\/uploads\/2023\/04\/Dide_Ozdikmen1-300x235.jpg 300w, https:\/\/www.enerjigazetesi.ist\/wp-content\/uploads\/2023\/04\/Dide_Ozdikmen1-500x392.jpg 500w, https:\/\/www.enerjigazetesi.ist\/wp-content\/uploads\/2023\/04\/Dide_Ozdikmen1-64x50.jpg 64w\" sizes=\"(max-width: 320px) 100vw, 320px\" \/>senede bir g\u00fcncellenen<\/strong> ta\u015fk\u0131n y\u00f6netim planlar\u0131n\u0131n <strong>de\u011fi\u015fen iklim ko\u015fullar\u0131<\/strong> g\u00f6z \u00f6n\u00fcne al\u0131narak <strong>daha s\u0131k g\u00fcncellenmesi<\/strong> gerekti\u011fini ifade ediyorlar.<\/p>\n<p>Merkezi h\u00fck\u00fcmetlere, b\u00f6lgesel ve yerel otoritelere, topluluklara ve \u00f6zel sekt\u00f6re afet risk y\u00f6netimi i\u00e7in, yeni teknolojilerin ve metotlar\u0131n uygulanmas\u0131n\u0131 destekleyen \u00e7ok disiplinli hizmetler sa\u011flayan ve 40 y\u0131l\u0131 a\u015fk\u0131n s\u00fcredir faaliyet g\u00f6steren <strong>ALTER Uluslararas\u0131 M\u00fchendislik ve M\u00fc\u015favirlik\u2019in Y\u00f6netici Orta\u011f\u0131 Dide \u00d6zdikmen<\/strong> olas\u0131 felaketlerin \u00f6n\u00fcne ge\u00e7ilebilmesi, can ve mal kayb\u0131n\u0131n \u00f6nlenebilmesi i\u00e7in yap\u0131lmas\u0131 gerekenler konusunda <span style=\"text-decoration: underline;\">\u015fu bilgileri verdi:<\/span><\/p>\n<p><em>\u201cTa\u015fk\u0131n riskinin azalt\u0131lmas\u0131 i\u00e7in \u00fclkemizde son y\u0131llarda \u00e7ok say\u0131da \u00e7al\u0131\u015fma yap\u0131lmaktad\u0131r. S\u00f6z konusu ta\u015fk\u0131nlar\u0131 \u00f6nlemek ad\u0131na d\u00fcnyada ve \u00fclkemizde son y\u0131llarda \u00f6zellikle \u00f6nem verilen ta\u015fk\u0131n modelleme y\u00f6ntemlerinin kullan\u0131larak olas\u0131 risklerin belirlenmesi ve ta\u015fk\u0131n risklerini ortadan kald\u0131rmak ad\u0131na tedbirlerin al\u0131nmas\u0131 \u00f6nemlidir. D\u00fcnyada ve \u00fclkemizde <strong>ta\u015fk\u0131n y\u00f6netim planlar\u0131<\/strong>, <strong>de\u011fi\u015fen iklim ko\u015fullar\u0131 ve hidrolojik rejim sebebiyle<\/strong>, genellikle<strong> 6 y\u0131lda bir<\/strong> olmak \u00fczere, belirli aral\u0131klarla g\u00fcncellenmektedir. Fakat de\u011fi\u015fen iklim ko\u015fullar\u0131nda bu g\u00fcncelleme s\u00fcrelerinin daha da k\u0131salt\u0131lmas\u0131 olas\u0131 felaketlerin \u00f6n\u00fcne ge\u00e7mede faydal\u0131 olacakt\u0131r.\u201d<\/em><\/p>\n<h3><strong>Yerel Y\u00f6netimler de ta\u015fk\u0131nlar ile ilgili planlama ve \u0131slah \u00e7al\u0131\u015fmalar\u0131nda daha fazla sorumluluk almal\u0131<\/strong><\/h3>\n<p>Ta\u015fk\u0131nlar\u0131n \u00f6nlenmesi ad\u0131na planlama \u00e7al\u0131\u015fmalar\u0131n\u0131n<strong> DS\u0130<\/strong> ve <strong>Su Y\u00f6netimi Genel M\u00fcd\u00fcrl\u00fc\u011f\u00fc<\/strong> taraf\u0131ndan y\u00fcr\u00fct\u00fcld\u00fc\u011f\u00fcn\u00fc hat\u0131rlatan<strong> \u00d6zdikmen<\/strong>, yerel y\u00f6netimlerin de ta\u015fk\u0131nlar ile ilgili planlama ve \u0131slah \u00e7al\u0131\u015fmalar\u0131nda daha fazla sorumluluk almalar\u0131 gerekti\u011fine vurgu yaparak ta\u015fk\u0131n y\u00f6netim planlar\u0131nda belirlenen tedbirlerin projelendirilmesi ve uygulanmas\u0131nda yerel y\u00f6netimlerin s\u00fcrece dahil olmas\u0131n\u0131n, ta\u015fk\u0131nlar\u0131n olas\u0131 etkilerini engellemede faydal\u0131 olaca\u011f\u0131n\u0131 ifade etti.<\/p>\n<h3><strong>Y\u00f6netim plan\u0131, de\u011fi\u015fen dinamikler de g\u00f6z \u00f6n\u00fcne al\u0131narak yap\u0131lmal\u0131<\/strong><\/h3>\n<p>Afetlerin engellenmesinde ve etkilerinin azalt\u0131lmas\u0131nda, mevcut teknolojinin t\u00fcm imkanlar\u0131n\u0131 kullanarak T\u00fcrkiye\u2019nin yan\u0131 s\u0131ra yurt d\u0131\u015f\u0131nda pek \u00e7ok \u00fclkede bilgi birikimi ve tecr\u00fcbelerini payla\u015farak faaliyetlerini s\u00fcrd\u00fcrd\u00fcklerini belirten \u00d6zdikmen, y\u00f6netim planlar\u0131 yap\u0131l\u0131rken b\u00f6lgenin de\u011fi\u015fen dinamiklerinin de dikkate al\u0131nmas\u0131 gerekti\u011fini hat\u0131rlatt\u0131 ve <span style=\"text-decoration: underline;\">\u015fu \u00f6rnekleri verdi:<\/span><\/p>\n<p><em>\u201cSu Y\u00f6netimi Genel M\u00fcd\u00fcrl\u00fc\u011f\u00fc 2021 y\u0131l\u0131nda, <strong>iklim de\u011fi\u015fikli\u011finde<\/strong> ve <strong>ta\u015fk\u0131n frekanslar\u0131nda<\/strong> meydana gelen art\u0131\u015flar\u0131 da g\u00f6z \u00f6n\u00fcne alarak, ta\u015fk\u0131n y\u00f6netim planlar\u0131n\u0131n tamamlanmas\u0131n\u0131n \u00fczerinden 3 y\u0131l ge\u00e7mi\u015f olan havzalarda dahi g\u00fcncelleme \u00e7al\u0131\u015fmalar\u0131n\u0131 ba\u015flatm\u0131\u015ft\u0131r. Bu kapsamda, <strong>Sakarya Havzas\u0131 Ta\u015fk\u0131n Y\u00f6netim Plan\u0131 G\u00fcncelleme projesi<\/strong> kapsam\u0131nda, havza genelinde risklerin belirlenmesi ve bu riskleri ortadan kald\u0131rmak ad\u0131na tedbirlerin ortaya konmas\u0131 firmam\u0131z taraf\u0131ndan ger\u00e7ekle\u015ftirilmektedir. Projenin amac\u0131, <strong>Su Y\u00f6netimi Genel M\u00fcd\u00fcrl\u00fc\u011f\u00fc<\/strong> taraf\u0131ndan <strong>haz\u0131rlatt\u0131r\u0131lm\u0131\u015f<\/strong> ve <strong>2018 y\u0131l\u0131nda tamamlanm\u0131\u015f<\/strong> olan <strong>Sakarya Havzas\u0131 Ta\u015fk\u0131n Y\u00f6netim Plan\u0131n\u0131n, de\u011fi\u015fen ya\u011f\u0131\u015f rejimi, uygulanan ta\u015fk\u0131n \u00f6nlemleri, geni\u015fleyen yerle\u015fim yerleri de g\u00f6z \u00f6n\u00fcne al\u0131narak, daha geni\u015f \u00e7apl\u0131 \u015fekilde \u00e7al\u0131\u015f\u0131lmas\u0131<\/strong> ve g\u00fcncel bir ta\u015fk\u0131n y\u00f6netim plan\u0131n\u0131n ortaya konmas\u0131d\u0131r. Ayr\u0131ca halihaz\u0131rda <strong>ALTER Uluslararas\u0131 M\u00fchendislik ve M\u00fc\u015favirlik A.\u015e.<\/strong> uhdesinde y\u00fcr\u00fct\u00fclen ve 2020 y\u0131l\u0131nda ihale edilmi\u015f olan <strong>\u201cBosna Hersek Ta\u015fk\u0131n Y\u00f6netim Plan\u0131n\u0131n Haz\u0131rlanmas\u0131\u201d projesi<\/strong> kapsam\u0131nda, benzer \u015fekilde riskler belirlenmi\u015f ve olas\u0131 tedbirler, fayda maliyet ve olas\u0131 etkiler ile birlikte ortaya konmu\u015ftur.\u201d<\/em><\/p>","protected":false},"excerpt":{"rendered":"<p>Sorry, this entry is only available in Turkish. For the sake of viewer convenience, the content is shown below in the alternative language. You may click the link to switch the active language. \u201cGenellikle 6 senede bir g\u00fcncellenen ta\u015fk\u0131n y\u00f6netim planlar\u0131, de\u011fi\u015fen iklim ko\u015fullar\u0131na uyarl\u0131 olarak daha s\u0131k g\u00fcncellenmeli\u201d \u0130klim de\u011fi\u015fikli\u011fi, yo\u011fun \u015fehirle\u015fme ve ani [&hellip;]<\/p>\n","protected":false},"author":1,"featured_media":172236,"comment_status":"open","ping_status":"open","sticky":false,"template":"","format":"standard","meta":[],"categories":[53],"tags":[108636,108633,1091,1999,108635,108634,108631,108632],"views":32,"_links":{"self":[{"href":"https:\/\/www.enerjigazetesi.ist\/en\/wp-json\/wp\/v2\/posts\/172231"}],"collection":[{"href":"https:\/\/www.enerjigazetesi.ist\/en\/wp-json\/wp\/v2\/posts"}],"about":[{"href":"https:\/\/www.enerjigazetesi.ist\/en\/wp-json\/wp\/v2\/types\/post"}],"author":[{"embeddable":true,"href":"https:\/\/www.enerjigazetesi.ist\/en\/wp-json\/wp\/v2\/users\/1"}],"replies":[{"embeddable":true,"href":"https:\/\/www.enerjigazetesi.ist\/en\/wp-json\/wp\/v2\/comments?post=172231"}],"version-history":[{"count":0,"href":"https:\/\/www.enerjigazetesi.ist\/en\/wp-json\/wp\/v2\/posts\/172231\/revisions"}],"wp:featuredmedia":[{"embeddable":true,"href":"https:\/\/www.enerjigazetesi.ist\/en\/wp-json\/wp\/v2\/media\/172236"}],"wp:attachment":[{"href":"https:\/\/www.enerjigazetesi.ist\/en\/wp-json\/wp\/v2\/media?parent=172231"}],"wp:term":[{"taxonomy":"category","embeddable":true,"href":"https:\/\/www.enerjigazetesi.ist\/en\/wp-json\/wp\/v2\/categories?post=172231"},{"taxonomy":"post_tag","embeddable":true,"href":"https:\/\/www.enerjigazetesi.ist\/en\/wp-json\/wp\/v2\/tags?post=172231"}],"curies":[{"name":"wp","href":"https:\/\/api.w.org\/{rel}","templated":true}]}}