{"id":172146,"date":"2023-03-31T12:26:08","date_gmt":"2023-03-31T09:26:08","guid":{"rendered":"https:\/\/www.enerjigazetesi.ist\/?p=172146"},"modified":"2023-03-31T12:28:25","modified_gmt":"2023-03-31T09:28:25","slug":"esarj-yarim-milyon-sarjlanma-ile-sektor-lideri","status":"publish","type":"post","link":"https:\/\/www.enerjigazetesi.ist\/en\/esarj-yarim-milyon-sarjlanma-ile-sektor-lideri\/","title":{"rendered":"(Turkish) &#8217;E\u015farj&#8217; Yar\u0131m Milyon \u015earjlanma ile Sekt\u00f6r Lideri"},"content":{"rendered":"<p class=\"qtranxs-available-languages-message qtranxs-available-languages-message-en\">Sorry, this entry is only available in <a href=\"https:\/\/www.enerjigazetesi.ist\/tr\/wp-json\/wp\/v2\/posts\/172146\" class=\"qtranxs-available-language-link qtranxs-available-language-link-tr\" title=\"Turkish\">Turkish<\/a>. For the sake of viewer convenience, the content is shown below in the alternative language. You may click the link to switch the active language.<\/p><p><\/p>\n<h2>Herkes i\u00e7in daha iyi bir gelecek vizyonuyla T\u00fcrkiye\u2019nin enerji d\u00f6n\u00fc\u015f\u00fcm\u00fcne \u00f6nc\u00fcl\u00fck eden lider da\u011f\u0131t\u0131m, perakende sat\u0131\u015f ve m\u00fc\u015fteri \u00e7\u00f6z\u00fcmleri \u015firketi Enerjisa Enerji\u2019nin i\u015ftiraki olan ve T\u00fcrkiye\u2019nin ilk ve en fazla h\u0131zl\u0131 \u015farj istasyonuna sahip \u015firketi E\u015farj, T\u00fcrkiye\u2019de elektrikli ara\u00e7 kullan\u0131m\u0131n\u0131n yayg\u0131nla\u015fmas\u0131 ile h\u0131zl\u0131 \u015farj istasyonu kurma konusunda ilk g\u00fcnden bu yana sekt\u00f6rdeki liderli\u011fini koruyor. T\u00fcrkiye\u2019nin d\u00f6rt bir yan\u0131ndaki \u015farj a\u011f\u0131n\u0131 her ge\u00e7en g\u00fcn art\u0131ran E\u015farj, 2009\u2019dan bu yana \u015farj operat\u00f6rl\u00fc\u011f\u00fc hizmetini sa\u011flayan ilk oyuncu olma \u00f6zelli\u011fini ta\u015f\u0131yor.<\/h2>\n<p>T\u00fcrkiye\u2019nin elektrikli ara\u00e7 \u015farj istasyonu a\u011f\u0131na yapt\u0131\u011f\u0131 yat\u0131r\u0131mlar ile elektrikli ara\u00e7 kullan\u0131c\u0131lar\u0131na en k\u0131sa s\u00fcrede \u015farjlanma imkan\u0131 veren E\u015farj, m\u00fc\u015fteri deneyimini en \u00fcst seviyeye ta\u015f\u0131mak i\u00e7in ekosistemindeki oyuncular ile yeni anla\u015fmalar yaparak etki alan\u0131n\u0131 geni\u015fletmeye devam ediyor. \u00d6zellikle <strong>al\u0131\u015fveri\u015f merkezleri, oteller, dinlenme tesisleri, akaryak\u0131t istasyonlar\u0131 ve restoranlar\u0131n yak\u0131n\u0131nda<\/strong> <img loading=\"lazy\" class=\"alignright wp-image-172149\" src=\"https:\/\/www.enerjigazetesi.ist\/wp-content\/uploads\/2023\/03\/1680253078_Murat_P__nar_Es__arj_I__stasyonu.jpg\" alt=\"\" width=\"320\" height=\"241\" srcset=\"https:\/\/www.enerjigazetesi.ist\/wp-content\/uploads\/2023\/03\/1680253078_Murat_P__nar_Es__arj_I__stasyonu.jpg 550w, https:\/\/www.enerjigazetesi.ist\/wp-content\/uploads\/2023\/03\/1680253078_Murat_P__nar_Es__arj_I__stasyonu-300x226.jpg 300w, https:\/\/www.enerjigazetesi.ist\/wp-content\/uploads\/2023\/03\/1680253078_Murat_P__nar_Es__arj_I__stasyonu-500x377.jpg 500w, https:\/\/www.enerjigazetesi.ist\/wp-content\/uploads\/2023\/03\/1680253078_Murat_P__nar_Es__arj_I__stasyonu-66x50.jpg 66w\" sizes=\"(max-width: 320px) 100vw, 320px\" \/>kurdu\u011fu<strong> \u015farj istasyonlar\u0131<\/strong> ile m\u00fc\u015fterilerine \u015farjlanma esnas\u0131nda dinlenme ve vakit ge\u00e7irme imkan\u0131 tan\u0131yor.<\/p>\n<h3><strong>2023 y\u0131l\u0131 sonuna kadar hedef: 81 ilde en az 1 DC h\u0131zl\u0131 \u015farj istasyonu<\/strong><\/h3>\n<p><strong>57<\/strong> \u015fehirdeki<strong> 383\u2019\u00fc<\/strong> h\u0131zl\u0131 \u015farj istasyonu<strong> (DC)<\/strong> ve <strong>163\u2019\u00fc AC<\/strong> olmak \u00fczere<strong> 546 \u015farj istasyonu<\/strong> ile faaliyet g\u00f6steren E\u015farj, kurulu g\u00fc\u00e7 a\u00e7\u0131s\u0131ndan T\u00fcrkiye\u2019nin en b\u00fcy\u00fck ve en \u00e7ok h\u0131zl\u0131 elektrikli ara\u00e7 \u015farj istasyon a\u011f\u0131yla sekt\u00f6r\u00fcn lideri olarak konumlan\u0131yor.\u00a0T\u00fcrkiye\u2019de en fazla <strong>h\u0131zl\u0131 \u015farj istasyon a\u011f\u0131na<\/strong> sahip olan\u00a0E\u015farj\u2019\u0131n yeni yat\u0131r\u0131mlar\u0131n\u0131n y\u00fczde 90\u2019\u0131ndan fazlas\u0131 DC h\u0131zl\u0131 \u015farj istasyonlar\u0131ndan olu\u015fuyor. <strong>DC<\/strong> h\u0131zl\u0131 \u015farj istasyonlar\u0131nda <strong>y\u00fczde 80<\/strong> \u015farjlanma seviyesine <strong>30 dakikada<\/strong> ula\u015f\u0131l\u0131rken, <strong>AC\u2019lerde<\/strong> bu s\u00fcre yakla\u015f\u0131k <strong>6-7 saat<\/strong> s\u00fcr\u00fcyor. Bu noktada <strong>DC \u015farj istasyonlar\u0131<\/strong> zamandan tasarruf sa\u011flama konusunda \u00fcst\u00fcn performans g\u00f6steriyor. E\u015farj, 2023 sonuna kadar <strong>81<\/strong> ilde <strong>en az 1 DC<\/strong> olmak \u00fczere toplam<strong> 1000 istasyon kurma hedefiyle<\/strong> \u00e7al\u0131\u015fmalar\u0131na devam ediyor.<\/p>\n<h3><strong>E\u015farj\u2019\u0131 T\u00fcrkiye\u2019 nin ilk ve en fazla h\u0131zl\u0131 \u015farj istasyonu a\u011f\u0131na sahip \u015firketi haline getirdik<\/strong><\/h3>\n<p>Elektrikli ara\u00e7 \u015farj istasyonu yat\u0131r\u0131mlar\u0131n\u0131n \u00fclkemizin bu alandaki potansiyeline duyduklar\u0131 g\u00fcvenin yans\u0131mas\u0131 oldu\u011funu belirten<strong>\u00a0E\u015farj Y\u00f6netim Kurulu Ba\u015fkan\u0131 ve Enerjisa Enerji CEO\u2019su Murat P\u0131nar\u00a0<\/strong>\u015f\u00f6yle devam etti:<strong>\u00a0<\/strong><em>\u201cEnerjisa Enerji olarak bug\u00fcn 3 b\u00f6lge, 14 \u015fehirde 21,5 milyondan fazla insan\u0131m\u0131z\u0131 gelece\u011fe ve refaha ta\u015f\u0131yan hayati bir hizmeti yerine getiriyoruz. Enerjisa Enerji\u2019nin bu yolculu\u011fundan edindi\u011fimiz tecr\u00fcbelerimiz ile i\u015ftirakimiz olan E\u015farj\u2019\u0131 \u00a0da bug\u00fcn T\u00fcrkiye\u2019nin ilk ve en \u00e7ok h\u0131zl\u0131 \u015farj istasyonuna sahip emobilite \u015firketi haline getirmeyi ba\u015fard\u0131k. Elektrikli ara\u00e7 \u015farj istasyonlar\u0131, elektrikli ara\u00e7 de\u011fer zincirinin en \u00f6nemli halkas\u0131 konumunda. \u00c7\u00fcnk\u00fc m\u00fc\u015fterilerimiz elektrikli ara\u00e7lar\u0131n menzili kadar ara\u00e7lar\u0131n\u0131 nas\u0131l bir deneyimle \u015farj edeceklerini de merak ediyor. Say\u0131s\u0131 her ge\u00e7en g\u00fcn artan h\u0131zl\u0131 \u015farj istasyonlar\u0131m\u0131z ile g\u00fcc\u00fcm\u00fcze g\u00fc\u00e7 kat\u0131yor ve m\u00fc\u015fterilerimizin elektrikli ara\u00e7 deneyimlerine katk\u0131 sunuyoruz. An itibar\u0131yla E\u015farj ile yar\u0131m milyona ula\u015fan \u015farjlanma say\u0131s\u0131na ula\u015fm\u0131\u015f olmam\u0131z\u0131, m\u00fc\u015fterilerimizin bize duydu\u011fu g\u00fcvenin bir g\u00f6stergesi olarak de\u011ferlendiriyoruz.<\/em><\/p>\n<p><em>Elektrikli ara\u00e7 kullan\u0131c\u0131lar\u0131n\u0131n istasyonlarda ge\u00e7irece\u011fi vaktin k\u0131ymetini biliyoruz. Biz de E\u015farj olarak, zaman\u0131 verimli kullanma konusunun \u00fczerine giderek DC \u015farj istasyonlar\u0131na a\u011f\u0131rl\u0131k veriyor, m\u00fc\u015fterilerimizin daha \u00e7ok zaman ge\u00e7irdi\u011fi alanlarda olmaya, \u015farj s\u00fcresince zaman\u0131n\u0131 faydal\u0131 kullanaca\u011f\u0131 b\u00f6lgelerde konumlanmaya \u00f6zellikle dikkat ediyoruz. E\u015farj olarak temel amac\u0131m\u0131z, m\u00fc\u015fterilerimizin \u015farj i\u00e7in arac\u0131n\u0131 belirli bir noktaya g\u00f6t\u00fcrmek zorunda kalmaks\u0131z\u0131n kendine en yak\u0131n ve tercih etti\u011fi noktalarda \u00f6zel bir deneyim ya\u015famas\u0131.\u201d<\/em> dedi.<\/p>\n<p>E\u015farj, <strong>T\u00fcrkiye\u2019nin ilk \u015farj\u00a0operat\u00f6r\u00fc<\/strong>, <strong>ilk yenilebilir enerji sertifikas\u0131 alan \u015farj operat\u00f6r\u00fc<\/strong> (IREC, YEK-G), <strong>ilk DC \u015farj istasyonu<\/strong> ve <strong>elektrikli ara\u00e7 markalar\u0131 ile anla\u015fmal\u0131 ilk \u015farj operat\u00f6r\u00fc<\/strong> olarak \u00f6ne \u00e7\u0131k\u0131yor.<strong>\u00a0<\/strong>Ayr\u0131ca <strong>T\u00fcrkiye\u2019nin en b\u00fcy\u00fck \u015farj projesi<\/strong>, d\u00fcnyada da bir ilk olan \u0130stanbul Havaalan\u0131\u2019n\u0131n a\u00e7\u0131l\u0131\u015f\u0131 ile birlikte kurulan 20 tane DC istasyon 7\/24 kesintisiz hizmet veriyor. Havaalan\u0131nda bulunan \u015farj istasyonu toplam 1 MW g\u00fc\u00e7 ile <strong>T\u00fcrkiye\u2019nin aktif olarak hizmet veren en b\u00fcy\u00fck \u015farj alan\u0131 olma \u00f6zelli\u011fi ta\u015f\u0131yor<\/strong>.<\/p>","protected":false},"excerpt":{"rendered":"<p>Sorry, this entry is only available in Turkish. For the sake of viewer convenience, the content is shown below in the alternative language. You may click the link to switch the active language. Herkes i\u00e7in daha iyi bir gelecek vizyonuyla T\u00fcrkiye\u2019nin enerji d\u00f6n\u00fc\u015f\u00fcm\u00fcne \u00f6nc\u00fcl\u00fck eden lider da\u011f\u0131t\u0131m, perakende sat\u0131\u015f ve m\u00fc\u015fteri \u00e7\u00f6z\u00fcmleri \u015firketi Enerjisa Enerji\u2019nin [&hellip;]<\/p>\n","protected":false},"author":1,"featured_media":172149,"comment_status":"open","ping_status":"open","sticky":false,"template":"","format":"standard","meta":[],"categories":[51,53],"tags":[102397,37787,108604,1273,108603],"views":56,"_links":{"self":[{"href":"https:\/\/www.enerjigazetesi.ist\/en\/wp-json\/wp\/v2\/posts\/172146"}],"collection":[{"href":"https:\/\/www.enerjigazetesi.ist\/en\/wp-json\/wp\/v2\/posts"}],"about":[{"href":"https:\/\/www.enerjigazetesi.ist\/en\/wp-json\/wp\/v2\/types\/post"}],"author":[{"embeddable":true,"href":"https:\/\/www.enerjigazetesi.ist\/en\/wp-json\/wp\/v2\/users\/1"}],"replies":[{"embeddable":true,"href":"https:\/\/www.enerjigazetesi.ist\/en\/wp-json\/wp\/v2\/comments?post=172146"}],"version-history":[{"count":0,"href":"https:\/\/www.enerjigazetesi.ist\/en\/wp-json\/wp\/v2\/posts\/172146\/revisions"}],"wp:featuredmedia":[{"embeddable":true,"href":"https:\/\/www.enerjigazetesi.ist\/en\/wp-json\/wp\/v2\/media\/172149"}],"wp:attachment":[{"href":"https:\/\/www.enerjigazetesi.ist\/en\/wp-json\/wp\/v2\/media?parent=172146"}],"wp:term":[{"taxonomy":"category","embeddable":true,"href":"https:\/\/www.enerjigazetesi.ist\/en\/wp-json\/wp\/v2\/categories?post=172146"},{"taxonomy":"post_tag","embeddable":true,"href":"https:\/\/www.enerjigazetesi.ist\/en\/wp-json\/wp\/v2\/tags?post=172146"}],"curies":[{"name":"wp","href":"https:\/\/api.w.org\/{rel}","templated":true}]}}