{"id":172141,"date":"2023-03-31T12:12:02","date_gmt":"2023-03-31T09:12:02","guid":{"rendered":"https:\/\/www.enerjigazetesi.ist\/?p=172141"},"modified":"2023-03-31T12:12:02","modified_gmt":"2023-03-31T09:12:02","slug":"aksa-enerji-yonetim-kurulundan-1-milyar-tllik-kar-payi-teklifi","status":"publish","type":"post","link":"https:\/\/www.enerjigazetesi.ist\/en\/aksa-enerji-yonetim-kurulundan-1-milyar-tllik-kar-payi-teklifi\/","title":{"rendered":"(Turkish) Aksa Enerji Y\u00f6netim Kurulu\u2019ndan 1 Milyar TL\u2019lik Kar Pay\u0131 Teklifi"},"content":{"rendered":"<p class=\"qtranxs-available-languages-message qtranxs-available-languages-message-en\">Sorry, this entry is only available in <a href=\"https:\/\/www.enerjigazetesi.ist\/tr\/wp-json\/wp\/v2\/posts\/172141\" class=\"qtranxs-available-language-link qtranxs-available-language-link-tr\" title=\"Turkish\">Turkish<\/a>. For the sake of viewer convenience, the content is shown below in the alternative language. You may click the link to switch the active language.<\/p><p><\/p>\n<h2><strong>T\u00fcrkiye\u2019nin halka a\u00e7\u0131k en b\u00fcy\u00fck global elektrik \u00fcreticisi Aksa Enerji, ald\u0131\u011f\u0131 Y\u00f6netim Kurulu karar\u0131yla br\u00fct 1 milyar TL k\u00e2r pay\u0131 da\u011f\u0131t\u0131m teklifini pay sahiplerinin onay\u0131na <img loading=\"lazy\" class=\"alignright wp-image-172143\" src=\"https:\/\/www.enerjigazetesi.ist\/wp-content\/uploads\/2023\/03\/aksa-enerji-yonetim-kurulundan-1-milyar-tllik-kar-payi-teklifi.jpg\" alt=\"\" width=\"320\" height=\"240\" srcset=\"https:\/\/www.enerjigazetesi.ist\/wp-content\/uploads\/2023\/03\/aksa-enerji-yonetim-kurulundan-1-milyar-tllik-kar-payi-teklifi.jpg 550w, https:\/\/www.enerjigazetesi.ist\/wp-content\/uploads\/2023\/03\/aksa-enerji-yonetim-kurulundan-1-milyar-tllik-kar-payi-teklifi-300x225.jpg 300w, https:\/\/www.enerjigazetesi.ist\/wp-content\/uploads\/2023\/03\/aksa-enerji-yonetim-kurulundan-1-milyar-tllik-kar-payi-teklifi-500x375.jpg 500w, https:\/\/www.enerjigazetesi.ist\/wp-content\/uploads\/2023\/03\/aksa-enerji-yonetim-kurulundan-1-milyar-tllik-kar-payi-teklifi-67x50.jpg 67w\" sizes=\"(max-width: 320px) 100vw, 320px\" \/>sunacak.<\/strong><\/h2>\n<p>Aksa Enerji, ald\u0131\u011f\u0131 Y\u00f6netim Kurulu karar\u0131yla <strong>2 May\u0131s 2023 Sal\u0131<\/strong> g\u00fcn\u00fc ger\u00e7ekle\u015ftirilecek Ola\u011fan Genel Kurul Toplant\u0131s\u0131\u2019nda <strong>br\u00fct 1 milyar TL<\/strong> tutar\u0131nda <strong>k\u00e2r pay\u0131 da\u011f\u0131t\u0131m\u0131 teklifini<\/strong> pay sahiplerinin <strong>onay\u0131na sunacak. <\/strong><\/p>\n<p>Yurt d\u0131\u015f\u0131 yat\u0131r\u0131mlar\u0131ndan elde etti\u011fi d\u00f6viz bazl\u0131 gelirlerin katk\u0131s\u0131yla 2022 y\u0131l\u0131nda net k\u00e2r\u0131n\u0131 bir \u00f6nceki y\u0131la g\u00f6re y\u00fczde 172 art\u0131rarak <strong>4,6 milyar TL<\/strong> seviyesine \u00e7\u0131karan<strong> Aksa Enerji<\/strong>, al\u0131nan <strong>Y\u00f6netim Kurulu karar\u0131yla<\/strong> s\u0131n\u0131rlar\u0131 a\u015fan finansal ba\u015far\u0131s\u0131n\u0131 ge\u00e7en sene oldu\u011fu gibi bu sene de hissedarlar\u0131yla payla\u015fmaya devam etmeye haz\u0131rlan\u0131yor. Teklif kabul edilirse \u015firket<strong> 1 TL<\/strong> nominal de\u011ferli <strong>pay ba\u015f\u0131na net 0,734 TL<\/strong> k\u00e2r pay\u0131 \u00f6demesi ger\u00e7ekle\u015ftirecek.<\/p>","protected":false},"excerpt":{"rendered":"<p>Sorry, this entry is only available in Turkish. For the sake of viewer convenience, the content is shown below in the alternative language. You may click the link to switch the active language. T\u00fcrkiye\u2019nin halka a\u00e7\u0131k en b\u00fcy\u00fck global elektrik \u00fcreticisi Aksa Enerji, ald\u0131\u011f\u0131 Y\u00f6netim Kurulu karar\u0131yla br\u00fct 1 milyar TL k\u00e2r pay\u0131 da\u011f\u0131t\u0131m teklifini [&hellip;]<\/p>\n","protected":false},"author":1,"featured_media":172143,"comment_status":"open","ping_status":"open","sticky":false,"template":"","format":"standard","meta":[],"categories":[51,53],"tags":[1571,26353,108602],"views":42,"_links":{"self":[{"href":"https:\/\/www.enerjigazetesi.ist\/en\/wp-json\/wp\/v2\/posts\/172141"}],"collection":[{"href":"https:\/\/www.enerjigazetesi.ist\/en\/wp-json\/wp\/v2\/posts"}],"about":[{"href":"https:\/\/www.enerjigazetesi.ist\/en\/wp-json\/wp\/v2\/types\/post"}],"author":[{"embeddable":true,"href":"https:\/\/www.enerjigazetesi.ist\/en\/wp-json\/wp\/v2\/users\/1"}],"replies":[{"embeddable":true,"href":"https:\/\/www.enerjigazetesi.ist\/en\/wp-json\/wp\/v2\/comments?post=172141"}],"version-history":[{"count":0,"href":"https:\/\/www.enerjigazetesi.ist\/en\/wp-json\/wp\/v2\/posts\/172141\/revisions"}],"wp:featuredmedia":[{"embeddable":true,"href":"https:\/\/www.enerjigazetesi.ist\/en\/wp-json\/wp\/v2\/media\/172143"}],"wp:attachment":[{"href":"https:\/\/www.enerjigazetesi.ist\/en\/wp-json\/wp\/v2\/media?parent=172141"}],"wp:term":[{"taxonomy":"category","embeddable":true,"href":"https:\/\/www.enerjigazetesi.ist\/en\/wp-json\/wp\/v2\/categories?post=172141"},{"taxonomy":"post_tag","embeddable":true,"href":"https:\/\/www.enerjigazetesi.ist\/en\/wp-json\/wp\/v2\/tags?post=172141"}],"curies":[{"name":"wp","href":"https:\/\/api.w.org\/{rel}","templated":true}]}}