{"id":172129,"date":"2023-03-31T11:36:45","date_gmt":"2023-03-31T08:36:45","guid":{"rendered":"https:\/\/www.enerjigazetesi.ist\/?p=172129"},"modified":"2023-03-31T11:36:45","modified_gmt":"2023-03-31T08:36:45","slug":"iklim-degisimi-etkisi-altinda-bir-gelecekte-yasam-raporu-yayinlandi","status":"publish","type":"post","link":"https:\/\/www.enerjigazetesi.ist\/en\/iklim-degisimi-etkisi-altinda-bir-gelecekte-yasam-raporu-yayinlandi\/","title":{"rendered":"(Turkish) &#8217;\u0130klim De\u011fi\u015fimi Etkisi Alt\u0131nda Bir Gelecekte Ya\u015fam&#8217; Raporu Yay\u0131nland\u0131"},"content":{"rendered":"<p class=\"qtranxs-available-languages-message qtranxs-available-languages-message-en\">Sorry, this entry is only available in <a href=\"https:\/\/www.enerjigazetesi.ist\/tr\/wp-json\/wp\/v2\/posts\/172129\" class=\"qtranxs-available-language-link qtranxs-available-language-link-tr\" title=\"Turkish\">Turkish<\/a>. For the sake of viewer convenience, the content is shown below in the alternative language. You may click the link to switch the active language.<\/p><p><\/p>\n<h2>Ericsson, g\u00fcn\u00fcm\u00fcz teknolojilerine h\u0131zla adapte olan ki\u015filerin kat\u0131l\u0131m\u0131yla bir ara\u015ft\u0131rma ger\u00e7ekle\u015ftirdi. Ara\u015ft\u0131rmaya d\u00fcnya \u00e7ap\u0131nda 15.000&#8217;den fazla ki\u015fi kat\u0131ld\u0131. Kat\u0131l\u0131mc\u0131lar\u0131n neredeyse y\u00fczde 99&#8217;u, iklim de\u011fi\u015fikli\u011finin ve k\u00fcresel \u0131s\u0131nman\u0131n etkisini bireysel d\u00fczeyde azaltmak ad\u0131na 2030 y\u0131l\u0131na kadar proaktif olarak internet ve ba\u011flant\u0131 tabanl\u0131 \u00e7\u00f6z\u00fcmlere y\u00f6nelmeyi d\u00fc\u015f\u00fcnd\u00fcklerini dile getiriyor. Bu istatistik, Ericsson ConsumerLab&#8217;in bu y\u0131l \u2018\u0130klim De\u011fi\u015fimi Etkisi Alt\u0131nda Bir Gelecekte Ya\u015fam\u2019 (Life in a Climate-Impacted Future) ad\u0131yla yay\u0131mlad\u0131\u011f\u0131 En Pop\u00fcler 10 T\u00fcketici Trendi ba\u015fl\u0131kl\u0131 y\u0131ll\u0131k ara\u015ft\u0131rmas\u0131nda yer al\u0131yor.<\/h2>\n<p style=\"text-align: center;\"><img loading=\"lazy\" class=\"aligncenter wp-image-172131\" src=\"https:\/\/www.enerjigazetesi.ist\/wp-content\/uploads\/2023\/03\/iklim-degisimi-etkisi-altinda-bir-gelecekte-yasam-raporu-yayinlandi.jpg\" alt=\"\" width=\"500\" height=\"299\" srcset=\"https:\/\/www.enerjigazetesi.ist\/wp-content\/uploads\/2023\/03\/iklim-degisimi-etkisi-altinda-bir-gelecekte-yasam-raporu-yayinlandi.jpg 567w, https:\/\/www.enerjigazetesi.ist\/wp-content\/uploads\/2023\/03\/iklim-degisimi-etkisi-altinda-bir-gelecekte-yasam-raporu-yayinlandi-300x179.jpg 300w, https:\/\/www.enerjigazetesi.ist\/wp-content\/uploads\/2023\/03\/iklim-degisimi-etkisi-altinda-bir-gelecekte-yasam-raporu-yayinlandi-500x299.jpg 500w, https:\/\/www.enerjigazetesi.ist\/wp-content\/uploads\/2023\/03\/iklim-degisimi-etkisi-altinda-bir-gelecekte-yasam-raporu-yayinlandi-80x48.jpg 80w\" sizes=\"(max-width: 500px) 100vw, 500px\" \/><\/p>\n<p>Ocak 2023\u2019te 12. say\u0131s\u0131 yay\u0131mlanan rapor, bu y\u0131l t\u00fcketicilerin 2030&#8217;daki iklim sorunlar\u0131na ili\u015fkin endi\u015felerini, beklentilerini ve ki\u015fisel teknoloji tercihlerini \u00f6zetliyor.<\/p>\n<p>Ara\u015ft\u0131rmaya kat\u0131lanlar\u0131n yakla\u015f\u0131k <strong>y\u00fczde 83<\/strong>&#8216;\u00fc, uluslararas\u0131 anla\u015fmalara uyulmad\u0131\u011f\u0131 takdirde <strong>daha a\u015f\u0131r\u0131 hava olaylar\u0131<\/strong> ve <strong>olumsuz iklim sonu\u00e7lar\u0131n\u0131n ya\u015fanmas\u0131n\u0131n<\/strong> muhtemel oldu\u011funu d\u00fc\u015f\u00fcn\u00fcyor.<\/p>\n<p>B\u00fcy\u00fck\u015fehirlerde ya\u015fayan ve g\u00fcn\u00fcm\u00fcz teknolojilerini h\u0131zla benimseyenlerin yakla\u015f\u0131k y\u00fczde 55&#8217;i, iklim de\u011fi\u015fikli\u011finin ya\u015famlar\u0131 \u00fczerinde olumsuz etkileri olaca\u011f\u0131n\u0131 d\u00fc\u015f\u00fcn\u00fcyor. Buna kar\u015f\u0131 bir \u00f6nlem olarak ba\u011flant\u0131 hizmetlerine y\u00f6nelinmesi bekleniyor.<\/p>\n<p>Ba\u015fl\u0131ca endi\u015feler aras\u0131nda ge\u00e7im masraf\u0131, enerji ve materyal kaynaklar\u0131na eri\u015fim zorlu\u011fu ve k\u00f6t\u00fc hava \u015fartlar\u0131nda g\u00fcvenli ba\u011flant\u0131 kurma ihtiyac\u0131 yer al\u0131yor. Ara\u015ft\u0131rmaya kat\u0131lanlar\u0131n neredeyse y\u00fczde 59\u2019u ise, 2030\u2019lu y\u0131llara gelindi\u011finde iklim de\u011fi\u015fikli\u011finin yol a\u00e7t\u0131\u011f\u0131 g\u00fcnl\u00fck zorluklar\u0131n \u00fcstesinden gelmek i\u00e7in \u00a0inovasyon ve teknolojinin hayati \u00f6nem ta\u015f\u0131yaca\u011f\u0131n\u0131 belirtiyor.<\/p>\n<h3><strong>ConsumerLab trendler i\u00e7in 15.000\u2019den fazla ki\u015finin fikrini ald\u0131<\/strong><\/h3>\n<p>D\u00fcnya \u00e7ap\u0131nda 30 \u015fehirde, artt\u0131r\u0131lm\u0131\u015f ger\u00e7eklik, sanal ger\u00e7eklik ve dijital asistanlar\u0131 erken kullanmaya ba\u015flayan 15.000&#8217;den fazla ki\u015fiden, 15 farkl\u0131 alana yay\u0131lm\u0131\u015f 120 dijital hizmet fikrini de\u011ferlendirmeleri istendi. De\u011ferlendirmeye dahil edilen konular, g\u00fcnl\u00fck hayatta ger\u00e7ekle\u015ftirilen iklime y\u00f6nelik adaptasyon faaliyetlerinden zorlu hava olaylar\u0131yla ba\u015fa \u00e7\u0131kma yollar\u0131na kadar uzanan geni\u015f bir yelpazeye sahipti.<\/p>\n<p><strong>Ericsson ConsumerLab uzmanlar\u0131<\/strong>, elde edilen verileri kullanarak t\u00fcketici yan\u0131tlar\u0131n\u0131 grupland\u0131rd\u0131\u011f\u0131 10 trend alan\u0131 olu\u015fturdu.<\/p>\n<p>Konuyla ilgili yorumda bulunan <strong>Ericsson Ara\u015ft\u0131rma Ba\u015fkan\u0131 Magnus Frodigh<\/strong>, \u015fu ifadelere yer veriyor: <em>\u201cT\u00fcketiciler, \u015fiddetli hava de\u011fi\u015fikliklerinin ve olumsuz iklim ko\u015fullar\u0131n\u0131n art\u0131\u015f g\u00f6stermesini bekliyor. Bu y\u00fczden, g\u00fcvenilir ve dayan\u0131kl\u0131 internet ba\u011flant\u0131s\u0131n\u0131n hem g\u00fcnl\u00fck ya\u015fam\u0131 hem de iklim de\u011fi\u015fikli\u011fine \u00e7\u00f6z\u00fcm getirmeye y\u00f6nelik ki\u015fisel \u00e7abalar\u0131 destekleyece\u011fini dile getiriyor. \u0130nsanlar, ihtiya\u00e7 duyulan bu ba\u011flant\u0131n\u0131n h\u0131zl\u0131 bir \u015fekilde, k\u00fcresel \u00f6l\u00e7ekte devreye al\u0131nmas\u0131n\u0131 bekliyor.\u201d<\/em><\/p>\n<p>G\u00fcn\u00fcm\u00fcz teknolojilerine h\u0131zl\u0131 adapte olanlar\u0131n b\u00fcy\u00fck \u00e7o\u011funlu\u011fu, <strong>iklim de\u011fi\u015fikli\u011finin<\/strong> hayat\u0131m\u0131z\u0131n bir ger\u00e7e\u011fi oldu\u011funa inan\u0131yor. Ayn\u0131 zamanda bunun sonu\u00e7lar\u0131n\u0131n 2030&#8217;lu y\u0131llara gelindi\u011finde ya\u015fam\u0131 \u015fimdikinden daha fazla etkileyece\u011fini d\u00fc\u015f\u00fcn\u00fcyor. Ekonomik durum ve ya\u015fam tarzlar\u0131 ara\u015ft\u0131rmaya kat\u0131lanlar i\u00e7in hizmet benimseme do\u011frultusunda en \u00f6nemli etken olarak kar\u015f\u0131m\u0131za \u00e7\u0131k\u0131yor. Bunun yan\u0131nda 2030 y\u0131llar\u0131nda<strong> g\u00fcnl\u00fck ya\u015famlar, \u00e7al\u0131\u015fma y\u00f6ntemleri, \u00e7al\u0131\u015fma saatleri<\/strong> ve <strong>i\u015f-ya\u015fam dengesi<\/strong> gibi b\u00fcy\u00fck \u00e7apl\u0131 de\u011fi\u015fimler olabilecek gibi g\u00f6r\u00fcn\u00fcyor.<\/p>\n<p>\u00d6rne\u011fin, &#8216;geleneksel&#8217; <strong>9-5 \u00e7al\u0131\u015fma saatleri<\/strong> gibi rutinlerin oldu\u011fu<strong> \u2018saat merkezlilikten\u2019<\/strong> uzakla\u015fmak, \u2018Acelesiz Mobilite\u2019 trendinin yayg\u0131nla\u015fmas\u0131n\u0131 sa\u011flayacak temel etmen olabilir. Saat merkezlilikten ziyade <strong>enerji kullan\u0131m\u0131n\u0131n zirve<\/strong> ve<strong> dip yapt\u0131\u011f\u0131 noktalara<\/strong> g\u00f6re hareket eden bir toplum d\u00fczeni yayg\u0131nla\u015fabilir.<\/p>\n<p>Kat\u0131l\u0131mc\u0131lar ayr\u0131ca, <strong>\u2018Dijital: Az\u0131 Karar, \u00c7o\u011fu Yarar\u2019<\/strong> trendinde de ana hatlar\u0131yla belirtildi\u011fi \u00fczere yapay zekan\u0131n kullan\u0131m alan\u0131n\u0131n geni\u015fleyip t\u00fcketici davran\u0131\u015f\u0131n\u0131 kapsam\u0131na almas\u0131n\u0131 umuyor. \u00d6rne\u011fin, t\u00fcketicilerin fiziksel \u00fcr\u00fcnlere dijital alternatifler bularak materyal t\u00fcketimini azaltmalar\u0131na yard\u0131mc\u0131 olmas\u0131n\u0131 bekliyor.<\/p>\n<p>Raporun yazarlar\u0131ndan <strong>Ericsson ConsumerLab Konsept Geli\u015ftirme Ba\u015fkan\u0131 Sara Thorson<\/strong>, belirlenen trendlerden bir di\u011feri olan <strong>Ak\u0131ll\u0131 Su<\/strong>&#8216;yla ilgili de\u011ferlendirmesinde<span style=\"text-decoration: underline;\"> \u015funlar\u0131 dile getiriyor:<\/span> <em>\u201cKarne uygulamas\u0131 g\u00fcn\u00fcm\u00fczdekinden \u00e7ok daha yayg\u0131n hale gelirse, <strong>su kullan\u0131m\u0131<\/strong> da \u00f6nemli \u00f6l\u00e7\u00fcde de\u011fi\u015febilir. Teknolojilere h\u0131zl\u0131 adapte olanlar\u0131n yakla\u015f\u0131k y\u00fczde 64\u2019\u00fc, 2030&#8217;lu y\u0131llara gelindi\u011finde t\u00fcm vatanda\u015flar\u0131n dijital d\u00fczenlemelere tabi belirli miktarlarda ayl\u0131k su hakk\u0131na sahip olaca\u011f\u0131n\u0131 \u00f6ng\u00f6r\u00fcyor.\u201d<\/em><\/p>\n<p>Ericsson T\u00fcketici ve IndustryLab\u2019de Ara\u015ft\u0131rma Program\u0131 Ba\u015fkanl\u0131\u011f\u0131 g\u00f6revini \u00fcstlenen ve ilk yay\u0131mland\u0131\u011f\u0131 y\u0131l olan 2011\u2019den bu yana <strong>En Pop\u00fcler 10 T\u00fcketici Trendi raporunun<\/strong> liderli\u011fini yapan <strong>Dr. Michael Bj\u00f6rn<\/strong>, t\u00fcketicilerin iklim de\u011fi\u015fikli\u011fi etkisine y\u00f6nelik \u00e7\u00f6z\u00fcmlerin k\u00f6t\u00fcye kullan\u0131lma riski ta\u015f\u0131d\u0131\u011f\u0131n\u0131 da d\u00fc\u015f\u00fcnd\u00fc\u011f\u00fcn\u00fc dile getiriyor.<\/p>\n<p>\u201c\u0130klim Doland\u0131r\u0131c\u0131lar\u0131 trendine bakt\u0131\u011f\u0131m\u0131zda, iklim odakl\u0131 herhangi bir eyleme uyum g\u00f6sterme konusunda ne yaz\u0131k ki olduk\u00e7a ger\u00e7ek bir endi\u015feyle y\u00fcz y\u00fcze geliyoruz. Bir faturan\u0131n \u00f6denmesi veya veri kay\u0131tlar\u0131 tutulmas\u0131 gibi iklim etkisi d\u00fczenlemelerine uymayacak hilekarlarla kar\u015f\u0131la\u015fabiliriz. Ara\u015ft\u0131rmaya kat\u0131lanlar\u0131n yakla\u015f\u0131k y\u00fczde 72&#8217;si, iklim de\u011fi\u015fikli\u011fi ba\u011flam\u0131nda ki\u015fisel k\u0131sa vadeli kazan\u00e7 elde etmek ad\u0131na \u00e7evresel k\u0131s\u0131tlamalar\u0131 atlatmak i\u00e7in dijital teknolojinin kullan\u0131laca\u011f\u0131n\u0131 d\u00fc\u015f\u00fcn\u00fcyor. Bu, hizmetlerin g\u00fcvenilirli\u011fine odaklanman\u0131n artan \u00f6nemine ili\u015fkin b\u00fcy\u00fck bir uyar\u0131 olarak de\u011ferlendirilmelidir.\u201d<\/p>\n<h3><strong>En Pop\u00fcler 10 T\u00fcketici Trendi Raporu\u2019na g\u00f6re belirli trendler \u00f6ne \u00e7\u0131k\u0131yor<\/strong><\/h3>\n<p><strong>Harcamalardan K\u0131smak: <\/strong>Dijital hizmetler, t\u00fcketicilerin dengesiz iklim ko\u015fullar\u0131nda g\u0131da, enerji ve seyahat masraflar\u0131n\u0131 kontrol alt\u0131na almas\u0131n\u0131 sa\u011flayacak. Teknolojilere h\u0131zla adapte olan \u015fehirlilerin y\u00fczde 60&#8217;\u0131ndan fazlas\u0131, gelecekte ge\u00e7im masraf\u0131n\u0131n daha da y\u00fckselmesinden endi\u015fe duyuyor.<\/p>\n<p><strong>Kesintisiz Ba\u011flant\u0131:\u00a0<\/strong>\u015eiddetli hava olaylar\u0131 artt\u0131\u011f\u0131 takdirde, g\u00fcvenilir ve aksakl\u0131klara dayan\u0131kl\u0131 internet ba\u011flant\u0131s\u0131n\u0131n \u00f6nemi de bir o kadar artacak. Teknolojileri h\u0131zla benimseyen \u015fehirlilerin yakla\u015f\u0131k y\u00fczde 80&#8217;i, 2030&#8217;lu y\u0131llara gelindi\u011finde do\u011fal afetler s\u0131ras\u0131nda en uygun kapsama alanlar\u0131n\u0131 g\u00f6steren ak\u0131ll\u0131 sinyal konumu belirleyicilerin olaca\u011f\u0131n\u0131 d\u00fc\u015f\u00fcn\u00fcyor.<\/p>\n<p><strong>Acelesiz Mobilite:\u00a0<\/strong>\u0130klim d\u00fczenlemeleri ve enerji verimlili\u011fi kavramlar\u0131n\u0131n \u00a0anlam de\u011fi\u015ftirmesiyle, esnek olmayan i\u015f yap\u0131\u015f bi\u00e7imleri \u00a0ge\u00e7erlili\u011fini yitirebilir. Ara\u015ft\u0131rmaya kat\u0131lanlar\u0131n yakla\u015f\u0131k y\u00fczde 68&#8217;i, faaliyetlerini planlarken optimum zaman verimlili\u011fini de\u011fil, optimum enerji maliyetini temel alan planlay\u0131c\u0131lar\u0131 tercih edeceklerini dile getiriyor.<\/p>\n<p><strong>Yapay Zeka Kalkanlar\u0131:\u00a0<\/strong>G\u00fcnden g\u00fcne daha\u00f6ng\u00f6r\u00fclemeyen ve daha dengesiz bir hale gelecek hava olaylar\u0131 kar\u015f\u0131s\u0131nda, yapay zekan\u0131n t\u00fcketicileri koruyan hizmetleri m\u00fcmk\u00fcn k\u0131lmas\u0131 bekleniyor. Kat\u0131l\u0131mc\u0131lar\u0131n neredeyse yar\u0131s\u0131, kendi g\u00fcvenlikleri i\u00e7in ki\u015fiselle\u015ftirilmi\u015f hava durumu uyar\u0131 sistemlerini kullanacaklar\u0131n\u0131 s\u00f6yl\u00fcyor.<\/p>\n<p><strong>Yeni \u00c7al\u0131\u015fma Ortam\u0131:\u00a0<\/strong>Kurumsal karbon ayak izi k\u0131s\u0131tlamalar\u0131, artan maliyetler ve dijitalle\u015fmenin kazand\u0131\u011f\u0131 y\u00fcksek ivme, gelece\u011fin i\u015f rutinlerine \u015fekil veriyor. Her 10 kat\u0131l\u0131mc\u0131dan yedisi, \u015firketlerin yapay zeka asistanlar\u0131n\u0131n i\u015f kaynakl\u0131 karbon ayak izini en aza indirmek amac\u0131yla i\u015f-ev aras\u0131 seyahatleri, yerine getirilecek g\u00f6revleri ve kullan\u0131lacak kaynaklar\u0131 planlayaca\u011f\u0131n\u0131 \u00f6ng\u00f6r\u00fcyor.<\/p>\n<p><strong>Ak\u0131ll\u0131 Su:\u00a0<\/strong>2030&#8217;lu y\u0131llarda tatl\u0131 su kaynaklar\u0131 azal\u0131rken, t\u00fcketiciler suyu korumak ve yeniden kullan\u0131m\u0131n\u0131 sa\u011flamak ad\u0131na daha ak\u0131ll\u0131 su hizmetlerinin geli\u015ftirilece\u011fini d\u00fc\u015f\u00fcn\u00fcyor. Teknolojileri h\u0131zla benimseyen \u015fehirlilerin yar\u0131s\u0131na yak\u0131n\u0131, evlerinin \u00e7at\u0131lar\u0131nda, balkonlar\u0131nda ve pencerelerinde ya\u011fmur ya\u011fd\u0131\u011f\u0131nda ya\u011fmur suyunu toplay\u0131p temizlemek i\u00e7in kendili\u011finden a\u00e7\u0131lan ak\u0131ll\u0131 su toplay\u0131c\u0131lar\u0131 bulunaca\u011f\u0131n\u0131 s\u00f6yl\u00fcyor.<\/p>\n<p><strong>Enerji Ekonomisi:\u00a0<\/strong>Dijital enerji payla\u015f\u0131m\u0131 hizmetleri, 2030&#8217;lu y\u0131llarda artan enerji maliyetlerinin y\u00fck\u00fcn\u00fc hafifletebilir. Kat\u0131l\u0131mc\u0131lar\u0131n y\u00fczde 65&#8217;inin, t\u00fcketicilerin 2030\u2019lu y\u0131llar geldi\u011finde mobil uygulamalar\u0131 kullanarak \u00fcr\u00fcn ve hizmetler i\u00e7in kWh cinsinden \u00f6deme yapabileceklerini \u00f6ng\u00f6rd\u00fc\u011f\u00fc g\u00f6z \u00f6n\u00fcne al\u0131nd\u0131\u011f\u0131nda, enerjinin bir para birimi haline gelece\u011fi s\u00f6ylenebilir.<\/p>\n<p><strong>Dijital: Az\u0131 Karar, \u00c7o\u011fu Yarar:\u00a0<\/strong>Fiziksel \u00fcr\u00fcnlerin a\u015f\u0131r\u0131 t\u00fcketimi hem daha maliyetli olabilece\u011fi hem de sosyal olarak ele\u015ftirilebilece\u011fi i\u00e7in dijital \u00fcr\u00fcn alternatifleri bir stat\u00fc g\u00f6stergesi haline gelebilir. Kat\u0131l\u0131mc\u0131lar\u0131n \u00fc\u00e7te biri, fiziksel \u00fcr\u00fcnlere dijital alternatifler \u00f6neren al\u0131\u015fveri\u015f uygulamalar\u0131n\u0131 tercih edeceklerini s\u00f6yledi\u011finden t\u00fcketim al\u0131\u015fkanl\u0131klar\u0131n\u0131n dijitalle\u015fmesi ivme kazanabilir.<\/p>\n<p><strong>Natureverse:\u00a0<\/strong>\u0130klim de\u011fi\u015fikli\u011finin devam etmesi ve olas\u0131 seyahat k\u0131s\u0131tlamalar\u0131n\u0131n uygulanmas\u0131yla beraber 2030&#8217;lu y\u0131llarda seyahat etmeden kentsel alanlarda do\u011fay\u0131 deneyimlemek bir standart haline gelebilir. Teknolojilere h\u0131zla adapte olan 10 \u015fehirliden d\u00f6rd\u00fc, tabiat\u0131 koruma alanlar\u0131n\u0131 ve da\u011f y\u00fcr\u00fcy\u00fc\u015flerini sanki oradaym\u0131\u015f\u00e7as\u0131na ger\u00e7ek zamanl\u0131 olarak deneyimlemelerini sa\u011flayan sanal bir seyahat hizmetini kullanmak istedi\u011fini dile getiriyor.<\/p>\n<p><strong>\u0130klim Hilekarlar\u0131:\u00a0<\/strong>Ara\u015ft\u0131rma kat\u0131l\u0131mc\u0131lar\u0131, daha y\u00fcksek fiyatlar ile enerji ve suya getirilen karne uygulamas\u0131 nedeniyle t\u00fcketicilerin gittik\u00e7e s\u0131k\u0131la\u015fan \u00e7evresel k\u0131s\u0131tlamalar\u0131 a\u015fman\u0131n yollar\u0131n\u0131 bulaca\u011f\u0131n\u0131 s\u00f6yl\u00fcyor. Kat\u0131l\u0131mc\u0131lar\u0131n yar\u0131s\u0131ndan fazlas\u0131, \u00e7evrim i\u00e7i bilgisayar korsanl\u0131\u011f\u0131 uygulamalar\u0131n\u0131n bu ki\u015filerin kom\u015fular\u0131n\u0131n su veya elektrik kaynaklar\u0131n\u0131 yasa d\u0131\u015f\u0131 bir \u015fekilde kullanmas\u0131n\u0131n \u00f6n\u00fcn\u00fc a\u00e7aca\u011f\u0131n\u0131 d\u00fc\u015f\u00fcn\u00fcyor.<\/p>\n<p>En Pop\u00fcler 10 T\u00fcketici Trendi: <a href=\"https:\/\/www.ericsson.com\/en\/reports-and-papers\/consumerlab\/reports\/10-hot-consumer-trends-climate-change-impacting-consumers\">\u0130klim Etkisi Alt\u0131nda Bir Gelecekte Ya\u015fam raporunun tamam\u0131n\u0131 okumak i\u00e7in bu linke t\u0131klay\u0131n.<\/a><\/p>","protected":false},"excerpt":{"rendered":"<p>Sorry, this entry is only available in Turkish. For the sake of viewer convenience, the content is shown below in the alternative language. You may click the link to switch the active language. Ericsson, g\u00fcn\u00fcm\u00fcz teknolojilerine h\u0131zla adapte olan ki\u015filerin kat\u0131l\u0131m\u0131yla bir ara\u015ft\u0131rma ger\u00e7ekle\u015ftirdi. Ara\u015ft\u0131rmaya d\u00fcnya \u00e7ap\u0131nda 15.000&#8217;den fazla ki\u015fi kat\u0131ld\u0131. Kat\u0131l\u0131mc\u0131lar\u0131n neredeyse y\u00fczde 99&#8217;u, [&hellip;]<\/p>\n","protected":false},"author":1,"featured_media":172131,"comment_status":"open","ping_status":"open","sticky":false,"template":"","format":"standard","meta":[],"categories":[53,157],"tags":[108599,108598,1999,47901],"views":35,"_links":{"self":[{"href":"https:\/\/www.enerjigazetesi.ist\/en\/wp-json\/wp\/v2\/posts\/172129"}],"collection":[{"href":"https:\/\/www.enerjigazetesi.ist\/en\/wp-json\/wp\/v2\/posts"}],"about":[{"href":"https:\/\/www.enerjigazetesi.ist\/en\/wp-json\/wp\/v2\/types\/post"}],"author":[{"embeddable":true,"href":"https:\/\/www.enerjigazetesi.ist\/en\/wp-json\/wp\/v2\/users\/1"}],"replies":[{"embeddable":true,"href":"https:\/\/www.enerjigazetesi.ist\/en\/wp-json\/wp\/v2\/comments?post=172129"}],"version-history":[{"count":0,"href":"https:\/\/www.enerjigazetesi.ist\/en\/wp-json\/wp\/v2\/posts\/172129\/revisions"}],"wp:featuredmedia":[{"embeddable":true,"href":"https:\/\/www.enerjigazetesi.ist\/en\/wp-json\/wp\/v2\/media\/172131"}],"wp:attachment":[{"href":"https:\/\/www.enerjigazetesi.ist\/en\/wp-json\/wp\/v2\/media?parent=172129"}],"wp:term":[{"taxonomy":"category","embeddable":true,"href":"https:\/\/www.enerjigazetesi.ist\/en\/wp-json\/wp\/v2\/categories?post=172129"},{"taxonomy":"post_tag","embeddable":true,"href":"https:\/\/www.enerjigazetesi.ist\/en\/wp-json\/wp\/v2\/tags?post=172129"}],"curies":[{"name":"wp","href":"https:\/\/api.w.org\/{rel}","templated":true}]}}