{"id":172109,"date":"2023-03-31T10:36:18","date_gmt":"2023-03-31T07:36:18","guid":{"rendered":"https:\/\/www.enerjigazetesi.ist\/?p=172109"},"modified":"2023-03-31T10:36:36","modified_gmt":"2023-03-31T07:36:36","slug":"sayac-ve-elektrik-arizalari-onceden-tespit-edilebilecek","status":"publish","type":"post","link":"https:\/\/www.enerjigazetesi.ist\/en\/sayac-ve-elektrik-arizalari-onceden-tespit-edilebilecek\/","title":{"rendered":"(Turkish) Saya\u00e7 ve Elektrik Ar\u0131zalar\u0131 \u00d6nceden Tespit Edilebilecek"},"content":{"rendered":"<p class=\"qtranxs-available-languages-message qtranxs-available-languages-message-en\">Sorry, this entry is only available in <a href=\"https:\/\/www.enerjigazetesi.ist\/tr\/wp-json\/wp\/v2\/posts\/172109\" class=\"qtranxs-available-language-link qtranxs-available-language-link-tr\" title=\"Turkish\">Turkish<\/a>. For the sake of viewer convenience, the content is shown below in the alternative language. You may click the link to switch the active language.<\/p><p><\/p>\n<h2><strong>Elektrik da\u011f\u0131t\u0131m \u015firketi OEDA\u015e, d\u00fc\u015f\u00fck karbon ekonomisine ge\u00e7i\u015f s\u00fcrecinde enerji da\u011f\u0131t\u0131m \u015febekelerinin etkin y\u00f6netimi i\u00e7in yeni \u00fcr\u00fcn ve hizmetler geli\u015ftirmeyi hedefleyen Avrupa Birli\u011fi Ufuk 2020 \u00e7er\u00e7eve program\u0131 destekli BD4OPEM (<\/strong><strong>A\u00e7\u0131k \u0130novatif Enerji Piyasalar\u0131 \u0130\u00e7in B\u00fcy\u00fck Veri<\/strong><strong>) projesinde yer al\u0131yor. 9 \u00fclkeden 12 payda\u015f\u0131n yer ald\u0131\u011f\u0131 projeye T\u00fcrkiye\u2019den kat\u0131lan tek \u015firket olan OEDA\u015e, proje i\u00e7in destek sa\u011flay\u0131p yaz\u0131l\u0131mc\u0131lar taraf\u0131ndan olu\u015fturulan servislerin kalitesini \u00f6l\u00e7\u00fcyor ve testlerini ger\u00e7ekle\u015ftiriyor. <\/strong><strong>OEDA\u015e Ar-Ge M\u00fcd\u00fcr\u00fc Ural Hala\u00e7o\u011flu<\/strong><strong>, proje kapsam\u0131nda enerji fazlas\u0131n\u0131n depolanmas\u0131, saya\u00e7 ve elektrik ar\u0131zalar\u0131n\u0131n \u00f6nceden tespit edilmesi gibi sistemler \u00fczerinde \u00e7al\u0131\u015f\u0131ld\u0131\u011f\u0131n\u0131 s\u00f6yledi.<\/strong><\/h2>\n<p style=\"text-align: center;\"><img loading=\"lazy\" class=\"aligncenter wp-image-172113\" src=\"https:\/\/www.enerjigazetesi.ist\/wp-content\/uploads\/2023\/03\/Gorsel.jpg\" alt=\"\" width=\"500\" height=\"163\" srcset=\"https:\/\/www.enerjigazetesi.ist\/wp-content\/uploads\/2023\/03\/Gorsel.jpg 550w, https:\/\/www.enerjigazetesi.ist\/wp-content\/uploads\/2023\/03\/Gorsel-300x98.jpg 300w, https:\/\/www.enerjigazetesi.ist\/wp-content\/uploads\/2023\/03\/Gorsel-500x163.jpg 500w, https:\/\/www.enerjigazetesi.ist\/wp-content\/uploads\/2023\/03\/Gorsel-80x26.jpg 80w\" sizes=\"(max-width: 500px) 100vw, 500px\" \/><\/p>\n<p>T\u00fcrkiye\u2019de yenilenebilir enerji \u00fcretiminin en fazla oldu\u011fu ikinci elektrik da\u011f\u0131t\u0131m b\u00f6lgesinde faaliyet g\u00f6steren <strong>Osmangazi Elektrik Da\u011f\u0131t\u0131m A\u015e (OEDA\u015e), <\/strong>d\u00fc\u015f\u00fck karbon ekonomisine ge\u00e7i\u015f s\u00fcrecinde <strong>kaynaklar\u0131n verimli kullan\u0131m\u0131<\/strong>, enerji da\u011f\u0131t\u0131m \u015febekelerinin<strong> esnek<\/strong> ve <strong>etkin y\u00f6netimi<\/strong> ile gelece\u011fin ak\u0131ll\u0131 \u015febekelerinin entegrasyonu i\u00e7in <strong>Avrupa Birli\u011fi Ufuk 2020 \u00e7er\u00e7eve program\u0131<\/strong> destekli \u00e7e\u015fitli projelerde yer al\u0131yor. \u015eirketin bu do\u011frultuda \u00e7al\u0131\u015fmalar\u0131na devam etti\u011fi projeler aras\u0131nda yer alan BD4OPEM (Big Data for Open Innovation Energy Marketplace \/ A\u00e7\u0131k \u0130novatif Enerji Piyasalar\u0131 i\u00e7in B\u00fcy\u00fck Veri) projesinin bu y\u0131l i\u00e7inde tamamlanmas\u0131 hedefleniyor.<\/p>\n<h3><strong>\u201c<\/strong><strong>Kaynaklar\u0131n verimli kullan\u0131m\u0131n\u0131 art\u0131racak \u00fcr\u00fcn ve hizmetler geli\u015ftiriyoruz\u201d<\/strong><\/h3>\n<p><strong>OEDA\u015e Ar-Ge M\u00fcd\u00fcr\u00fc Ural Hala\u00e7o\u011flu,<\/strong> BD4OPEM projesi kapsam\u0131nda yap\u0131lan \u00e7al\u0131\u015fmalar hakk\u0131nda bilgi verdi. 9 Avrupa \u00fclkesinden 12 payda\u015f\u0131n yer ald\u0131\u011f\u0131 projede, T\u00fcrkiye\u2019nin be\u015f pilot \u00fclke <img loading=\"lazy\" class=\"alignright wp-image-172114\" src=\"https:\/\/www.enerjigazetesi.ist\/wp-content\/uploads\/2023\/03\/OEDAS-Ar-Ge-Muduru-Ural-Halacoglu.jpg\" alt=\"\" width=\"320\" height=\"214\" srcset=\"https:\/\/www.enerjigazetesi.ist\/wp-content\/uploads\/2023\/03\/OEDAS-Ar-Ge-Muduru-Ural-Halacoglu.jpg 550w, https:\/\/www.enerjigazetesi.ist\/wp-content\/uploads\/2023\/03\/OEDAS-Ar-Ge-Muduru-Ural-Halacoglu-300x200.jpg 300w, https:\/\/www.enerjigazetesi.ist\/wp-content\/uploads\/2023\/03\/OEDAS-Ar-Ge-Muduru-Ural-Halacoglu-500x334.jpg 500w, https:\/\/www.enerjigazetesi.ist\/wp-content\/uploads\/2023\/03\/OEDAS-Ar-Ge-Muduru-Ural-Halacoglu-75x50.jpg 75w, https:\/\/www.enerjigazetesi.ist\/wp-content\/uploads\/2023\/03\/OEDAS-Ar-Ge-Muduru-Ural-Halacoglu-450x300.jpg 450w\" sizes=\"(max-width: 320px) 100vw, 320px\" \/>aras\u0131nda oldu\u011funu s\u00f6yleyen <strong>Hala\u00e7o\u011flu, <\/strong><em>\u201cBiz de OEDA\u015e olarak bu projede \u00fclkemizi temsil etmenin sorumlulu\u011funu ta\u015f\u0131yoruz. Bilindi\u011fi \u00fczere her ne kadar ge\u00e7ti\u011fimiz y\u0131l globalde ya\u015fanan enerji krizi nedeniyle elektrik talebinde bir miktar d\u00fc\u015f\u00fc\u015f olsa da \u00f6n\u00fcm\u00fczdeki d\u00f6nemde art\u0131\u015f trendinin devam edece\u011fi \u00f6ng\u00f6r\u00fcl\u00fcyor. D\u00fc\u015f\u00fck karbon ekonomisine ge\u00e7i\u015f s\u00fcrecinde yenilenebilir enerji kullan\u0131m\u0131 daha da artacak. \u00d6yle ki Uluslararas\u0131 Yenilenebilir Enerji Ajans\u0131\u2019n\u0131n <strong>\u20181,5 derece\u2019<\/strong> senaryosuna g\u00f6re, 2050&#8217;de t\u00fcketilen elektri\u011fin<strong> y\u00fczde 90\u2019\u0131 yenilenebilir enerji kaynaklar\u0131ndan<\/strong> sa\u011flanabilir. \u0130\u015fte BD4OPEM projesi ile <strong>ye\u015fil enerjiye ge\u00e7i\u015fte enerji da\u011f\u0131t\u0131m \u015febekelerinin kalitesinin korunmas\u0131<\/strong> ve <strong>verimlili\u011finin artmas\u0131<\/strong> i\u00e7in<strong> planlama, izleme, bak\u0131m ve operasyon s\u00fcre\u00e7lerinin<\/strong> etkin y\u00f6netimini sa\u011flayacak yeni \u00fcr\u00fcn ve hizmetler geli\u015ftirmeyi hedefliyoruz. Bununla birlikte \u00f6zellikle g\u00fcne\u015f enerjisinden olmak \u00fczere yenilenebilir enerjinin depolanmas\u0131 b\u00f6ylece fosil yak\u0131t kullan\u0131m\u0131n\u0131n g\u00fcn\u00fcn her saatinde azalt\u0131lmas\u0131 i\u00e7in \u00e7al\u0131\u015f\u0131yoruz\u201d<\/em> dedi.<\/p>\n<h3><strong>\u201cDeste\u011fimizle yapay zeka kullan\u0131larak geli\u015ftiriliyor\u201d<\/strong><\/h3>\n<p>OEDA\u015e\u2019\u0131n proje kapsam\u0131nda \u00fcstlendi\u011fi \u00e7al\u0131\u015fmalara de\u011finen <strong>Hala\u00e7o\u011flu<\/strong> \u015f\u00f6yle devam etti; <em>\u201cProjede yer alan yaz\u0131l\u0131mc\u0131 payda\u015flar, yeni \u00fcr\u00fcn ve hizmet geli\u015ftirip \u00e7e\u015fitli analizler yapabilmek i\u00e7in elektrik da\u011f\u0131t\u0131m \u015firketlerinin deste\u011fine ihtiya\u00e7 duyuyor. Bu sayede sistemdeki ar\u0131zalara bak\u0131larak bir algoritma olu\u015fturuluyor. Bu \u00e7al\u0131\u015fmalar sayesinde benzer durumlarda olu\u015fabilecek ar\u0131zalar \u00f6nceden tahmin edilebiliyor. Projenin uygulamaya ge\u00e7mesiyle ileride saya\u00e7 veya elektrik ar\u0131zalar\u0131n\u0131 \u00f6nceden tespit etmek m\u00fcmk\u00fcn olabilecek. Biz yaz\u0131l\u0131mc\u0131 payda\u015flara verdi\u011fimiz deste\u011fin yan\u0131 s\u0131ra servislerin kalitesini \u00f6l\u00e7\u00fcp geri bildirimde bulunuyor, servislerden optimal fayda sa\u011flamaya odaklan\u0131yoruz.\u201d<\/em><\/p>\n<h3><strong>\u201cAB projelerinde gelece\u011fin sistemleri \u00fczerine \u00e7al\u0131\u015f\u0131yoruz\u201d<\/strong><\/h3>\n<p><strong>OEDA\u015e Ar-Ge Departman\u0131<\/strong> olarak <strong>19<\/strong>\u2019u aktif, <strong>31<\/strong> proje \u00fczerinde \u00e7al\u0131\u015ft\u0131klar\u0131n\u0131 ve bu projelerden d\u00f6rd\u00fcn\u00fcn AB projesi oldu\u011funu ifade eden <strong>Hala\u00e7o\u011flu<\/strong>, AB projelerinde gelece\u011fin sistemleri \u00fczerine \u00e7al\u0131\u015ft\u0131klar\u0131n\u0131n alt\u0131n\u0131 \u00e7izdi. <strong>Hala\u00e7o\u011flu<\/strong>, <em>\u201cGelece\u011fin enerji sistemlerinde dijital teknolojilerin enerji sekt\u00f6r\u00fcne entegrasyonu, ba\u015fta yenilenebilir enerji olmak \u00fczere da\u011f\u0131t\u0131k enerji sistemleri ve \u00fcretimin daha d\u00fc\u015f\u00fck maliyetle daha verimli hale getirilmesi \u00f6nemli yer tutuyor. Biz de AB projeleri ile \u015fimdiden bu do\u011frultuda \u00e7al\u0131\u015fmalar yap\u0131yoruz. Gelecekte reg\u00fclasyonlar \u00e7er\u00e7evesinde bu teknolojiler hayat\u0131m\u0131zda yer almaya ba\u015flad\u0131\u011f\u0131 takdirde buna haz\u0131r olmam\u0131z hem sekt\u00f6r\u00fcm\u00fcze hem de \u00fclkemize b\u00fcy\u00fck fayda sa\u011flayacakt\u0131r\u201d<\/em> diye konu\u015ftu.<\/p>","protected":false},"excerpt":{"rendered":"<p>Sorry, this entry is only available in Turkish. For the sake of viewer convenience, the content is shown below in the alternative language. You may click the link to switch the active language. Elektrik da\u011f\u0131t\u0131m \u015firketi OEDA\u015e, d\u00fc\u015f\u00fck karbon ekonomisine ge\u00e7i\u015f s\u00fcrecinde enerji da\u011f\u0131t\u0131m \u015febekelerinin etkin y\u00f6netimi i\u00e7in yeni \u00fcr\u00fcn ve hizmetler geli\u015ftirmeyi hedefleyen Avrupa [&hellip;]<\/p>\n","protected":false},"author":1,"featured_media":172116,"comment_status":"open","ping_status":"open","sticky":false,"template":"","format":"standard","meta":[],"categories":[51,53],"tags":[64490,15016,40410,9749],"views":38,"_links":{"self":[{"href":"https:\/\/www.enerjigazetesi.ist\/en\/wp-json\/wp\/v2\/posts\/172109"}],"collection":[{"href":"https:\/\/www.enerjigazetesi.ist\/en\/wp-json\/wp\/v2\/posts"}],"about":[{"href":"https:\/\/www.enerjigazetesi.ist\/en\/wp-json\/wp\/v2\/types\/post"}],"author":[{"embeddable":true,"href":"https:\/\/www.enerjigazetesi.ist\/en\/wp-json\/wp\/v2\/users\/1"}],"replies":[{"embeddable":true,"href":"https:\/\/www.enerjigazetesi.ist\/en\/wp-json\/wp\/v2\/comments?post=172109"}],"version-history":[{"count":1,"href":"https:\/\/www.enerjigazetesi.ist\/en\/wp-json\/wp\/v2\/posts\/172109\/revisions"}],"predecessor-version":[{"id":172110,"href":"https:\/\/www.enerjigazetesi.ist\/en\/wp-json\/wp\/v2\/posts\/172109\/revisions\/172110"}],"wp:featuredmedia":[{"embeddable":true,"href":"https:\/\/www.enerjigazetesi.ist\/en\/wp-json\/wp\/v2\/media\/172116"}],"wp:attachment":[{"href":"https:\/\/www.enerjigazetesi.ist\/en\/wp-json\/wp\/v2\/media?parent=172109"}],"wp:term":[{"taxonomy":"category","embeddable":true,"href":"https:\/\/www.enerjigazetesi.ist\/en\/wp-json\/wp\/v2\/categories?post=172109"},{"taxonomy":"post_tag","embeddable":true,"href":"https:\/\/www.enerjigazetesi.ist\/en\/wp-json\/wp\/v2\/tags?post=172109"}],"curies":[{"name":"wp","href":"https:\/\/api.w.org\/{rel}","templated":true}]}}