{"id":172072,"date":"2023-03-30T13:04:22","date_gmt":"2023-03-30T10:04:22","guid":{"rendered":"https:\/\/www.enerjigazetesi.ist\/?p=172072"},"modified":"2023-03-30T13:07:05","modified_gmt":"2023-03-30T10:07:05","slug":"turkiye-100-bin-mw-sinirini-asarak-basarili-bir-sinav-verdi","status":"publish","type":"post","link":"https:\/\/www.enerjigazetesi.ist\/en\/turkiye-100-bin-mw-sinirini-asarak-basarili-bir-sinav-verdi\/","title":{"rendered":"(Turkish) &#8221;T\u00fcrkiye 100 Bin MW S\u0131n\u0131r\u0131n\u0131 A\u015farak Ba\u015far\u0131l\u0131 Bir S\u0131nav Verdi&#8221;"},"content":{"rendered":"<p class=\"qtranxs-available-languages-message qtranxs-available-languages-message-en\">Sorry, this entry is only available in <a href=\"https:\/\/www.enerjigazetesi.ist\/tr\/wp-json\/wp\/v2\/posts\/172072\" class=\"qtranxs-available-language-link qtranxs-available-language-link-tr\" title=\"Turkish\">Turkish<\/a>. For the sake of viewer convenience, the content is shown below in the alternative language. You may click the link to switch the active language.<\/p><p><\/p>\n<h2>Enerji ve Tabii Kaynaklar Bakan\u0131 Yard\u0131mc\u0131s\u0131 ve EP\u0130A\u015e Y\u00f6netim Kurulu Ba\u015fkan\u0131 Abdullah Tancan, 2022 y\u0131l\u0131n\u0131 de\u011ferlendirdi\u011fi yaz\u0131s\u0131nda, T\u00fcrkiye\u2019nin 104 bin megavatl\u0131k (MW) kurulu g\u00fcce ula\u015farak ba\u015far\u0131l\u0131 bir s\u0131nav verdi\u011fini belirtti.<\/h2>\n<p><strong><img loading=\"lazy\" class=\"alignright wp-image-172074\" src=\"https:\/\/www.enerjigazetesi.ist\/wp-content\/uploads\/2023\/03\/Sn.Abdullah-Tancan.jpeg\" alt=\"\" width=\"320\" height=\"320\" srcset=\"https:\/\/www.enerjigazetesi.ist\/wp-content\/uploads\/2023\/03\/Sn.Abdullah-Tancan.jpeg 400w, https:\/\/www.enerjigazetesi.ist\/wp-content\/uploads\/2023\/03\/Sn.Abdullah-Tancan-300x300.jpeg 300w, https:\/\/www.enerjigazetesi.ist\/wp-content\/uploads\/2023\/03\/Sn.Abdullah-Tancan-150x150.jpeg 150w, https:\/\/www.enerjigazetesi.ist\/wp-content\/uploads\/2023\/03\/Sn.Abdullah-Tancan-50x50.jpeg 50w, https:\/\/www.enerjigazetesi.ist\/wp-content\/uploads\/2023\/03\/Sn.Abdullah-Tancan-100x100.jpeg 100w\" sizes=\"(max-width: 320px) 100vw, 320px\" \/>Enerji ve Tabii Kaynaklar Bakan\u0131 Yard\u0131mc\u0131s\u0131<\/strong> ve <strong>EP\u0130A\u015e Y\u00f6netim Kurulu Ba\u015fkan\u0131 Abdullah Tancan<\/strong>, uluslararas\u0131 dan\u0131\u015fmanl\u0131k \u015firketi<strong> Kearney<\/strong> ile enerji sekt\u00f6r\u00fcn\u00fcn \u00f6nde gelen haber ve bilgi kayna\u011f\u0131 <strong>Enerji G\u00fcnl\u00fc\u011f\u00fc<\/strong> taraf\u0131ndan haz\u0131rlanan <strong>MW100 T\u00fcrkiye ara\u015ft\u0131rmas\u0131 ve raporu<\/strong> i\u00e7in bir sunu\u015f yaz\u0131s\u0131 kaleme ald\u0131. Enerji sekt\u00f6r\u00fcnde 2001 y\u0131l\u0131nda ba\u015flayan de\u011fi\u015fim ve geli\u015fimin uygulanan do\u011fru stratejilerle desteklenmesiyle, rekabet\u00e7i ve likiditesi artm\u0131\u015f bir <strong>elektrik piyasas\u0131 olu\u015fturuldu\u011funa<\/strong> dikkat \u00e7eken Tancan,<em> \u201cYakla\u015f\u0131k <strong>104 bin megavatl\u0131k (MW)<\/strong> kurulu g\u00fc\u00e7 ile \u00fclkemiz 2022 y\u0131l\u0131nda <strong>100 bin MW s\u0131n\u0131r\u0131n\u0131<\/strong> a\u015fan \u00fclkeler aras\u0131na girmeyi ba\u015fard\u0131\u201d<\/em> dedi.<\/p>\n<h3>T\u00dcRK\u0130YE YEN\u0130LENEB\u0130L\u0130RDE D\u00dcNYANIN \u00d6NDE GELEN \u00dcLKELER\u0130 ARASINA G\u0130RD\u0130<\/h3>\n<p>Tancan yaz\u0131s\u0131nda T\u00fcrkiye\u2019nin yenilenebilir kaynakl\u0131 kurulu g\u00fcce sahip Avrupa \u00fclkeleri aras\u0131nda <strong>4&#8217;\u00fcnc\u00fc s\u0131rada oldu\u011funu<\/strong> hat\u0131rlatarak <em>\u201c2022 y\u0131l\u0131 i\u00e7erisinde en fazla yenilenebilir kaynaklardan elektrik \u00fcretimi yapan<strong> alt\u0131nc\u0131 b\u00fcy\u00fck \u00fclke<\/strong> unvan\u0131 da <strong>T\u00fcrkiye\u2019ye ait<\/strong>\u201d<\/em> dedi. Tancan\u2019\u0131n verdi\u011fi bilgiye g\u00f6re T\u00fcrkiye\u2019nin d\u00fcnyada ise yenilenebilir kaynaklara dayal\u0131 kurulu g\u00fc\u00e7 a\u00e7\u0131s\u0131ndan en b\u00fcy\u00fck<strong> 11\u2019inci oyuncusu<\/strong> konumunda bulunuyor; yenilenebilir kaynaklardan elektrik \u00fcretimi a\u00e7\u0131s\u0131ndan da<strong> 13\u2019\u00fcnc\u00fc<\/strong> s\u0131rada yer al\u0131yor.<\/p>\n<h3>\u201c\u015eEFFAFLIK PLATFORMU AVRUPA\u2019NIN EN \u0130Y\u0130S\u0130\u201d<\/h3>\n<p><strong>EP\u0130A\u015e<\/strong>\u2019\u0131n ise<strong> Avrupa\u2019daki<\/strong> <strong>en b\u00fcy\u00fck \u00fc\u00e7\u00fcnc\u00fc g\u00fcn \u00f6ncesi piyasas\u0131 (G\u00d6P)<\/strong> i\u015flem hacmine sahip piyasa i\u015fletmecisi durumunda oldu\u011funu vurgulayan Tancan, <em>\u201c\u015eeffafl\u0131k Platformu\u2019nun, gerek veri \u00e7e\u015fitlili\u011fi ve say\u0131s\u0131 gerekse tek elden farkl\u0131 verilere eri\u015fim kolayl\u0131\u011f\u0131 a\u00e7\u0131s\u0131ndan Avrupa\u2019n\u0131n en iyisi oldu\u011funu s\u00f6yleyebiliriz\u201d<\/em> dedi.<\/p>","protected":false},"excerpt":{"rendered":"<p>Sorry, this entry is only available in Turkish. For the sake of viewer convenience, the content is shown below in the alternative language. You may click the link to switch the active language. Enerji ve Tabii Kaynaklar Bakan\u0131 Yard\u0131mc\u0131s\u0131 ve EP\u0130A\u015e Y\u00f6netim Kurulu Ba\u015fkan\u0131 Abdullah Tancan, 2022 y\u0131l\u0131n\u0131 de\u011ferlendirdi\u011fi yaz\u0131s\u0131nda, T\u00fcrkiye\u2019nin 104 bin megavatl\u0131k (MW) [&hellip;]<\/p>\n","protected":false},"author":1,"featured_media":172075,"comment_status":"open","ping_status":"open","sticky":false,"template":"","format":"standard","meta":[],"categories":[51,53],"tags":[1451,2873,165,1663,108585,108586],"views":73,"_links":{"self":[{"href":"https:\/\/www.enerjigazetesi.ist\/en\/wp-json\/wp\/v2\/posts\/172072"}],"collection":[{"href":"https:\/\/www.enerjigazetesi.ist\/en\/wp-json\/wp\/v2\/posts"}],"about":[{"href":"https:\/\/www.enerjigazetesi.ist\/en\/wp-json\/wp\/v2\/types\/post"}],"author":[{"embeddable":true,"href":"https:\/\/www.enerjigazetesi.ist\/en\/wp-json\/wp\/v2\/users\/1"}],"replies":[{"embeddable":true,"href":"https:\/\/www.enerjigazetesi.ist\/en\/wp-json\/wp\/v2\/comments?post=172072"}],"version-history":[{"count":0,"href":"https:\/\/www.enerjigazetesi.ist\/en\/wp-json\/wp\/v2\/posts\/172072\/revisions"}],"wp:featuredmedia":[{"embeddable":true,"href":"https:\/\/www.enerjigazetesi.ist\/en\/wp-json\/wp\/v2\/media\/172075"}],"wp:attachment":[{"href":"https:\/\/www.enerjigazetesi.ist\/en\/wp-json\/wp\/v2\/media?parent=172072"}],"wp:term":[{"taxonomy":"category","embeddable":true,"href":"https:\/\/www.enerjigazetesi.ist\/en\/wp-json\/wp\/v2\/categories?post=172072"},{"taxonomy":"post_tag","embeddable":true,"href":"https:\/\/www.enerjigazetesi.ist\/en\/wp-json\/wp\/v2\/tags?post=172072"}],"curies":[{"name":"wp","href":"https:\/\/api.w.org\/{rel}","templated":true}]}}