{"id":172059,"date":"2023-03-30T12:04:07","date_gmt":"2023-03-30T09:04:07","guid":{"rendered":"https:\/\/www.enerjigazetesi.ist\/?p=172059"},"modified":"2023-03-30T12:04:07","modified_gmt":"2023-03-30T09:04:07","slug":"enerjisa-enerji-ftse4good-endeksine-ust-uste-2-kez-girmeyi-basardi","status":"publish","type":"post","link":"https:\/\/www.enerjigazetesi.ist\/en\/enerjisa-enerji-ftse4good-endeksine-ust-uste-2-kez-girmeyi-basardi\/","title":{"rendered":"(Turkish) &#8217;Enerjisa Enerji&#8217; FTSE4Good Endeksi&#8217;ne \u00dcst \u00dcste 2. Kez Girmeyi Ba\u015fard\u0131"},"content":{"rendered":"<p class=\"qtranxs-available-languages-message qtranxs-available-languages-message-en\">Sorry, this entry is only available in <a href=\"https:\/\/www.enerjigazetesi.ist\/tr\/wp-json\/wp\/v2\/posts\/172059\" class=\"qtranxs-available-language-link qtranxs-available-language-link-tr\" title=\"Turkish\">Turkish<\/a>. For the sake of viewer convenience, the content is shown below in the alternative language. You may click the link to switch the active language.<\/p><p><\/p>\n<h2><strong>Etki odakl\u0131 s\u00fcrd\u00fcr\u00fclebilirli\u011fi stratejisinin merkezine koyan T\u00fcrkiye\u2019nin enerji d\u00f6n\u00fc\u015f\u00fcm\u00fcne \u00f6nc\u00fcl\u00fck eden elektrik da\u011f\u0131t\u0131m, perakende sat\u0131\u015f ve m\u00fc\u015fteri \u00e7\u00f6z\u00fcmleri \u015firketi Enerjisa Enerji, insan haklar\u0131, iklim de\u011fi\u015fikli\u011fi ve yolsuzlukla m\u00fccadele politikalar\u0131 dahil olmak \u00fczere belirli \u00e7evresel, sosyal ve y\u00f6neti\u015fim (ESG) kriterlerini de kar\u015f\u0131lanmas\u0131 gereken FTSE4Good Endeksi&#8217;ne \u00fcst \u00fcste ikinci kez dahil olarak ayn\u0131 zamanda enerji sekt\u00f6r\u00fcnde derecelendirilen tek \u015firket olma ba\u015far\u0131s\u0131n\u0131 elde etti.<\/strong><\/h2>\n<p>Londra Borsas\u0131\u2019na ba\u011fl\u0131 endeks sa\u011flay\u0131c\u0131 FTSE Russell\u2019\u0131n haz\u0131rlad\u0131\u011f\u0131 FTSE4Good endeks serisine dahil olmak i\u00e7in \u015firketlerin <strong>insan haklar\u0131, iklim de\u011fi\u015fikli\u011fi<\/strong> ve <strong>yolsuzlukla m\u00fccadele politikalar\u0131<\/strong> dahil olmak \u00fczere belirli <strong>\u00e7evresel, sosyal ve y\u00f6neti\u015fim (ESG) kriterlerini de<\/strong> kar\u015f\u0131lamas\u0131 <img loading=\"lazy\" class=\"alignright wp-image-172063\" src=\"https:\/\/www.enerjigazetesi.ist\/wp-content\/uploads\/2023\/03\/enerjisa-enerji-ftse4good-endeksine-ust-uste-2-kez-girmeyi-basardi.jpg\" alt=\"\" width=\"320\" height=\"219\" srcset=\"https:\/\/www.enerjigazetesi.ist\/wp-content\/uploads\/2023\/03\/enerjisa-enerji-ftse4good-endeksine-ust-uste-2-kez-girmeyi-basardi.jpg 578w, https:\/\/www.enerjigazetesi.ist\/wp-content\/uploads\/2023\/03\/enerjisa-enerji-ftse4good-endeksine-ust-uste-2-kez-girmeyi-basardi-300x205.jpg 300w, https:\/\/www.enerjigazetesi.ist\/wp-content\/uploads\/2023\/03\/enerjisa-enerji-ftse4good-endeksine-ust-uste-2-kez-girmeyi-basardi-500x342.jpg 500w, https:\/\/www.enerjigazetesi.ist\/wp-content\/uploads\/2023\/03\/enerjisa-enerji-ftse4good-endeksine-ust-uste-2-kez-girmeyi-basardi-73x50.jpg 73w\" sizes=\"(max-width: 320px) 100vw, 320px\" \/>gerekiyor. \u015eirketler, her y\u0131l g\u00fcncellenen kapsaml\u0131 ve \u015feffaf bir metodoloji kullan\u0131larak de\u011ferlendiriliyor.<\/p>\n<p>\u2018Herkes i\u00e7in daha iyi bir gelecek\u2019 vizyonuyla s\u00fcrd\u00fcr\u00fclebilirli\u011fi oda\u011f\u0131na alarak faaliyetlerini y\u00f6neten lider da\u011f\u0131t\u0131m, perakende sat\u0131\u015f ve m\u00fc\u015fteri \u00e7\u00f6z\u00fcmleri \u015firketi Enerjisa Enerji,<strong> \u00e7evre, y\u00f6netim uygulamalar\u0131<\/strong> ve <strong>etik alanlar\u0131ndaki operasyonlar\u0131yla<\/strong> Londra Borsas\u0131 b\u00fcnyesindeki <strong>FTSE4Good Endeksi<\/strong>&#8216;ne \u00fcst \u00fcste <strong>2&#8217;nci kez<\/strong> girmeye hak kazand\u0131. FTSE4Good endeksinde bir \u00f6nceki y\u0131l<strong> 3.8 ESG<\/strong> notuna sahip olan Enerjisa Enerji, <em>\u00e7evre, iklim de\u011fi\u015fikli\u011fiyle m\u00fccadele, y\u00f6netim uygulamalar\u0131, \u00e7al\u0131\u015fan haklar\u0131, etik ve sosyal konularda<\/em> g\u00f6sterdi\u011fi g\u00fc\u00e7l\u00fc performans ile bu sene notunu <strong>5<\/strong> \u00fczeriden <strong>4\u2019e<\/strong> y\u00fckseltme ba\u015far\u0131s\u0131n\u0131 elde etti.<\/p>\n<h3><strong>\u201cEnerjisa, ESG ve s\u00fcrd\u00fcr\u00fclebilirlik alan\u0131nda bir lider olarak \u00f6ne \u00e7\u0131k\u0131yor\u201d<\/strong><\/h3>\n<p><strong><img loading=\"lazy\" class=\"alignleft wp-image-172065\" src=\"https:\/\/www.enerjigazetesi.ist\/wp-content\/uploads\/2023\/03\/Murat-Pinar.jpg\" alt=\"\" width=\"320\" height=\"260\" srcset=\"https:\/\/www.enerjigazetesi.ist\/wp-content\/uploads\/2023\/03\/Murat-Pinar.jpg 550w, https:\/\/www.enerjigazetesi.ist\/wp-content\/uploads\/2023\/03\/Murat-Pinar-300x244.jpg 300w, https:\/\/www.enerjigazetesi.ist\/wp-content\/uploads\/2023\/03\/Murat-Pinar-492x400.jpg 492w, https:\/\/www.enerjigazetesi.ist\/wp-content\/uploads\/2023\/03\/Murat-Pinar-62x50.jpg 62w, https:\/\/www.enerjigazetesi.ist\/wp-content\/uploads\/2023\/03\/Murat-Pinar-500x406.jpg 500w\" sizes=\"(max-width: 320px) 100vw, 320px\" \/>Enerjisa Enerji CEO\u2019su Murat P\u0131nar,<\/strong> konuyla ilgili olarak <em>\u201cEnerjisa Enerji, t\u00fcm faaliyetlerimizde oldu\u011fu gibi \u00e7evresel, sosyal ve y\u00f6neti\u015fim uygulamalar\u0131m\u0131zda da global trendleri takip ederek kendi standartlar\u0131m\u0131z\u0131 olu\u015fturuyoruz.Sonras\u0131nda ise t\u00fcm \u015feffafl\u0131\u011f\u0131m\u0131z ile \u015firketimizi ba\u011f\u0131ms\u0131z denetimlere a\u00e7\u0131yoruz. FTSE4Good Endeksi, \u015firketlerin bu alanlardaki \u00e7abalar\u0131n\u0131 de\u011ferlendiren \u00f6nemli bir endeks. Endekste notumuzu 4\u2019e \u00e7\u0131kartt\u0131k ve\u00a0Enerjisa Enerji olarak sekt\u00f6r\u00fcm\u00fcz\u00fcn ESG ve s\u00fcrd\u00fcr\u00fclebilirlik alan\u0131nda da lideri oldu\u011fumuzu kan\u0131tlad\u0131k.<\/em><\/p>\n<p><em>Bug\u00fcn d\u00fcnyada ya\u015fanan t\u00fcm zorluklara ra\u011fmen, ESG&#8217;ye odaklanmaya ve \u00e7evre ve gelecek nesiller \u00fczerinde olumlu bir etki yaratmaya kararl\u0131y\u0131z.<strong> S\u00fcrd\u00fcr\u00fclebilirlik ayak izimizi geli\u015ftirmeye<\/strong> ve <strong>yol g\u00f6sterici olmak<\/strong> i\u00e7in <strong>yeni standartlar belirlemeye<\/strong> devam edece\u011fiz\u201d<\/em> a\u00e7\u0131klamas\u0131nda bulundu.<\/p>","protected":false},"excerpt":{"rendered":"<p>Sorry, this entry is only available in Turkish. For the sake of viewer convenience, the content is shown below in the alternative language. You may click the link to switch the active language. Etki odakl\u0131 s\u00fcrd\u00fcr\u00fclebilirli\u011fi stratejisinin merkezine koyan T\u00fcrkiye\u2019nin enerji d\u00f6n\u00fc\u015f\u00fcm\u00fcne \u00f6nc\u00fcl\u00fck eden elektrik da\u011f\u0131t\u0131m, perakende sat\u0131\u015f ve m\u00fc\u015fteri \u00e7\u00f6z\u00fcmleri \u015firketi Enerjisa Enerji, insan [&hellip;]<\/p>\n","protected":false},"author":1,"featured_media":172063,"comment_status":"open","ping_status":"open","sticky":false,"template":"","format":"standard","meta":[],"categories":[51,53],"tags":[2530,57551,108582,1999,76708,108581,108583],"views":56,"_links":{"self":[{"href":"https:\/\/www.enerjigazetesi.ist\/en\/wp-json\/wp\/v2\/posts\/172059"}],"collection":[{"href":"https:\/\/www.enerjigazetesi.ist\/en\/wp-json\/wp\/v2\/posts"}],"about":[{"href":"https:\/\/www.enerjigazetesi.ist\/en\/wp-json\/wp\/v2\/types\/post"}],"author":[{"embeddable":true,"href":"https:\/\/www.enerjigazetesi.ist\/en\/wp-json\/wp\/v2\/users\/1"}],"replies":[{"embeddable":true,"href":"https:\/\/www.enerjigazetesi.ist\/en\/wp-json\/wp\/v2\/comments?post=172059"}],"version-history":[{"count":1,"href":"https:\/\/www.enerjigazetesi.ist\/en\/wp-json\/wp\/v2\/posts\/172059\/revisions"}],"predecessor-version":[{"id":172060,"href":"https:\/\/www.enerjigazetesi.ist\/en\/wp-json\/wp\/v2\/posts\/172059\/revisions\/172060"}],"wp:featuredmedia":[{"embeddable":true,"href":"https:\/\/www.enerjigazetesi.ist\/en\/wp-json\/wp\/v2\/media\/172063"}],"wp:attachment":[{"href":"https:\/\/www.enerjigazetesi.ist\/en\/wp-json\/wp\/v2\/media?parent=172059"}],"wp:term":[{"taxonomy":"category","embeddable":true,"href":"https:\/\/www.enerjigazetesi.ist\/en\/wp-json\/wp\/v2\/categories?post=172059"},{"taxonomy":"post_tag","embeddable":true,"href":"https:\/\/www.enerjigazetesi.ist\/en\/wp-json\/wp\/v2\/tags?post=172059"}],"curies":[{"name":"wp","href":"https:\/\/api.w.org\/{rel}","templated":true}]}}