{"id":171998,"date":"2023-03-29T14:14:12","date_gmt":"2023-03-29T11:14:12","guid":{"rendered":"https:\/\/www.enerjigazetesi.ist\/?p=171998"},"modified":"2023-03-29T14:16:09","modified_gmt":"2023-03-29T11:16:09","slug":"malzeme-atiginin-geri-kazanimi-ve-plastik-atigin-azaltimi-saglandi","status":"publish","type":"post","link":"https:\/\/www.enerjigazetesi.ist\/en\/malzeme-atiginin-geri-kazanimi-ve-plastik-atigin-azaltimi-saglandi\/","title":{"rendered":"(Turkish) Malzeme At\u0131\u011f\u0131n\u0131n Geri Kazan\u0131m\u0131 ve Plastik At\u0131\u011f\u0131n Azalt\u0131m\u0131 Sa\u011fland\u0131"},"content":{"rendered":"<p class=\"qtranxs-available-languages-message qtranxs-available-languages-message-en\">Sorry, this entry is only available in <a href=\"https:\/\/www.enerjigazetesi.ist\/tr\/wp-json\/wp\/v2\/posts\/171998\" class=\"qtranxs-available-language-link qtranxs-available-language-link-tr\" title=\"Turkish\">Turkish<\/a>. For the sake of viewer convenience, the content is shown below in the alternative language. You may click the link to switch the active language.<\/p><p><\/p>\n<h2><strong>SKD T\u00fcrkiye Y\u00f6netim Kurulu Ba\u015fkan\u0131 Ebru Dildar Edin, 30 Mart Uluslararas\u0131 S\u0131f\u0131r At\u0131k G\u00fcn\u00fc nedeniyle yapt\u0131\u011f\u0131 a\u00e7\u0131klamada, \u201cT\u00fcrkiye D\u00f6ng\u00fcsel Ekonomi Platformu\u2019nda sadece SKD T\u00fcrkiye \u00fcyelerinin de\u011fil, 24 farkl\u0131 sekt\u00f6rden yakla\u015f\u0131k 250 \u015firketin yer almas\u0131yla 3,8 milyon Euro\u2019ya kar\u015f\u0131l\u0131k gelen 77 bin ton malzemenin geri kazan\u0131lmas\u0131n\u0131 sa\u011flad\u0131k. \u0130\u015f D\u00fcnyas\u0131 Plastik Giri\u015fimi\u2019nde yakla\u015f\u0131k 18 bin tonluk azalt\u0131m sa\u011flad\u0131k. Do\u011fa-pozitif hedefimiz do\u011frultusunda bizim i\u00e7in gurur verici bir kazan\u0131m\u201d dedi.<\/strong><\/h2>\n<p>\u0130nsan etkisiyle ortaya \u00e7\u0131kan at\u0131klar\u0131n \u00e7evre ve insan sa\u011fl\u0131\u011f\u0131na zarar vermeden y\u00f6netimi gezegenin s\u00fcrd\u00fcr\u00fclebilirli\u011fi i\u00e7in hayati \u00f6neme sahip. \u00c7evre, \u015eehircilik ve \u0130klim De\u011fi\u015fikli\u011fi Bakanl\u0131\u011f\u0131\u2019nca Emine Erdo\u011fan&#8217;\u0131n himayelerinde 2017&#8217;de ba\u015flat\u0131lan S\u0131f\u0131r At\u0131k Projesi, s\u00fcrd\u00fcr\u00fclebilir kalk\u0131nma ilkeleri <img loading=\"lazy\" class=\"alignright wp-image-172000\" src=\"https:\/\/www.enerjigazetesi.ist\/wp-content\/uploads\/2023\/03\/1680076711_SKD_T__rkiye_Ebru_Dildar_Edin_5.jpg\" alt=\"\" width=\"320\" height=\"301\" srcset=\"https:\/\/www.enerjigazetesi.ist\/wp-content\/uploads\/2023\/03\/1680076711_SKD_T__rkiye_Ebru_Dildar_Edin_5.jpg 510w, https:\/\/www.enerjigazetesi.ist\/wp-content\/uploads\/2023\/03\/1680076711_SKD_T__rkiye_Ebru_Dildar_Edin_5-300x282.jpg 300w, https:\/\/www.enerjigazetesi.ist\/wp-content\/uploads\/2023\/03\/1680076711_SKD_T__rkiye_Ebru_Dildar_Edin_5-425x400.jpg 425w, https:\/\/www.enerjigazetesi.ist\/wp-content\/uploads\/2023\/03\/1680076711_SKD_T__rkiye_Ebru_Dildar_Edin_5-53x50.jpg 53w, https:\/\/www.enerjigazetesi.ist\/wp-content\/uploads\/2023\/03\/1680076711_SKD_T__rkiye_Ebru_Dildar_Edin_5-500x471.jpg 500w\" sizes=\"(max-width: 320px) 100vw, 320px\" \/>\u00e7er\u00e7evesinde at\u0131klar\u0131 kontrol alt\u0131na alma, gelecek nesillere temiz ve geli\u015fmi\u015f bir T\u00fcrkiye ile ya\u015fanabilir d\u00fcnya b\u0131rakma amac\u0131 ta\u015f\u0131yor. 15 Aral\u0131k 2022\u2019de, BM Genel Kurulu, T\u00fcrkiye taraf\u0131ndan sunulan \u201cs\u0131f\u0131r at\u0131k\u201d \u00f6nerisini kabul etmesinin ard\u0131ndan <strong>30 Mart\u2019\u0131 Uluslararas\u0131 S\u0131f\u0131r At\u0131k G\u00fcn\u00fc<\/strong> olarak ilan etti. BM Genel Kurulu\u2019nun ald\u0131\u011f\u0131 karar ile her y\u0131l<strong> 30 Mart<\/strong> g\u00fcn\u00fc, <strong>\u201cUluslararas\u0131 S\u0131f\u0131r At\u0131k G\u00fcn\u00fc\u201d<\/strong> olarak t\u00fcm d\u00fcnyada kutlanacak.<\/p>\n<p>T\u00fcrkiye\u2019nin, hayati \u00f6nem ta\u015f\u0131yan at\u0131k y\u00f6netimine t\u00fcm d\u00fcnyan\u0131n ilgisini \u00e7ekmesinin anlaml\u0131 oldu\u011funu vurgulayan <strong>SKD T\u00fcrkiye Y\u00f6netim Kurulu Ba\u015fkan\u0131 Ebru Dildar Edin,\u00a0<\/strong>30 Mart Uluslararas\u0131 S\u0131f\u0131r At\u0131k G\u00fcn\u00fc nedeniyle <span style=\"text-decoration: underline;\">\u015fu a\u00e7\u0131klamada bulundu:<\/span><\/p>\n<p><em>\u201c\u00c7a\u011f\u0131m\u0131z\u0131n en b\u00fcy\u00fck sorunu olan do\u011fal kaynaklar\u0131n bilin\u00e7siz kullan\u0131m\u0131 maalesef ekosistemi t\u00fcketiyor; at\u0131klar\u0131n <strong>havada, toprakta<\/strong> ve<strong> suda birikmesine<\/strong> yol a\u00e7\u0131yor. Gelinen noktada kaynaklar\u0131m\u0131z t\u00fckenirken <strong>do\u011fal ya\u015fam b\u00fcy\u00fck tehlikeye<\/strong> giriyor. \u00c7ocuklar\u0131m\u0131za b\u0131rakabilece\u011fimiz ba\u015fka bir gezegen yok. Dolay\u0131s\u0131yla kaynaklar\u0131m\u0131z\u0131 s\u0131n\u0131rs\u0131zca kullanma hakk\u0131m\u0131z da yok. Gezegene ciddi etkisi olan i\u015f d\u00fcnyas\u0131n\u0131n en b\u00fcy\u00fck sorumlulu\u011fu <strong>do\u011fadan ald\u0131\u011f\u0131n\u0131n fazlas\u0131n\u0131 do\u011faya vermesi<\/strong> yani <strong>do\u011fa-pozitif olmas\u0131.<\/strong><\/em><\/p>\n<p><em>SKD T\u00fcrkiye olarak i\u015f d\u00fcnyas\u0131n\u0131n d\u00f6n\u00fc\u015ft\u00fcrme g\u00fcc\u00fcn\u00fcn bug\u00fcn \u00e7ok daha fazla oldu\u011funu da biliyoruz. \u00dcyelerimizin ve projelerimize kat\u0131lan \u015firketlerimizin do\u011fa-pozitif hedeflerinde somut aksiyonlar\u0131 hayata ge\u00e7irerek olduk\u00e7a etkili, \u00f6l\u00e7\u00fclebilir \u00e7\u0131kt\u0131lara ula\u015f\u0131yoruz. T\u00fcrkiye\u2019nin d\u00f6ng\u00fcsel ekonomiye ge\u00e7i\u015fine b\u00fcy\u00fck katk\u0131 sa\u011flayan tek platform olan <strong>T\u00fcrkiye D\u00f6ng\u00fcsel Ekonomi Platformu<\/strong>\u2019nda sadece SKD T\u00fcrkiye \u00fcyelerinin de\u011fil, <strong>24 farkl\u0131<\/strong> sekt\u00f6rden yakla\u015f\u0131k <strong>250 \u015firketin<\/strong> yer almas\u0131yla <strong>3,8 milyon Euro\u2019ya<\/strong> kar\u015f\u0131l\u0131k gelen<strong> 77 bin tona yak\u0131n malzemenin geri kazan\u0131lmas\u0131n\u0131<\/strong> sa\u011flad\u0131k. <strong>Global Compact T\u00fcrkiye<\/strong> ve <strong>T\u00dcS\u0130AD<\/strong> i\u015f birli\u011finde hayata ge\u00e7irdi\u011fimiz T\u00fcrkiye\u2019nin ilk ve tek plastik giri\u015fimi olan <strong>\u0130\u015f D\u00fcnyas\u0131 Plastik Giri\u015fimi<\/strong>\u2019nde <strong>33 \u015firket plastik kullan\u0131m\u0131n\u0131 azaltmak<\/strong> ad\u0131na 2023 y\u0131l\u0131na kadar verdikleri taahh\u00fctlerde birinci y\u0131l i\u00e7in <strong>% 41,1<\/strong> oran\u0131nda ilerleme sa\u011flad\u0131lar. Yakla\u015f\u0131k <strong>18 bin tonluk<\/strong> bu azalt\u0131m, toplam <strong>40 bin ailenin plastik kullan\u0131m miktar\u0131na denk<\/strong> geliyor. Toplamda <strong>77 bin ton at\u0131\u011f\u0131n<\/strong> geri kazan\u0131m\u0131n\u0131,<strong> 18 bine tona yak\u0131n at\u0131\u011f\u0131n da azalt\u0131m\u0131n\u0131<\/strong> sa\u011flamak <strong>do\u011fa-pozitif hedefimiz \u00e7er\u00e7evesinde<\/strong> bizim i\u00e7in gurur verici bir kazan\u0131m.\u201d<\/em><\/p>","protected":false},"excerpt":{"rendered":"<p>Sorry, this entry is only available in Turkish. For the sake of viewer convenience, the content is shown below in the alternative language. You may click the link to switch the active language. SKD T\u00fcrkiye Y\u00f6netim Kurulu Ba\u015fkan\u0131 Ebru Dildar Edin, 30 Mart Uluslararas\u0131 S\u0131f\u0131r At\u0131k G\u00fcn\u00fc nedeniyle yapt\u0131\u011f\u0131 a\u00e7\u0131klamada, \u201cT\u00fcrkiye D\u00f6ng\u00fcsel Ekonomi Platformu\u2019nda sadece [&hellip;]<\/p>\n","protected":false},"author":1,"featured_media":170490,"comment_status":"open","ping_status":"open","sticky":false,"template":"","format":"standard","meta":[],"categories":[53],"tags":[108565,3119,76848,37993,87404,108556],"views":41,"_links":{"self":[{"href":"https:\/\/www.enerjigazetesi.ist\/en\/wp-json\/wp\/v2\/posts\/171998"}],"collection":[{"href":"https:\/\/www.enerjigazetesi.ist\/en\/wp-json\/wp\/v2\/posts"}],"about":[{"href":"https:\/\/www.enerjigazetesi.ist\/en\/wp-json\/wp\/v2\/types\/post"}],"author":[{"embeddable":true,"href":"https:\/\/www.enerjigazetesi.ist\/en\/wp-json\/wp\/v2\/users\/1"}],"replies":[{"embeddable":true,"href":"https:\/\/www.enerjigazetesi.ist\/en\/wp-json\/wp\/v2\/comments?post=171998"}],"version-history":[{"count":0,"href":"https:\/\/www.enerjigazetesi.ist\/en\/wp-json\/wp\/v2\/posts\/171998\/revisions"}],"wp:featuredmedia":[{"embeddable":true,"href":"https:\/\/www.enerjigazetesi.ist\/en\/wp-json\/wp\/v2\/media\/170490"}],"wp:attachment":[{"href":"https:\/\/www.enerjigazetesi.ist\/en\/wp-json\/wp\/v2\/media?parent=171998"}],"wp:term":[{"taxonomy":"category","embeddable":true,"href":"https:\/\/www.enerjigazetesi.ist\/en\/wp-json\/wp\/v2\/categories?post=171998"},{"taxonomy":"post_tag","embeddable":true,"href":"https:\/\/www.enerjigazetesi.ist\/en\/wp-json\/wp\/v2\/tags?post=171998"}],"curies":[{"name":"wp","href":"https:\/\/api.w.org\/{rel}","templated":true}]}}