{"id":171968,"date":"2023-03-29T11:41:37","date_gmt":"2023-03-29T08:41:37","guid":{"rendered":"https:\/\/www.enerjigazetesi.ist\/?p=171968"},"modified":"2023-03-29T11:41:37","modified_gmt":"2023-03-29T08:41:37","slug":"atmayalim-ayri-toplayalim-atiklari-surdurulebilir-yasama-katalim","status":"publish","type":"post","link":"https:\/\/www.enerjigazetesi.ist\/en\/atmayalim-ayri-toplayalim-atiklari-surdurulebilir-yasama-katalim\/","title":{"rendered":"(Turkish) Atmayal\u0131m, Ayr\u0131 Toplayal\u0131m, At\u0131klar\u0131 S\u00fcrd\u00fcr\u00fclebilir Ya\u015fama Katal\u0131m"},"content":{"rendered":"<p class=\"qtranxs-available-languages-message qtranxs-available-languages-message-en\">Sorry, this entry is only available in <a href=\"https:\/\/www.enerjigazetesi.ist\/tr\/wp-json\/wp\/v2\/posts\/171968\" class=\"qtranxs-available-language-link qtranxs-available-language-link-tr\" title=\"Turkish\">Turkish<\/a>. For the sake of viewer convenience, the content is shown below in the alternative language. You may click the link to switch the active language.<\/p><p><\/p>\n<h2><strong>Birle\u015fmi\u015f Milletler 30 Mart Uluslararas\u0131 S\u0131f\u0131r At\u0131k G\u00fcn\u00fc bu y\u0131l ilk kez kutlan\u0131rken <\/strong><strong>\u0130stanbul Teknik \u00dcniversitesi \u00d6\u011fretim \u00dcyesi ve S\u00fcrd\u00fcr\u00fclebilir \u00dcretim ve T\u00fcketim Derne\u011fi Ba\u015fkan\u0131 Prof. Dr. Filiz Karaosmano\u011flu at\u0131k y\u00f6netiminin s\u00fcrd\u00fcr\u00fclebilir ya\u015fam i\u00e7in \u00f6nemini vurgulayarak g\u00fcne dair a\u00e7\u0131klama yapt\u0131.<\/strong><\/h2>\n<p>Ya\u015famda \u00fcretirken, t\u00fcketirken, hizmet al\u0131p verilirken her yerde at\u0131k \u00e7\u0131kar. Evimizde, i\u015fimizde, yolda, tarlada, ormanda yurtta\u015f, kentler ve i\u015f d\u00fcnyas\u0131 olarak en iyi at\u0131k y\u00f6netimi ile s\u00fcrd\u00fcr\u00fclebilir ya\u015famal\u0131y\u0131z diyen \u0130stanbul Teknik \u00dcniversitesi \u00d6\u011fretim \u00dcyesi ve S\u00fcrd\u00fcr\u00fclebilir \u00dcretim ve T\u00fcketim Derne\u011fi Ba\u015fkan\u0131 Prof. Dr. Filiz Karaosmano\u011flu, <strong>\u201cS\u0131f\u0131r At\u0131k\u201d<\/strong> hedefi ulusal servetimiz at\u0131klara <strong>ye\u015fil<\/strong> ve<strong> d\u00f6ng\u00fcsel ekonomide de\u011fer katman\u0131n<\/strong> itici g\u00fcc\u00fcd\u00fcr. <strong>At\u0131klar\u0131 atmayal\u0131m, ayr\u0131 toplayal\u0131m at\u0131klar\u0131 s\u00fcrd\u00fcr\u00fclebilir ya\u015fama katal\u0131m<\/strong> \u00e7a\u011fr\u0131s\u0131 yapt\u0131.<img loading=\"lazy\" class=\"alignright wp-image-171973\" src=\"https:\/\/www.enerjigazetesi.ist\/wp-content\/uploads\/2023\/03\/filizKaraosmanoglu.jpg\" alt=\"\" width=\"320\" height=\"399\" srcset=\"https:\/\/www.enerjigazetesi.ist\/wp-content\/uploads\/2023\/03\/filizKaraosmanoglu.jpg 385w, https:\/\/www.enerjigazetesi.ist\/wp-content\/uploads\/2023\/03\/filizKaraosmanoglu-241x300.jpg 241w, https:\/\/www.enerjigazetesi.ist\/wp-content\/uploads\/2023\/03\/filizKaraosmanoglu-321x400.jpg 321w, https:\/\/www.enerjigazetesi.ist\/wp-content\/uploads\/2023\/03\/filizKaraosmanoglu-40x50.jpg 40w\" sizes=\"(max-width: 320px) 100vw, 320px\" \/><\/p>\n<h3><strong>Uluslararas\u0131 S\u0131f\u0131r At\u0131k G\u00fcn\u00fc ilk kez kutlan\u0131yor<\/strong><\/h3>\n<p>\u0130stanbul Teknik \u00dcniversitesi (\u0130T\u00dc) \u00d6\u011fretim \u00dcyesi ve S\u00fcrd\u00fcr\u00fclebilir \u00dcretim ve T\u00fcketim Derne\u011fi (S\u00dcT-D) Ba\u015fkan\u0131 Prof. Dr. Filiz Karaosmano\u011flu \u201cHan\u0131mefendi Emine Erdo\u011fan himayelerinde \u00c7evre, \u015eehircilik ve \u0130klim De\u011fi\u015fikli\u011fi Bakanl\u0131\u011f\u0131\u2019nca 2017\u2019de ba\u015flat\u0131lan ve 2019 tarihli <strong>S\u0131f\u0131r At\u0131k Y\u00f6netmeli\u011fi<\/strong> ile desteklenen <strong>S\u0131f\u0131r At\u0131k hareketi<\/strong>, Birle\u015fmi\u015f Milletler(BM) Genel Kurulu\u2019nda \u00fclke ba\u015fvurumuz sonucunda 105 \u00fclkenin oyuyla <strong>\u201c30 Mart Uluslararas\u0131 S\u0131f\u0131r At\u0131k G\u00fcn\u00fc\u201d<\/strong> olarak 14 Aral\u0131k 2022\u2019de ilan edildi.Yeni bir BM g\u00fcn\u00fc kabul edilmesi kolay de\u011fildir. BM Genel Kurulu <em>\u201cS\u00fcrd\u00fcr\u00fclebilir kalk\u0131nma ama\u00e7lar\u0131na ula\u015fmak i\u00e7in s\u0131f\u0131r at\u0131k uygulamalar\u0131n\u0131n te\u015fvik edilmesi&#8221;<\/em> karar\u0131 ald\u0131. Uluslararas\u0131 S\u0131f\u0131r At\u0131k G\u00fcn\u00fc ile s\u00fcrd\u00fcr\u00fclebilir t\u00fcketim ve \u00fcretim modellerinin te\u015fviki, d\u00f6ng\u00fcsel ekonomi i\u00e7in toplumsal de\u011fi\u015fimin desteklenmesi ve S\u0131f\u0131r At\u0131k giri\u015fimlerinin BM 2030 S\u00fcrd\u00fcr\u00fclebilir Kalk\u0131nma G\u00fcndemi&#8217;nin ilerlemesine nas\u0131l katk\u0131da bulundu\u011fu konusunda fark\u0131ndal\u0131k yarat\u0131lmas\u0131 ama\u00e7lan\u0131yor. B\u00f6ylece en iyi <strong>at\u0131k y\u00f6netiminin<\/strong> g\u00fcn\u00fcm\u00fcz\u00fcn <strong>\u00c7evre Kirlili\u011fi; Biyo\u00e7e\u015fitlilik Kayb\u0131; \u0130klim De\u011fi\u015fikli\u011fi<\/strong> \u00fc\u00e7l\u00fc krizi i\u00e7in katk\u0131s\u0131n\u0131n yeri ortaya konuyor. Bu y\u0131l ilk kez\u00a0 BM \u00c7evre Program\u0131(UNEP) ve BM \u0130nsan Yerle\u015fimleri Program\u0131(UN-Habitat) kolayla\u015ft\u0131r\u0131c\u0131l\u0131\u011f\u0131nda Uluslararas\u0131 S\u0131f\u0131r At\u0131k G\u00fcn\u00fc <em>\u201cAt\u0131klar\u0131 en aza indirme ve y\u00f6netmeye y\u00f6nelik s\u00fcrd\u00fcr\u00fclebilir ve \u00e7evreye duyarl\u0131 uygulamalara ula\u015fma\u201d temas\u0131 ile Bangkok BM Konferans Merkezi\u2019nde kutlan\u0131yor.\u201d<\/em> bilgisini vererek, bu kutlama \u00fclkemiz ve gezegenimizin ye\u015fil ile mavisi i\u00e7in fayda ve yarar olsun dedi.<\/p>\n<h3><strong>At\u0131klar\u0131 s\u00fcrd\u00fcr\u00fclebilir ya\u015fama katal\u0131m<\/strong><\/h3>\n<p>Prof. Karaosmano\u011flu \u201cAt\u0131\u011f\u0131m\u0131z\u0131, At\u0131k Olu\u015fturmama; M\u00fcmk\u00fcn En Az At\u0131k \u00c7\u0131karma; M\u00fcmk\u00fcnse At\u0131k Yeniden Kullan\u0131m\u0131; At\u0131k Geri D\u00f6n\u00fc\u015f\u00fcm\u00fc\/\u0130leri D\u00f6n\u00fc\u015f\u00fcm\u00fc; At\u0131ktan Enerji\/Malzeme Geri Kazan\u0131m\u0131; Bertaraf \u00f6nceliklemesiyle yurtta\u015f ve kurumsal olarak y\u00f6netmeliyiz. Faydal\u0131 kullan\u0131m \u00f6mr\u00fcn\u00fc tamamlad\u0131ktan sonra at\u0131k olan <strong>ah\u015fap, ak\u00fc, cam, elektrikli-elektronik e\u015fyalar, k\u00e2\u011f\u0131t, metal, plastik, ta\u015f\u0131t, tekstil, ya\u011flar<\/strong> gibi <strong>Geri D\u00f6n\u00fc\u015ft\u00fcr\u00fclebilirler k\u0131ymetli ham maddelerimizdir<\/strong>. Evsel ve end\u00fcstriyel at\u0131klar\u0131m\u0131z\u0131n yerli kayna\u011f\u0131m\u0131z oldu\u011funu da unutmamal\u0131y\u0131z.\u201d hususlar\u0131n\u0131 bildirerek, <em>\u201cAt\u0131k y\u00f6netimi ye\u015fil ve d\u00f6ng\u00fcsel ekonomide kaynak verimlili\u011fi, israf\u0131 \u00f6nleme ve gezegenimizde en az olumsuz etkiyi yaratma demek. \u0130\u015fte bu d\u00f6ng\u00fc S\u0131f\u0131r At\u0131k yakla\u015f\u0131m\u0131, bu d\u00f6ng\u00fcde ilerleme ise S\u0131f\u0131r At\u0131k giri\u015fimi \u00f6\u011fesi olmakt\u0131r. Hepimiz bireysel katk\u0131m\u0131z\u0131 sunabilir, i\u015f yerlerimiz i\u00e7in de S\u0131f\u0131r At\u0131k Belgesi alabiliriz.Yurtta\u015f at\u0131\u011f\u0131 ile ba\u015fba\u015fa kald\u0131\u011f\u0131nda ne yapaca\u011f\u0131n\u0131, i\u015f d\u00fcnyas\u0131 da at\u0131klar\u0131n\u0131 nas\u0131l en iyi y\u00f6netece\u011fini bilmeli ve uygulamal\u0131. Bunlar zorla, mevzuatla olmaz. \u0130\u015fte bu nedenle <strong>Uluslararas\u0131 S\u0131f\u0131r At\u0131k G\u00fcn\u00fc<\/strong> yayg\u0131n etki i\u00e7in m\u00fchim. Bilin\u00e7li t\u00fcketici olarak <strong>at\u0131k y\u00f6netimi, s\u00fcrd\u00fcr\u00fclebilir ya\u015fam<\/strong> k\u00fclt\u00fcr\u00fcm\u00fcz\u00fcn \u00f6\u011fesi olmal\u0131\u201d<\/em> uyar\u0131s\u0131 ile teknik bak\u0131\u015fla neredeyse S\u0131f\u0131r At\u0131k m\u00fcmk\u00fcn, at\u0131klar\u0131 atmayal\u0131m, ayr\u0131 toplayal\u0131m, at\u0131klar\u0131 s\u00fcrd\u00fcr\u00fclebilir ya\u015fama katal\u0131m \u00e7a\u011fr\u0131s\u0131 yapt\u0131.<\/p>\n<h3><strong>At\u0131k ve iklim de\u011fi\u015fikli\u011fi etkile\u015fimini masaya yat\u0131r\u0131yoruz<\/strong><\/h3>\n<p><strong>S\u00dcT-D<\/strong> faaliyetlerimizde at\u0131k y\u00f6netimi ve iklim de\u011fi\u015fikli\u011fi etkile\u015fimini \u00f6ncelikliyoruz\u00a0 diyen Dr. Karaosmano\u011flu <em>\u201c2 May\u0131s 2023 g\u00fcn\u00fc \u00c7evre, \u015eehircilik ve \u0130klim De\u011fi\u015fikli\u011fi Bakanl\u0131\u011f\u0131 himayelerinde \u0130T\u00dc tescilli ye\u015fil yerle\u015fkemizde \u201c<strong>\u0130klim Diren\u00e7li Sanayi ve G\u00fc\u00e7l\u00fc T\u00fcrkiye<\/strong>\u201d<\/em> diyerek ger\u00e7ekle\u015ftirece\u011fimiz <strong>VIII. \u0130stanbul Karbon Zirvesi\u2019nde<\/strong> kurulu\u015flar\u0131m\u0131z\u0131n s\u00fcrd\u00fcr\u00fclebilirlik y\u00f6netimlerinde at\u0131k-iklim de\u011fi\u015fikli\u011fi etkile\u015fimi de masada olacak. En iyi uygulamalar\u0131 i\u015f d\u00fcnyas\u0131 liderlerimizden dinleyece\u011fiz\u201d diyerek <strong>S\u00dcT-D 2023 K\u00fc\u00e7\u00fck Karbon Kahraman\u0131 \u00d6d\u00fcl\u00fc<\/strong> ile <strong>D\u00fc\u015f\u00fck Karbon Kahraman\u0131 \u00d6d\u00fcl\u00fc<\/strong> takdimi de yap\u0131lacak konusunun ilk ve tek etkinli\u011fine davetini sundu.<\/p>","protected":false},"excerpt":{"rendered":"<p>Sorry, this entry is only available in Turkish. For the sake of viewer convenience, the content is shown below in the alternative language. You may click the link to switch the active language. Birle\u015fmi\u015f Milletler 30 Mart Uluslararas\u0131 S\u0131f\u0131r At\u0131k G\u00fcn\u00fc bu y\u0131l ilk kez kutlan\u0131rken \u0130stanbul Teknik \u00dcniversitesi \u00d6\u011fretim \u00dcyesi ve S\u00fcrd\u00fcr\u00fclebilir \u00dcretim ve [&hellip;]<\/p>\n","protected":false},"author":1,"featured_media":171975,"comment_status":"open","ping_status":"open","sticky":false,"template":"","format":"standard","meta":[],"categories":[53],"tags":[108557,3119,61067,2050,1999,57507,53667,4033,108556],"views":89,"_links":{"self":[{"href":"https:\/\/www.enerjigazetesi.ist\/en\/wp-json\/wp\/v2\/posts\/171968"}],"collection":[{"href":"https:\/\/www.enerjigazetesi.ist\/en\/wp-json\/wp\/v2\/posts"}],"about":[{"href":"https:\/\/www.enerjigazetesi.ist\/en\/wp-json\/wp\/v2\/types\/post"}],"author":[{"embeddable":true,"href":"https:\/\/www.enerjigazetesi.ist\/en\/wp-json\/wp\/v2\/users\/1"}],"replies":[{"embeddable":true,"href":"https:\/\/www.enerjigazetesi.ist\/en\/wp-json\/wp\/v2\/comments?post=171968"}],"version-history":[{"count":1,"href":"https:\/\/www.enerjigazetesi.ist\/en\/wp-json\/wp\/v2\/posts\/171968\/revisions"}],"predecessor-version":[{"id":171969,"href":"https:\/\/www.enerjigazetesi.ist\/en\/wp-json\/wp\/v2\/posts\/171968\/revisions\/171969"}],"wp:featuredmedia":[{"embeddable":true,"href":"https:\/\/www.enerjigazetesi.ist\/en\/wp-json\/wp\/v2\/media\/171975"}],"wp:attachment":[{"href":"https:\/\/www.enerjigazetesi.ist\/en\/wp-json\/wp\/v2\/media?parent=171968"}],"wp:term":[{"taxonomy":"category","embeddable":true,"href":"https:\/\/www.enerjigazetesi.ist\/en\/wp-json\/wp\/v2\/categories?post=171968"},{"taxonomy":"post_tag","embeddable":true,"href":"https:\/\/www.enerjigazetesi.ist\/en\/wp-json\/wp\/v2\/tags?post=171968"}],"curies":[{"name":"wp","href":"https:\/\/api.w.org\/{rel}","templated":true}]}}