{"id":171905,"date":"2023-03-28T12:26:53","date_gmt":"2023-03-28T09:26:53","guid":{"rendered":"https:\/\/www.enerjigazetesi.ist\/?p=171905"},"modified":"2023-03-28T12:27:43","modified_gmt":"2023-03-28T09:27:43","slug":"teksan-katildigi-fuarlarla-ihracattaki-gucunu-tekrar-gosterdi","status":"publish","type":"post","link":"https:\/\/www.enerjigazetesi.ist\/en\/teksan-katildigi-fuarlarla-ihracattaki-gucunu-tekrar-gosterdi\/","title":{"rendered":"(Turkish) &#8217;Teksan&#8217; Kat\u0131ld\u0131\u011f\u0131 Fuarlarla \u0130hracattaki G\u00fcc\u00fcn\u00fc Tekrar G\u00f6sterdi"},"content":{"rendered":"<p class=\"qtranxs-available-languages-message qtranxs-available-languages-message-en\">Sorry, this entry is only available in <a href=\"https:\/\/www.enerjigazetesi.ist\/tr\/wp-json\/wp\/v2\/posts\/171905\" class=\"qtranxs-available-language-link qtranxs-available-language-link-tr\" title=\"Turkish\">Turkish<\/a>. For the sake of viewer convenience, the content is shown below in the alternative language. You may click the link to switch the active language.<\/p><p><\/p>\n<h2><strong>Enerji \u00e7\u00f6z\u00fcmleri sekt\u00f6r\u00fcn\u00fcn inovatif \u015firketi Teksan, 21 \u2013 23 \u015eubat\u2019ta Orlando\u2019da d\u00fczenlenen PowerGen International ile 08-09 Mart 2023 tarihleri aras\u0131nda Londra\u2019da ger\u00e7ekle\u015fen Data Center World fuarlar\u0131na kat\u0131ld\u0131. 140 \u00fclkeye ihracat yapan Teksan, kiral\u0131k mobil jenerat\u00f6r ve elektrik enerjisini elektrokimyasal enerjiye d\u00f6n\u00fc\u015ft\u00fcrerek depolayan bir enerji depolama \u00e7e\u015fidi olan TESS\u2019i tan\u0131tt\u0131\u011f\u0131 fuarlarda sekt\u00f6r profesyonellerinin yo\u011fun ilgisiyle kar\u015f\u0131la\u015ft\u0131.<\/strong><\/h2>\n<p>25 y\u0131l\u0131 a\u015fk\u0131n tecr\u00fcbesiyle geli\u015ftirdi\u011fi \u00fcr\u00fcnleri d\u00fcnyan\u0131n 140 \u00fclkesine ula\u015ft\u0131ran Teksan, sekt\u00f6r\u00fcn en \u00f6nemli fuarlar\u0131na kat\u0131larak ihracattaki g\u00fcc\u00fcn\u00fc art\u0131r\u0131yor. 21 \u2013 23 \u015eubat\u2019ta Orlando\u2019da d\u00fczenlenen PowerGen International Fuar\u0131\u2019na kat\u0131lan Teksan,<strong> kiral\u0131k-mobil jenerat\u00f6rlerinin<\/strong> yan\u0131 s\u0131ra yeni \u00fcr\u00fcn\u00fc <strong>TESS (Teksan Enerji Depolama Sistemler)<\/strong> ile <strong>UL sertifikal\u0131 \u00fcr\u00fcnlerini<\/strong> tan\u0131tt\u0131. Ge\u00e7ici s\u00fcreli enerji ihtiyac\u0131 i\u00e7in en ideal \u00e7\u00f6z\u00fcm\u00fc sunan <strong>Teksan kiral\u0131k-mobil jenerat\u00f6rlere<\/strong> kiralama firmalar\u0131 yo\u011fun ilgi g\u00f6sterdi. 8-9 Mart tarihlerinde ise <strong>Londra\u2019da<\/strong> ger\u00e7ekle\u015fen <strong>Data Center World <img loading=\"lazy\" class=\"alignright wp-image-171910\" src=\"https:\/\/www.enerjigazetesi.ist\/wp-content\/uploads\/2023\/03\/teksan-katildigi-fuarlarla-ihracattaki-gucunu-tekrar-gosterdi-2.jpg\" alt=\"\" width=\"320\" height=\"427\" srcset=\"https:\/\/www.enerjigazetesi.ist\/wp-content\/uploads\/2023\/03\/teksan-katildigi-fuarlarla-ihracattaki-gucunu-tekrar-gosterdi-2.jpg 360w, https:\/\/www.enerjigazetesi.ist\/wp-content\/uploads\/2023\/03\/teksan-katildigi-fuarlarla-ihracattaki-gucunu-tekrar-gosterdi-2-225x300.jpg 225w, https:\/\/www.enerjigazetesi.ist\/wp-content\/uploads\/2023\/03\/teksan-katildigi-fuarlarla-ihracattaki-gucunu-tekrar-gosterdi-2-300x400.jpg 300w, https:\/\/www.enerjigazetesi.ist\/wp-content\/uploads\/2023\/03\/teksan-katildigi-fuarlarla-ihracattaki-gucunu-tekrar-gosterdi-2-38x50.jpg 38w\" sizes=\"(max-width: 320px) 100vw, 320px\" \/>Fuar\u0131\u2019na<\/strong> kat\u0131lan Teksan burada <strong>Uptime sertifikal\u0131 \u00fcr\u00fcnlerini<\/strong> profesyonellerin be\u011fenisine sundu. Her iki fuarda da yeni anla\u015fmalara ve i\u015f birliklerine imza atan Teksan, ihracatta ata\u011fa kalkt\u0131.<\/p>\n<p>Enerji arz\u0131n\u0131 ve s\u00fcreklili\u011fini g\u00fcvence alt\u0131na alan TESS, elektrik enerjisinin depolanmas\u0131 i\u00e7in inovatif bir \u00e7\u00f6z\u00fcm oluyor. Ak\u0131ll\u0131 teknolojilerle donat\u0131lan TESS\u2019in sistemi anl\u0131k veri ak\u0131\u015f\u0131 ile s\u00fcrekli kendini izleyerek de\u011fi\u015fen durumlara ve ihtiya\u00e7lara g\u00f6re otomatik olarak devreye giriyor.<strong> TESS\u2019<\/strong>in <strong>Lityum Demir Fosfat<\/strong> kullan\u0131lan <strong>Batarya Sistemi<\/strong>, t\u00fcketti\u011fi kaynak oran\u0131n\u0131n az olmas\u0131ndan dolay\u0131 <strong>sa\u011flad\u0131\u011f\u0131 uzun \u00f6mr\u00fcn d\u0131\u015f\u0131nda \u00e7evreci<\/strong> ve <strong>ekonomik \u00f6zellikleriyle de<\/strong> dikkat \u00e7ekiyor.<\/p>\n<p>Teksan\u2019\u0131n Data Center World Fuar\u0131\u2019nda tan\u0131tt\u0131\u011f\u0131<strong> Uptime sertifikal\u0131 \u00fcr\u00fcnler<\/strong>, <strong>Tier III ve Tier IV k<\/strong>riterlerini kar\u015f\u0131l\u0131yor. <strong>Veri merkezlerinde<\/strong> genellikle <strong>Uptime Institute Tier sertifikasyonu<\/strong> kullan\u0131l\u0131yor. Teksan\u2019\u0131n Uptime taraf\u0131ndan onayl\u0131 jenerat\u00f6rleri <strong>Tier III<\/strong> ve <strong>Tier IV sertifikas\u0131<\/strong> alacak veri merkezlerinde sorunsuzca kullan\u0131labiliyor. Ayr\u0131ca uluslararas\u0131 deprem y\u00f6netmeliklerine uygun olan \u00fcr\u00fcnler, <strong>sismik sertifikaya sahip<\/strong>. \u00dcr\u00fcnlerin, <strong>9 \u015fiddetindeki bir depreme kadar<\/strong> dayanabildi\u011fine dair raporlar\u0131 bulunuyor.<\/p>\n<p>Konuya ili\u015fkin bir de\u011ferlendirmede bulunan<strong>\u00a0Teksan Pazarlamadan Sorumlu Y\u00f6netim Kurulu \u00dcyesi Ebru Ata Tuncer,\u00a0<\/strong><em>\u201c\u015eu anda \u00fcr\u00fcnlerimizi 140 \u00fclkeye ihra\u00e7 ediyoruz. Ancak hedefimiz bu rakam\u0131 art\u0131rarak d\u00fcnya pazar\u0131ndan \u00f6nemli bir pay almak. Bu \u00e7er\u00e7evede sekt\u00f6r\u00fcm\u00fcz\u00fcn en \u00f6nemli fuarlar\u0131na kat\u0131larak yeni \u00fcr\u00fcn ve hizmetlerimizi tan\u0131t\u0131yoruz. <strong>PowerGen International<\/strong> ve <strong>Data Center World fuarlar\u0131<\/strong> da bu anlamda bizim i\u00e7in ba\u015far\u0131l\u0131 ge\u00e7ti. <strong>ABD<\/strong> pazar\u0131nda ciddi bir potansiyel var. <strong>\u0130ngiltere pazar\u0131<\/strong> ise mevcut potansiyelinin yan\u0131 s\u0131ra \u00e7evre \u00fclkelere ula\u015fmak anlam\u0131nda \u00f6nem arz ediyor. Bu fuarlarda yapt\u0131\u011f\u0131m\u0131z anla\u015fmalar\u0131n bizi d\u00fcnya pazar\u0131nda daha iyi bir noktaya ta\u015f\u0131yaca\u011f\u0131na y\u00fcrekten inan\u0131yoruz\u201d<\/em> dedi.<\/p>","protected":false},"excerpt":{"rendered":"<p>Sorry, this entry is only available in Turkish. For the sake of viewer convenience, the content is shown below in the alternative language. You may click the link to switch the active language. Enerji \u00e7\u00f6z\u00fcmleri sekt\u00f6r\u00fcn\u00fcn inovatif \u015firketi Teksan, 21 \u2013 23 \u015eubat\u2019ta Orlando\u2019da d\u00fczenlenen PowerGen International ile 08-09 Mart 2023 tarihleri aras\u0131nda Londra\u2019da ger\u00e7ekle\u015fen [&hellip;]<\/p>\n","protected":false},"author":1,"featured_media":171909,"comment_status":"open","ping_status":"open","sticky":false,"template":"","format":"standard","meta":[],"categories":[51,53],"tags":[29705,68183,25743,108539,108538,27518,50315],"views":77,"_links":{"self":[{"href":"https:\/\/www.enerjigazetesi.ist\/en\/wp-json\/wp\/v2\/posts\/171905"}],"collection":[{"href":"https:\/\/www.enerjigazetesi.ist\/en\/wp-json\/wp\/v2\/posts"}],"about":[{"href":"https:\/\/www.enerjigazetesi.ist\/en\/wp-json\/wp\/v2\/types\/post"}],"author":[{"embeddable":true,"href":"https:\/\/www.enerjigazetesi.ist\/en\/wp-json\/wp\/v2\/users\/1"}],"replies":[{"embeddable":true,"href":"https:\/\/www.enerjigazetesi.ist\/en\/wp-json\/wp\/v2\/comments?post=171905"}],"version-history":[{"count":0,"href":"https:\/\/www.enerjigazetesi.ist\/en\/wp-json\/wp\/v2\/posts\/171905\/revisions"}],"wp:featuredmedia":[{"embeddable":true,"href":"https:\/\/www.enerjigazetesi.ist\/en\/wp-json\/wp\/v2\/media\/171909"}],"wp:attachment":[{"href":"https:\/\/www.enerjigazetesi.ist\/en\/wp-json\/wp\/v2\/media?parent=171905"}],"wp:term":[{"taxonomy":"category","embeddable":true,"href":"https:\/\/www.enerjigazetesi.ist\/en\/wp-json\/wp\/v2\/categories?post=171905"},{"taxonomy":"post_tag","embeddable":true,"href":"https:\/\/www.enerjigazetesi.ist\/en\/wp-json\/wp\/v2\/tags?post=171905"}],"curies":[{"name":"wp","href":"https:\/\/api.w.org\/{rel}","templated":true}]}}