{"id":1719,"date":"2012-08-31T09:24:25","date_gmt":"2012-08-31T06:24:25","guid":{"rendered":"https:\/\/www.enerjigazetesi.ist\/?p=1719"},"modified":"2012-08-31T09:24:25","modified_gmt":"2012-08-31T06:24:25","slug":"donusen-halicte-her-adim-enerji-uretecek","status":"publish","type":"post","link":"https:\/\/www.enerjigazetesi.ist\/en\/donusen-halicte-her-adim-enerji-uretecek\/","title":{"rendered":"(Turkish) D\u00f6n\u00fc\u015fen Hali\u00e7&#8217;te Her Ad\u0131m Enerji \u00dcretecek"},"content":{"rendered":"<p class=\"qtranxs-available-languages-message qtranxs-available-languages-message-en\">Sorry, this entry is only available in <a href=\"https:\/\/www.enerjigazetesi.ist\/tr\/wp-json\/wp\/v2\/posts\/1719\" class=\"qtranxs-available-language-link qtranxs-available-language-link-tr\" title=\"Turkish\">Turkish<\/a>. For the sake of viewer convenience, the content is shown below in the alternative language. You may click the link to switch the active language.<\/p><p><strong>Amplio Emlak Yat\u0131r\u0131mY\u00f6netimKurulu Ba\u015fkan\u0131 Alaeddin Babao\u011flu, Hali\u00e7&#8217;te ger\u00e7ekle\u015ftirecekleri kentsel d\u00f6n\u00fc\u015f\u00fcmde \u015fu ana kadar g\u00f6r\u00fclmemi\u015f \u00e7apta enerji tasarrufu sa\u011flayacak projeler bulundu\u011funu belirterek, &#8221;Mahalleli damacanayla su almayacak, \u00e7\u00fcnk\u00fc su ar\u0131tma tesisi olacak. Pencerelere vuran \u0131s\u0131dan fotovoltaik h\u00fccrelerle enerji kazanaca\u011f\u0131z. Yani sa\u00e7 kurutulan elektri\u011fi biz cama gelen enerjiden alaca\u011f\u0131z. Mahalle i\u00e7erisindeki y\u00fcr\u00fcy\u00fc\u015f yollar\u0131n\u0131n ayd\u0131nlatmas\u0131n\u0131 yollara yerle\u015ftirilmi\u015f plakalararac\u0131l\u0131\u011f\u0131ylaad\u0131m att\u0131k\u00e7a elde edilecek enerjiyle ger\u00e7ekle\u015ftirece\u011fiz&#8221; dedi.<\/strong><\/p>\n<p><img loading=\"lazy\" class=\"alignright size-medium wp-image-1720\" title=\"donusen-halic-enerji-verimliligi-ve-tasarrufu\" src=\"https:\/\/www.enerjigazetesi.ist\/wp-content\/uploads\/2012\/08\/donusen-halic-enerji-verimliligi-ve-tasarrufu-300x200.jpg\" alt=\"\" width=\"300\" height=\"200\" srcset=\"https:\/\/www.enerjigazetesi.ist\/wp-content\/uploads\/2012\/08\/donusen-halic-enerji-verimliligi-ve-tasarrufu-300x200.jpg 300w, https:\/\/www.enerjigazetesi.ist\/wp-content\/uploads\/2012\/08\/donusen-halic-enerji-verimliligi-ve-tasarrufu-75x50.jpg 75w, https:\/\/www.enerjigazetesi.ist\/wp-content\/uploads\/2012\/08\/donusen-halic-enerji-verimliligi-ve-tasarrufu.jpg 420w\" sizes=\"(max-width: 300px) 100vw, 300px\" \/>Alaeddin Babao\u011flu, Alman gayrimenkul yat\u0131r\u0131mc\u0131lar\u0131ndan ve Amplio Emlak Yat\u0131r\u0131m Kurucu Orta\u011f\u0131 veY\u00f6netimKurulu \u00dcyesi Erwin Walter Graebner&#8217;in de kat\u0131ld\u0131\u011f\u0131 yeni ofis a\u00e7\u0131l\u0131\u015f\u0131nda Hali\u00e7 b\u00f6lgesinde ger\u00e7ekle\u015ftirecekleri kentsel d\u00f6n\u00fc\u015f\u00fcm projesine ili\u015fkin a\u00e7\u0131klamalarda bulundu.<\/p>\n<p>Hali\u00e7 b\u00f6lgesi projelerine Beyo\u011flu Belediye Ba\u015fkan\u0131 Ahmet Misbah Demircan&#8217;\u0131n ikna etmesiyle Hilton Garden Inn&#8217;le ba\u015flad\u0131klar\u0131n\u0131 anlatan Babao\u011flu, daha sonra b\u00f6lge sakinlerinin kendi talepleriyle kentsel d\u00f6n\u00fc\u015f\u00fcm projesinin g\u00fcndeme geldi\u011fini aktard\u0131.<\/p>\n<p>Projenin ileride geni\u015flemesinin de s\u00f6zkonusu oldu\u011funu ifade eden Babao\u011flu, \u00f6rnek bir proje yapmak istediklerini s\u00f6yledi. Proje i\u00e7in belediyenin \u00f6nc\u00fcl\u00fc\u011f\u00fc ve b\u00f6lge halk\u0131n\u0131n istekli olmas\u0131n\u0131n \u00f6nemine de\u011finen Babao\u011flu, \u015fu anda neredeyse herkesle uzla\u015f\u0131ld\u0131\u011f\u0131n\u0131 ve b\u00f6lge sakinlerinin proje sonunda sadece depremgarantilide\u011fil sa\u011fl\u0131kl\u0131 veg\u00fczelbir ortamda oturabilme imkan\u0131 kazanacaklar\u0131n\u0131 ifade etti.<\/p>\n<p>Proje kapsam\u0131ndaki alanda ilk etapta 160 tane binan\u0131n y\u0131k\u0131laca\u011f\u0131n\u0131n ve bunlar\u0131n yerine mahalle konsepti \u015feklinde toplamda 400 civar\u0131nda yeni yap\u0131 yap\u0131laca\u011f\u0131n\u0131n bilgisini veren Babao\u011flu, sosyal i\u00e7erikli mekanlar\u0131yla b\u00f6lge sakinlerinin burada ya\u015famaya devam edece\u011fini, di\u011fer yap\u0131lar\u0131 ise sat\u0131\u015fa \u00e7\u0131karacaklar\u0131n\u0131 kaydetti.<\/p>\n<p><strong>-B\u00fct\u00e7e 120 milyon lira- <\/strong><\/p>\n<p>Proje i\u00e7in 120 milyon lira civar\u0131nda bir b\u00fct\u00e7e \u00f6ng\u00f6rd\u00fcklerini s\u00f6yleyen Babao\u011flu, \u015f\u00f6yle devam etti:<\/p>\n<p>&#8221;Hali\u00e7&#8217;teki kentsel d\u00f6n\u00fc\u015f\u00fcmle \u015fu ana kadar g\u00f6r\u00fclmemi\u015f \u00e7apta enerji tasarrufu sa\u011flayacak projeler bulunuyor. Mahalleli damacanayla su almayacak, \u00e7\u00fcnk\u00fc su ar\u0131tma tesisi olacak. Pencerelere vuran \u0131s\u0131dan fotovoltaik h\u00fccrelerle enerji kazanaca\u011f\u0131z. Yani sa\u00e7 kurutulan elektri\u011fi biz cama gelen enerjiden alaca\u011f\u0131z. Mahalle i\u00e7erisindeki y\u00fcr\u00fcy\u00fc\u015f yollar\u0131n\u0131n ayd\u0131nlatmas\u0131n\u0131 yollara yerle\u015ftirilmi\u015f plakalar arac\u0131l\u0131\u011f\u0131yla ad\u0131m att\u0131k\u00e7a elde edilecek enerjiyle ger\u00e7ekle\u015ftirece\u011fiz.&#8221;<\/p>\n<p>Proje i\u00e7in \u015fu ana kadar daha \u00e7ok leke \u00e7al\u0131\u015fmas\u0131 yapt\u0131klar\u0131n\u0131, yakla\u015f\u0131k 2 ay sonra d\u00fczenlenecek uluslararas\u0131 proje yar\u0131\u015fmas\u0131n\u0131n ard\u0131ndan b\u00f6lgede \u00e7al\u0131\u015fmalara ba\u015flayacaklar\u0131n\u0131 ve 2013 sonunda ya da 2014 ba\u015f\u0131nda projeyi tamamlamay\u0131 \u00f6ng\u00f6rd\u00fcklerini ifade eden Babao\u011flu, &#8221;Hilton Garden Inn&#8217;de oldu\u011fu gibi burada da Hali\u00e7&#8217;in siluetine uygun ve g\u00f6ze batmayan bir mimari olmas\u0131n\u0131 istiyoruz&#8221; diye konu\u015ftu.<\/p>\n<p>-Graebner: &#8221;Kentsel d\u00f6n\u00fc\u015f\u00fcm i\u00e7in buraday\u0131z&#8221;-<\/p>\n<p>Amplio Emlak Yat\u0131r\u0131m Kurucu Orta\u011f\u0131 ve Y\u00f6netim Kurulu \u00dcyesi Erwin Walter Graebner ise, T\u00fcrkiye i\u00e7in \u00e7ok yararl\u0131 bir i\u015f yapt\u0131klar\u0131n\u0131 ifade ederek, &#8221;B\u00f6lge sakinlerinin y\u00fczde 60&#8217;\u0131 normalde tapu sahip olmamas\u0131na ra\u011fmen biz onlara normalin \u00e7ok \u00fczerinde paralar \u00f6deyip tapular\u0131 olan evlere sahip olmalar\u0131n\u0131 sa\u011flayaca\u011f\u0131z. Herhangi bir \u015fey de \u00f6demeyecekler. Proje s\u00fcresince 2 y\u0131l boyunca kira yard\u0131m\u0131m\u0131z s\u00fcrecek. 2 y\u0131l sonra geri d\u00f6nd\u00fcklerinde \u00e7ok g\u00fczel evlerde ya\u015fayacaklar ve \u015fu anda yasal olarak sahip olmad\u0131klar\u0131 evlerde tapular\u0131 olarak ya\u015fayacaklar. Bizim sosyal anlamda verece\u011fimiz en b\u00fcy\u00fck f\u0131rsat bu&#8221; diye konu\u015ftu.<\/p>\n<p>Graebner, T\u00fcrkiye&#8217;de in\u015faat sekt\u00f6r\u00fcn\u00fcn son zamanlarda \u00f6zellikle deprem b\u00f6lgesinde bulunan riskli binalarda yeniden yap\u0131lanma faaliyetleri g\u00f6sterdi\u011fini ve 6 milyona ula\u015fan riskli binan\u0131n ciddi bir yenileme faaliyetini gerekli k\u0131ld\u0131\u011f\u0131n\u0131 belirterek, &#8221;\u00d6zellikle kentsel d\u00f6n\u00fc\u015f\u00fcm alan\u0131 olan b\u00f6lgelerdeki ihtiya\u00e7 neticesinde buraday\u0131z&#8221; dedi.<\/p>\n<p>T\u00fcrkiye&#8217;de yat\u0131r\u0131m yaparken \u00f6zellikle kentsel d\u00f6n\u00fc\u015f\u00fcm alanlar\u0131nda yat\u0131r\u0131mc\u0131 in\u015faat firmalar\u0131na vergi muafiyeti ya da indirimi oldu\u011fu takdirde bu alanda talebin y\u00fckselece\u011fini ve bu alana yat\u0131r\u0131m yapman\u0131n avantajl\u0131 hale gelece\u011fini dile getiren Graebner, T\u00fcrkiye&#8217;de sekt\u00f6r\u00fcn \u00e7ok h\u0131zl\u0131 geli\u015fti\u011fini, yabanc\u0131 yat\u0131r\u0131mc\u0131lar\u0131n gelmesiyle in\u015faat sekt\u00f6r\u00fcnde daha da art\u0131\u015f g\u00f6r\u00fclece\u011fini belirtti.<\/p>\n<p>Graebner, Hali\u00e7&#8217;ten sonra Okmeydan\u0131&#8217;nda da kentsel d\u00f6n\u00fc\u015f\u00fcm kapsam\u0131nda baz\u0131 alanlarla ilgilenebileceklerini s\u00f6zlerine ekledi.<\/p>\n<p>Kaynak: <a href=\"http:\/\/www.aksam.com.tr\/donusen-halicte-her-adim-enerji-uretecek--135607h.html\" target=\"_blank\">Ak\u015fam<\/a><\/p>","protected":false},"excerpt":{"rendered":"<p>Sorry, this entry is only available in Turkish. For the sake of viewer convenience, the content is shown below in the alternative language. You may click the link to switch the active language.Amplio Emlak Yat\u0131r\u0131mY\u00f6netimKurulu Ba\u015fkan\u0131 Alaeddin Babao\u011flu, Hali\u00e7&#8217;te ger\u00e7ekle\u015ftirecekleri kentsel d\u00f6n\u00fc\u015f\u00fcmde \u015fu ana kadar g\u00f6r\u00fclmemi\u015f \u00e7apta enerji tasarrufu sa\u011flayacak projeler bulundu\u011funu belirterek, &#8221;Mahalleli damacanayla [&hellip;]<\/p>\n","protected":false},"author":1,"featured_media":1720,"comment_status":"open","ping_status":"open","sticky":false,"template":"","format":"standard","meta":[],"categories":[53,52],"tags":[67,103,12,439,440],"views":665,"_links":{"self":[{"href":"https:\/\/www.enerjigazetesi.ist\/en\/wp-json\/wp\/v2\/posts\/1719"}],"collection":[{"href":"https:\/\/www.enerjigazetesi.ist\/en\/wp-json\/wp\/v2\/posts"}],"about":[{"href":"https:\/\/www.enerjigazetesi.ist\/en\/wp-json\/wp\/v2\/types\/post"}],"author":[{"embeddable":true,"href":"https:\/\/www.enerjigazetesi.ist\/en\/wp-json\/wp\/v2\/users\/1"}],"replies":[{"embeddable":true,"href":"https:\/\/www.enerjigazetesi.ist\/en\/wp-json\/wp\/v2\/comments?post=1719"}],"version-history":[{"count":2,"href":"https:\/\/www.enerjigazetesi.ist\/en\/wp-json\/wp\/v2\/posts\/1719\/revisions"}],"predecessor-version":[{"id":1722,"href":"https:\/\/www.enerjigazetesi.ist\/en\/wp-json\/wp\/v2\/posts\/1719\/revisions\/1722"}],"wp:featuredmedia":[{"embeddable":true,"href":"https:\/\/www.enerjigazetesi.ist\/en\/wp-json\/wp\/v2\/media\/1720"}],"wp:attachment":[{"href":"https:\/\/www.enerjigazetesi.ist\/en\/wp-json\/wp\/v2\/media?parent=1719"}],"wp:term":[{"taxonomy":"category","embeddable":true,"href":"https:\/\/www.enerjigazetesi.ist\/en\/wp-json\/wp\/v2\/categories?post=1719"},{"taxonomy":"post_tag","embeddable":true,"href":"https:\/\/www.enerjigazetesi.ist\/en\/wp-json\/wp\/v2\/tags?post=1719"}],"curies":[{"name":"wp","href":"https:\/\/api.w.org\/{rel}","templated":true}]}}