{"id":17182,"date":"2013-11-04T18:21:52","date_gmt":"2013-11-04T15:21:52","guid":{"rendered":"https:\/\/www.enerjigazetesi.ist\/?p=17182"},"modified":"2013-11-04T18:22:46","modified_gmt":"2013-11-04T15:22:46","slug":"erdogan-9-sehri-daha-dogalgaza-kavusturacaklarinin-mujdesini-verdi","status":"publish","type":"post","link":"https:\/\/www.enerjigazetesi.ist\/en\/erdogan-9-sehri-daha-dogalgaza-kavusturacaklarinin-mujdesini-verdi\/","title":{"rendered":"(Turkish) Erdo\u011fan, 9 \u015eehrimiz Daha Do\u011falgaza Kavu\u015facak!"},"content":{"rendered":"<p class=\"qtranxs-available-languages-message qtranxs-available-languages-message-en\">Sorry, this entry is only available in <a href=\"https:\/\/www.enerjigazetesi.ist\/tr\/wp-json\/wp\/v2\/posts\/17182\" class=\"qtranxs-available-language-link qtranxs-available-language-link-tr\" title=\"Turkish\">Turkish<\/a>. For the sake of viewer convenience, the content is shown below in the alternative language. You may click the link to switch the active language.<\/p><p><strong>Ba\u015fbakan Recep Tayyip Erdo\u011fan, 9 ili de 2015 sonuna kadar do\u011falgaza kavu\u015fturacaklar\u0131n\u0131n m\u00fcjdesini verdi.<\/strong><\/p>\n<p>K\u0131z\u0131lcahamam\u2019\u0131n gaz da\u011f\u0131t\u0131m t\u00f6renine kat\u0131lan Ba\u015fbakan Recep Tayyip Erdo\u011fan, \u201c9 ilimizi de 2015 sonuna kadar do\u011falgaza kavu\u015fturaca\u011f\u0131z\u201d m\u00fcjdesini verdi. Erdo\u011fan, \u201cArt\u0131k sadece \u015fehir merkezleri de\u011fil t\u00fcm yerle\u015fim birimlerimiz do\u011falgaz\u0131n konforundan yararlan\u0131yor. Do\u011falgazla issiz, kokusuz, kirsiz yeni bir hayat\u0131 hep birlikte ya\u015fayaca\u011f\u0131z\u201d diye konu\u015ftu.<\/p>\n<h2>\u0130kinci \u015eebeke<a href=\"https:\/\/www.enerjigazetesi.ist\/wp-content\/uploads\/2013\/11\/erdogan-9-sehri-daha-dogalgaza-kavusturacaklarinin-mujdesini-verdi.jpg\"><img loading=\"lazy\" class=\"alignright size-medium wp-image-17183\" title=\"erdogan-9-sehri-daha-dogalgaza-kavusturacaklarinin-mujdesini-verdi\" src=\"https:\/\/www.enerjigazetesi.ist\/wp-content\/uploads\/2013\/11\/erdogan-9-sehri-daha-dogalgaza-kavusturacaklarinin-mujdesini-verdi-300x215.jpg\" alt=\"\" width=\"300\" height=\"215\" srcset=\"https:\/\/www.enerjigazetesi.ist\/wp-content\/uploads\/2013\/11\/erdogan-9-sehri-daha-dogalgaza-kavusturacaklarinin-mujdesini-verdi-300x215.jpg 300w, https:\/\/www.enerjigazetesi.ist\/wp-content\/uploads\/2013\/11\/erdogan-9-sehri-daha-dogalgaza-kavusturacaklarinin-mujdesini-verdi-69x50.jpg 69w, https:\/\/www.enerjigazetesi.ist\/wp-content\/uploads\/2013\/11\/erdogan-9-sehri-daha-dogalgaza-kavusturacaklarinin-mujdesini-verdi.jpg 364w\" sizes=\"(max-width: 300px) 100vw, 300px\" \/><\/a><\/h2>\n<p>2002\u2032de elektrikte kurulu g\u00fcc\u00fcn 31 bin 843 megavat oldu\u011funu hat\u0131rlatan Erdo\u011fan, bug\u00fcn rakam\u0131n 62 bin megavata \u00e7\u0131kt\u0131\u011f\u0131n\u0131 s\u00f6yledi. Enerji santral say\u0131s\u0131n\u0131n da 300\u2032den 890\u2032a y\u00fckseldi\u011fini belirten Ba\u015fbakan Erdo\u011fan, \u201cBug\u00fcn d\u00fcnyan\u0131n \u00e7evresini 25 kere dola\u015fmaya e\u015fik 1 milyon kilometrekarelik elektrik iletim hatt\u0131yla Avrupa\u2019n\u0131n ikinci, d\u00fcnyan\u0131n be\u015finci b\u00fcy\u00fck \u015febekesine sahibiz. Enerjiye 100 milyar TL yat\u0131r\u0131m yapt\u0131k. T\u00fcrkiye\u2019nin hi\u00e7bir yerinde art\u0131k enerji s\u0131k\u0131nt\u0131s\u0131 yok\u201d diye konu\u015ftu. Marmaray\u2019\u0131n a\u00e7\u0131l\u0131\u015f\u0131na da de\u011finen Ba\u015fbakan, \u201cBu yetmez. Denizalt\u0131nda ara\u00e7lar\u0131n ge\u00e7ece\u011fi bir t\u00fcp ge\u00e7it yapaca\u011f\u0131z\u201d dedi.<\/p>\n<h2>Marshall Yard\u0131m\u0131<\/h2>\n<p>Kendilerinden \u00f6nceki iktidarlar\u0131 ele\u015ftiren Ba\u015fbakan, \u201cBirilerinin verece\u011fi Marshall yard\u0131mlar\u0131yla de\u011fil, kendi kaynaklar\u0131m\u0131zla ara\u00e7lar\u0131m\u0131z\u0131 yapaca\u011f\u0131z dedik. Bug\u00fcn sava\u015f gemisi, tank ve insans\u0131z hava ara\u00e7lar\u0131 yap\u0131yoruz. Fakire fukaraya el uzatan bir \u00fclke olduk. Daha \u00f6nce biz dileniyorduk. \u015eimdi veren el olduk\u201d de\u011ferlendirmesinde bulundu. Ba\u015fbakan Erdo\u011fan, K\u0131z\u0131lcahamam\u2019\u0131n jeotermal ve kongre turizminden alaca\u011f\u0131 pay\u0131 art\u0131rmak i\u00e7in desteklerini s\u00fcrd\u00fcreceklerini s\u00f6yledi.<\/p>\n<p>Kaynak: <a href=\"http:\/\/enerjienstitusu.com\/2013\/11\/04\/basbakan-erdogan-9-sehri-daha-dogalgaza-kavusturacaklarinin-mujdesini-verdi\/\" target=\"_blank\">Enerji Enstit\u00fcs\u00fc<\/a><\/p>","protected":false},"excerpt":{"rendered":"<p>Sorry, this entry is only available in Turkish. For the sake of viewer convenience, the content is shown below in the alternative language. You may click the link to switch the active language.Ba\u015fbakan Recep Tayyip Erdo\u011fan, 9 ili de 2015 sonuna kadar do\u011falgaza kavu\u015fturacaklar\u0131n\u0131n m\u00fcjdesini verdi. K\u0131z\u0131lcahamam\u2019\u0131n gaz da\u011f\u0131t\u0131m t\u00f6renine kat\u0131lan Ba\u015fbakan Recep Tayyip Erdo\u011fan, [&hellip;]<\/p>\n","protected":false},"author":1,"featured_media":17183,"comment_status":"open","ping_status":"open","sticky":false,"template":"","format":"standard","meta":[],"categories":[46,53],"tags":[92,226,63,67,1009,165,10101,10102,2063],"views":778,"_links":{"self":[{"href":"https:\/\/www.enerjigazetesi.ist\/en\/wp-json\/wp\/v2\/posts\/17182"}],"collection":[{"href":"https:\/\/www.enerjigazetesi.ist\/en\/wp-json\/wp\/v2\/posts"}],"about":[{"href":"https:\/\/www.enerjigazetesi.ist\/en\/wp-json\/wp\/v2\/types\/post"}],"author":[{"embeddable":true,"href":"https:\/\/www.enerjigazetesi.ist\/en\/wp-json\/wp\/v2\/users\/1"}],"replies":[{"embeddable":true,"href":"https:\/\/www.enerjigazetesi.ist\/en\/wp-json\/wp\/v2\/comments?post=17182"}],"version-history":[{"count":2,"href":"https:\/\/www.enerjigazetesi.ist\/en\/wp-json\/wp\/v2\/posts\/17182\/revisions"}],"predecessor-version":[{"id":17185,"href":"https:\/\/www.enerjigazetesi.ist\/en\/wp-json\/wp\/v2\/posts\/17182\/revisions\/17185"}],"wp:featuredmedia":[{"embeddable":true,"href":"https:\/\/www.enerjigazetesi.ist\/en\/wp-json\/wp\/v2\/media\/17183"}],"wp:attachment":[{"href":"https:\/\/www.enerjigazetesi.ist\/en\/wp-json\/wp\/v2\/media?parent=17182"}],"wp:term":[{"taxonomy":"category","embeddable":true,"href":"https:\/\/www.enerjigazetesi.ist\/en\/wp-json\/wp\/v2\/categories?post=17182"},{"taxonomy":"post_tag","embeddable":true,"href":"https:\/\/www.enerjigazetesi.ist\/en\/wp-json\/wp\/v2\/tags?post=17182"}],"curies":[{"name":"wp","href":"https:\/\/api.w.org\/{rel}","templated":true}]}}