{"id":171774,"date":"2023-03-25T12:36:46","date_gmt":"2023-03-25T09:36:46","guid":{"rendered":"https:\/\/www.enerjigazetesi.ist\/?p=171774"},"modified":"2023-03-25T12:37:07","modified_gmt":"2023-03-25T09:37:07","slug":"izocam-yelken-takimi-miyc-ve-eayk-kis-trofelerinde-odulleri-evine-tasiyor","status":"publish","type":"post","link":"https:\/\/www.enerjigazetesi.ist\/en\/izocam-yelken-takimi-miyc-ve-eayk-kis-trofelerinde-odulleri-evine-tasiyor\/","title":{"rendered":"(Turkish) \u0130zocam Yelken Tak\u0131m\u0131, MIYC ve EAYK K\u0131\u015f Trofelerinde \u00d6d\u00fclleri Evine Ta\u015f\u0131yor!"},"content":{"rendered":"<p class=\"qtranxs-available-languages-message qtranxs-available-languages-message-en\">Sorry, this entry is only available in <a href=\"https:\/\/www.enerjigazetesi.ist\/tr\/wp-json\/wp\/v2\/posts\/171774\" class=\"qtranxs-available-language-link qtranxs-available-language-link-tr\" title=\"Turkish\">Turkish<\/a>. For the sake of viewer convenience, the content is shown below in the alternative language. You may click the link to switch the active language.<\/p><p><\/p>\n<h2>K\u00fcresel iklim de\u011fi\u015fikli\u011fine, s\u00fcrd\u00fcr\u00fclebilirli\u011fin \u00f6nemine ve iyi ya\u015fam hakk\u0131na dikkat \u00e7ekmek amac\u0131yla denizlere yelken a\u00e7an \u0130zocam Yelken Tak\u0131m\u0131, bu y\u0131l kat\u0131ld\u0131\u011f\u0131 k\u0131\u015f trofelerinde ba\u015far\u0131lar\u0131yla ad\u0131ndan s\u00f6z ettiriyor. En son kat\u0131ld\u0131\u011f\u0131 Ege A\u00e7\u0131kdeniz Yat Kul\u00fcb\u00fc (EAYK) taraf\u0131ndan organize edilen EAYK K\u0131\u015f Trofesi\u2019nde 2\u2019ncilik \u00f6d\u00fcl\u00fc alan ba\u015far\u0131l\u0131 tak\u0131m, Marmaris Uluslararas\u0131 Yat Kul\u00fcb\u00fc (MIYC) taraf\u0131ndan d\u00fczenlenen MIYC K\u0131\u015f Trofesi\u2019ndeki yar\u0131\u015flarda da \u015fu ana kadar 2\u2019ncilik ve 4\u2019\u00fcnc\u00fcl\u00fck \u00f6d\u00fcllerini evine ta\u015f\u0131d\u0131.<\/h2>\n<p>\u00c7e\u015fme Marina ev sahipli\u011finde ger\u00e7ekle\u015fen EAYK K\u0131\u015f Trofesi\u2019nde 3. ayak yar\u0131\u015flar\u0131 <strong>11-12 Mart 2023<\/strong> tarihlerinde ger\u00e7ekle\u015fti.<strong> \u0130zocam Yelken Tak\u0131m\u0131<\/strong>, alt\u0131 etaptan olu\u015fan ve her aya\u011f\u0131 iki g\u00fcn\u00fc kapsayan yar\u0131\u015flar\u0131n ilk aya\u011f\u0131na teknik sebeplerle kat\u0131lmad\u0131. \u0130kinci aya\u011f\u0131 deprem nedeniyle ertelenen trofenin <img loading=\"lazy\" class=\"alignright wp-image-171776\" src=\"https:\/\/www.enerjigazetesi.ist\/wp-content\/uploads\/2023\/03\/izocam-yelken-takimi-miyc-ve-eayk-kis-trofelerinde-odulleri-evine-tasiyor-2.jpg\" alt=\"\" width=\"320\" height=\"214\" srcset=\"https:\/\/www.enerjigazetesi.ist\/wp-content\/uploads\/2023\/03\/izocam-yelken-takimi-miyc-ve-eayk-kis-trofelerinde-odulleri-evine-tasiyor-2.jpg 550w, https:\/\/www.enerjigazetesi.ist\/wp-content\/uploads\/2023\/03\/izocam-yelken-takimi-miyc-ve-eayk-kis-trofelerinde-odulleri-evine-tasiyor-2-300x200.jpg 300w, https:\/\/www.enerjigazetesi.ist\/wp-content\/uploads\/2023\/03\/izocam-yelken-takimi-miyc-ve-eayk-kis-trofelerinde-odulleri-evine-tasiyor-2-500x334.jpg 500w, https:\/\/www.enerjigazetesi.ist\/wp-content\/uploads\/2023\/03\/izocam-yelken-takimi-miyc-ve-eayk-kis-trofelerinde-odulleri-evine-tasiyor-2-75x50.jpg 75w, https:\/\/www.enerjigazetesi.ist\/wp-content\/uploads\/2023\/03\/izocam-yelken-takimi-miyc-ve-eayk-kis-trofelerinde-odulleri-evine-tasiyor-2-450x300.jpg 450w\" sizes=\"(max-width: 320px) 100vw, 320px\" \/>ge\u00e7ti\u011fimiz haftasonu ger\u00e7ekle\u015fen 3. aya\u011f\u0131nda ise ba\u015far\u0131l\u0131 bir performans sergileyen <strong>\u0130zocam Yelken Tak\u0131m\u0131<\/strong>, yar\u0131\u015f sonunda 2&#8217;ncilik \u00f6d\u00fcl\u00fcn\u00fc almaya hak kazanarak podyuma \u00e7\u0131kt\u0131.<\/p>\n<p>\u0130zocam Yelken Tak\u0131m\u0131, EAYK K\u0131\u015f Trofesi\u2019nin yan\u0131 s\u0131ra Marmaris MIYC K\u0131\u015f Trofesi Yat Yar\u0131\u015flar\u0131&#8217;ndaki ba\u015far\u0131lar\u0131yla da dikkat \u00e7ekiyor. Mu\u011fla&#8217;n\u0131n Marmaris il\u00e7esinde 14\u2019\u00fcnc\u00fc kez d\u00fczenlenen MIYC K\u0131\u015f Trofesi\u2019ne bu y\u0131l T\u00fcrkiye&#8217;nin yan\u0131 s\u0131ra Romanya ve Rusya&#8217;dan 27 yelkenli yat ile 300 sporcu kat\u0131l\u0131yor. Alt\u0131 etaptan olu\u015fan ve her aya\u011f\u0131 iki g\u00fcn\u00fc kapsayan trofenin \u00fc\u00e7\u00fcnc\u00fc aya\u011f\u0131 4-5 Mart 2023 tarihlerinde ger\u00e7ekle\u015fti. <strong>\u0130zocam Yelken Tak\u0131m\u0131, yar\u0131\u015flar\u0131n \u00fc\u00e7\u00fcnc\u00fc aya\u011f\u0131nda 2\u2019ncilik \u00f6d\u00fcl\u00fcn\u00fc<\/strong> alarak podyuma \u00e7\u0131kt\u0131. Ba\u015far\u0131l\u0131 tak\u0131m, ikinci ayak yar\u0131\u015flar\u0131 depremlerden dolay\u0131 ertelenen trofenin, <strong>21-22 Ocak 2023 tarihlerinde<\/strong> ger\u00e7ekle\u015fen ilk aya\u011f\u0131nda ise<strong> 4\u2019\u00fcnc\u00fcl\u00fck \u00f6d\u00fcl\u00fcn\u00fc<\/strong> evine ta\u015f\u0131m\u0131\u015ft\u0131.<\/p>\n<p>Enerji tasarrufu, \u00e7evreye dost \u00fcretim, do\u011fayla b\u00fct\u00fcnle\u015fen \u00fcr\u00fcnler, sa\u011fl\u0131kl\u0131 bireyler yakla\u015f\u0131m\u0131yla yal\u0131t\u0131m sekt\u00f6r\u00fcn\u00fcn lideri olan \u0130zocam,<strong> \u2018iyi ya\u015fam\u2019a<\/strong> ve <strong>\u2018s\u00fcrd\u00fcr\u00fclebilir yar\u0131nlar\u2019a<\/strong> \u00f6nc\u00fcl\u00fck etme misyonuyla denizlere yelken a\u00e7\u0131yor.<strong> \u201cS\u00fcrd\u00fcr\u00fclebilir yar\u0131nlar\u0131n arkas\u0131nda \u0130zocam var\u201d<\/strong> mottosuyla yelken a\u00e7an <strong>\u0130zocam Yelken Tak\u0131m\u0131<\/strong>\u2019nda profesyonel yar\u0131\u015f\u00e7\u0131lar\u0131n yan\u0131nda <strong>Sailmaster ekibinden<\/strong> temel yelken e\u011fitimi alm\u0131\u015f <strong>\u0130zocam \u00e7al\u0131\u015fanlar\u0131 da<\/strong> yer al\u0131yor. \u0130zocam Yelken Tak\u0131m\u0131, 2023 y\u0131l\u0131 boyunca<strong> MIYC Marmaris K\u0131\u015f Trofesi, EAYK K\u0131\u015f Trofesi<\/strong> ve<strong> Bosphorous Cup \u0130stanbul Yar\u0131\u015f\u0131<\/strong> olmak \u00fczere toplamda <strong>3 trofe<\/strong> ve 2<strong>0 yar\u0131\u015fta<\/strong> yer alacak.<\/p>","protected":false},"excerpt":{"rendered":"<p>Sorry, this entry is only available in Turkish. For the sake of viewer convenience, the content is shown below in the alternative language. You may click the link to switch the active language. K\u00fcresel iklim de\u011fi\u015fikli\u011fine, s\u00fcrd\u00fcr\u00fclebilirli\u011fin \u00f6nemine ve iyi ya\u015fam hakk\u0131na dikkat \u00e7ekmek amac\u0131yla denizlere yelken a\u00e7an \u0130zocam Yelken Tak\u0131m\u0131, bu y\u0131l kat\u0131ld\u0131\u011f\u0131 k\u0131\u015f [&hellip;]<\/p>\n","protected":false},"author":1,"featured_media":171777,"comment_status":"open","ping_status":"open","sticky":false,"template":"","format":"standard","meta":[],"categories":[53,52],"tags":[108499,108496,100323,6565,108497,108498,1296],"views":43,"_links":{"self":[{"href":"https:\/\/www.enerjigazetesi.ist\/en\/wp-json\/wp\/v2\/posts\/171774"}],"collection":[{"href":"https:\/\/www.enerjigazetesi.ist\/en\/wp-json\/wp\/v2\/posts"}],"about":[{"href":"https:\/\/www.enerjigazetesi.ist\/en\/wp-json\/wp\/v2\/types\/post"}],"author":[{"embeddable":true,"href":"https:\/\/www.enerjigazetesi.ist\/en\/wp-json\/wp\/v2\/users\/1"}],"replies":[{"embeddable":true,"href":"https:\/\/www.enerjigazetesi.ist\/en\/wp-json\/wp\/v2\/comments?post=171774"}],"version-history":[{"count":0,"href":"https:\/\/www.enerjigazetesi.ist\/en\/wp-json\/wp\/v2\/posts\/171774\/revisions"}],"wp:featuredmedia":[{"embeddable":true,"href":"https:\/\/www.enerjigazetesi.ist\/en\/wp-json\/wp\/v2\/media\/171777"}],"wp:attachment":[{"href":"https:\/\/www.enerjigazetesi.ist\/en\/wp-json\/wp\/v2\/media?parent=171774"}],"wp:term":[{"taxonomy":"category","embeddable":true,"href":"https:\/\/www.enerjigazetesi.ist\/en\/wp-json\/wp\/v2\/categories?post=171774"},{"taxonomy":"post_tag","embeddable":true,"href":"https:\/\/www.enerjigazetesi.ist\/en\/wp-json\/wp\/v2\/tags?post=171774"}],"curies":[{"name":"wp","href":"https:\/\/api.w.org\/{rel}","templated":true}]}}