{"id":171757,"date":"2023-03-25T11:27:49","date_gmt":"2023-03-25T08:27:49","guid":{"rendered":"https:\/\/www.enerjigazetesi.ist\/?p=171757"},"modified":"2023-03-25T11:28:17","modified_gmt":"2023-03-25T08:28:17","slug":"akkuyu-nukleer-a-s-ulusal-yaraticilik-yarismasi-duzenliyor","status":"publish","type":"post","link":"https:\/\/www.enerjigazetesi.ist\/en\/akkuyu-nukleer-a-s-ulusal-yaraticilik-yarismasi-duzenliyor\/","title":{"rendered":"(Turkish) Akkuyu N\u00fckleer A.\u015e Ulusal Yarat\u0131c\u0131l\u0131k Yar\u0131\u015fmas\u0131 D\u00fczenliyor"},"content":{"rendered":"<p class=\"qtranxs-available-languages-message qtranxs-available-languages-message-en\">Sorry, this entry is only available in <a href=\"https:\/\/www.enerjigazetesi.ist\/tr\/wp-json\/wp\/v2\/posts\/171757\" class=\"qtranxs-available-language-link qtranxs-available-language-link-tr\" title=\"Turkish\">Turkish<\/a>. For the sake of viewer convenience, the content is shown below in the alternative language. You may click the link to switch the active language.<\/p><p><\/p>\n<h2>AKKUYU N\u00dcKLEER A.\u015e, 23 Nisan Ulusal Egemenlik ve \u00c7ocuk Bayram\u0131 dolay\u0131s\u0131yla bu y\u0131l da \u00e7ocuklara y\u00f6nelik bir yarat\u0131c\u0131 yar\u0131\u015fma d\u00fczenliyor. Yar\u0131\u015fmaya T\u00fcrkiye&#8217;nin d\u00f6rt bir yan\u0131ndan 6-16 ya\u015f aras\u0131ndaki \u00e7ocuklar ve gen\u00e7ler kat\u0131labilecek.<\/h2>\n<p>T\u00fcrkiye Cumhuriyeti&#8217;nde ya\u015fayan \u00e7ocuk ve gen\u00e7leri kapsayan yar\u0131\u015fma,<strong> 6-10<\/strong> ve <strong>11-16<\/strong> olmak \u00fczere iki<img loading=\"lazy\" class=\"alignright wp-image-171759\" src=\"https:\/\/www.enerjigazetesi.ist\/wp-content\/uploads\/2023\/03\/akkuyu-nukleer-a-s-ulusal-yaraticilik-yarismasi-duzenliyor.jpg\" alt=\"\" width=\"320\" height=\"210\" srcset=\"https:\/\/www.enerjigazetesi.ist\/wp-content\/uploads\/2023\/03\/akkuyu-nukleer-a-s-ulusal-yaraticilik-yarismasi-duzenliyor.jpg 550w, https:\/\/www.enerjigazetesi.ist\/wp-content\/uploads\/2023\/03\/akkuyu-nukleer-a-s-ulusal-yaraticilik-yarismasi-duzenliyor-300x197.jpg 300w, https:\/\/www.enerjigazetesi.ist\/wp-content\/uploads\/2023\/03\/akkuyu-nukleer-a-s-ulusal-yaraticilik-yarismasi-duzenliyor-500x328.jpg 500w, https:\/\/www.enerjigazetesi.ist\/wp-content\/uploads\/2023\/03\/akkuyu-nukleer-a-s-ulusal-yaraticilik-yarismasi-duzenliyor-76x50.jpg 76w\" sizes=\"(max-width: 320px) 100vw, 320px\" \/> ayr\u0131 ya\u015f grubunda d\u00fczenlenecek. Kat\u0131l\u0131mc\u0131lar, <strong>\u201cEnerjik Y\u00fczy\u0131l\u201d<\/strong> temal\u0131 video \u00e7ekimi,<strong> \u201cAtomik S\u00fcper Kahraman\u201d<\/strong> temal\u0131 \u00e7izim ve <strong>\u201cD\u00fcnyay\u0131 De\u011fi\u015ftiren Enerji\u201d<\/strong> temal\u0131 resim olmak \u00fczere \u00fc\u00e7 ayr\u0131 kategoride yar\u0131\u015facak. Her bir yar\u0131\u015fmac\u0131 se\u00e7tikleri kategoride kat\u0131l\u0131m sa\u011flayacak. J\u00fcri, kat\u0131l\u0131mc\u0131lar\u0131n eserlerini<strong> teknik performans, sanatsal ifade<\/strong> ve <strong>yar\u0131\u015fma temas\u0131na uygunluk<\/strong> a\u00e7\u0131lar\u0131ndan de\u011ferlendirecek. Yar\u0131\u015fma sonunda her ya\u015f kategorisinden<strong> ilk 3\u2019e girenler<\/strong> yar\u0131\u015fman\u0131n kazananlar\u0131 olacak.<\/p>\n<p>Kat\u0131l\u0131mc\u0131lardan \u00e7al\u0131\u015fmalar\u0131nda, artan enerji talebinin kar\u015f\u0131lanmas\u0131 a\u00e7\u0131s\u0131ndan n\u00fckleer santral in\u015fa etmenin \u00f6nemini ve n\u00fckleer enerjinin <strong>sera gaz\u0131na yol a\u00e7mad\u0131\u011f\u0131ndan<\/strong>, gelecek nesiller i\u00e7in <strong>\u00e7evrenin korunmas\u0131n\u0131 sa\u011flayacak bir g\u00fc\u00e7 kayna\u011f\u0131<\/strong> olarak rol\u00fcn\u00fc vurgulamalar\u0131 isteniyor.<\/p>\n<p><strong>24 Mart itibariyle<\/strong> ba\u015flayan yar\u0131\u015fma i\u00e7in ba\u015fvurular <strong>15 Nisan\u2019a kadar<\/strong> yap\u0131labilecek. Ba\u015fvurular\u0131n\u00a0<a href=\"mailto:communications@akkuyu.com\" target=\"_blank\" rel=\"noopener\">communications@akkuyu.com<\/a> e-posta adresine g\u00f6nderilmesi gerekiyor.<\/p>\n<p>Ba\u015fvuru kurallar\u0131 hakk\u0131nda daha fazla bilgi AKKUYU N\u00dcKLEER A.\u015e\u2019nin resmi internet sayfas\u0131nda\u00a0<a href=\"http:\/\/www.akkuyu.com\/akkuyu-nukleer-as-ulusal-yaraticilik-yarismasi-duzenliyor\/update\" target=\"_blank\" rel=\"noopener\">Akkuyu Yarat\u0131c\u0131l\u0131k Yar\u0131\u015fmas\u0131<\/a>\u00a0linkinden bulunabilir. Kazananlar <strong>23-30 Nisan 2023<\/strong> tarihleri aras\u0131nda <strong>AKKUYU N\u00dcKLEER A.\u015e\u2019nin<\/strong> <strong>internet sayfas\u0131ndan<\/strong> ve <strong>\u015firketin sosyal medya hesaplar\u0131ndan<\/strong> duyurulacak.<\/p>","protected":false},"excerpt":{"rendered":"<p>Sorry, this entry is only available in Turkish. For the sake of viewer convenience, the content is shown below in the alternative language. You may click the link to switch the active language. AKKUYU N\u00dcKLEER A.\u015e, 23 Nisan Ulusal Egemenlik ve \u00c7ocuk Bayram\u0131 dolay\u0131s\u0131yla bu y\u0131l da \u00e7ocuklara y\u00f6nelik bir yarat\u0131c\u0131 yar\u0131\u015fma d\u00fczenliyor. Yar\u0131\u015fmaya T\u00fcrkiye&#8217;nin [&hellip;]<\/p>\n","protected":false},"author":1,"featured_media":171760,"comment_status":"open","ping_status":"open","sticky":false,"template":"","format":"standard","meta":[],"categories":[53,43],"tags":[108487,20867,107123,63181,19356,1142],"views":75,"_links":{"self":[{"href":"https:\/\/www.enerjigazetesi.ist\/en\/wp-json\/wp\/v2\/posts\/171757"}],"collection":[{"href":"https:\/\/www.enerjigazetesi.ist\/en\/wp-json\/wp\/v2\/posts"}],"about":[{"href":"https:\/\/www.enerjigazetesi.ist\/en\/wp-json\/wp\/v2\/types\/post"}],"author":[{"embeddable":true,"href":"https:\/\/www.enerjigazetesi.ist\/en\/wp-json\/wp\/v2\/users\/1"}],"replies":[{"embeddable":true,"href":"https:\/\/www.enerjigazetesi.ist\/en\/wp-json\/wp\/v2\/comments?post=171757"}],"version-history":[{"count":0,"href":"https:\/\/www.enerjigazetesi.ist\/en\/wp-json\/wp\/v2\/posts\/171757\/revisions"}],"wp:featuredmedia":[{"embeddable":true,"href":"https:\/\/www.enerjigazetesi.ist\/en\/wp-json\/wp\/v2\/media\/171760"}],"wp:attachment":[{"href":"https:\/\/www.enerjigazetesi.ist\/en\/wp-json\/wp\/v2\/media?parent=171757"}],"wp:term":[{"taxonomy":"category","embeddable":true,"href":"https:\/\/www.enerjigazetesi.ist\/en\/wp-json\/wp\/v2\/categories?post=171757"},{"taxonomy":"post_tag","embeddable":true,"href":"https:\/\/www.enerjigazetesi.ist\/en\/wp-json\/wp\/v2\/tags?post=171757"}],"curies":[{"name":"wp","href":"https:\/\/api.w.org\/{rel}","templated":true}]}}