{"id":171644,"date":"2023-03-23T11:38:02","date_gmt":"2023-03-23T08:38:02","guid":{"rendered":"https:\/\/www.enerjigazetesi.ist\/?p=171644"},"modified":"2023-03-23T11:38:29","modified_gmt":"2023-03-23T08:38:29","slug":"belirsizlik-yilinda-surdurulebilirlik-yatirimlari-artacak","status":"publish","type":"post","link":"https:\/\/www.enerjigazetesi.ist\/en\/belirsizlik-yilinda-surdurulebilirlik-yatirimlari-artacak\/","title":{"rendered":"(Turkish) Belirsizlik Y\u0131l\u0131nda S\u00fcrd\u00fcr\u00fclebilirlik Yat\u0131r\u0131mlar\u0131 Artacak"},"content":{"rendered":"<p class=\"qtranxs-available-languages-message qtranxs-available-languages-message-en\">Sorry, this entry is only available in <a href=\"https:\/\/www.enerjigazetesi.ist\/tr\/wp-json\/wp\/v2\/posts\/171644\" class=\"qtranxs-available-language-link qtranxs-available-language-link-tr\" title=\"Turkish\">Turkish<\/a>. For the sake of viewer convenience, the content is shown below in the alternative language. You may click the link to switch the active language.<\/p><p><\/p>\n<h2>Deloitte i\u015f d\u00fcnyas\u0131ndaki liderlerin iklim de\u011fi\u015fikli\u011fi ve s\u00fcrd\u00fcr\u00fclebilirlik konusundaki endi\u015felerini ve harekete ge\u00e7me seviyesini \u00f6l\u00e7mek amac\u0131yla 24 \u00fclkede 2 binden fazla \u00fcst y\u00f6netici ve CxO ile bir ara\u015ft\u0131rma yapt\u0131. 2023 CxO S\u00fcrd\u00fcr\u00fclebilirlik Raporu\u2019na g\u00f6re \u015firketlerin \u00fcst y\u00f6neticileri, k\u00fcresel belirsizlik ortam\u0131nda iklim de\u011fi\u015fikli\u011fini kurulu\u015flar\u0131 i\u00e7in en \u00f6nemli \u00f6ncelikleri olarak g\u00f6r\u00fcyor. Bir\u00e7ok CxO, iklim de\u011fi\u015fikli\u011fini, inovasyon, yetenek i\u00e7in rekabet ve tedarik zinciri zorluklar\u0131yla birlikte \u00f6nlerindeki ilk \u00fc\u00e7 sorun aras\u0131nda de\u011ferlendiriyor. CxO&#8217;lar\u0131n % 75&#8217;i kurulu\u015flar\u0131n\u0131n ge\u00e7ti\u011fimiz y\u0131l s\u00fcrd\u00fcr\u00fclebilirlik yat\u0131r\u0131mlar\u0131n\u0131 art\u0131rd\u0131\u011f\u0131n\u0131, y\u00fczde 20&#8217;si ise yat\u0131r\u0131mlar\u0131n\u0131 \u2018\u00f6nemli \u00f6l\u00e7\u00fcde\u2019 art\u0131rd\u0131\u011f\u0131n\u0131 belirtiyor.<\/h2>\n<p>Ara\u015ft\u0131rmadan dikkat \u00e7eken <span style=\"text-decoration: underline;\">ba\u015fl\u0131klar \u015f\u00f6yle;<\/span><\/p>\n<p>&#8211; Kat\u0131l\u0131mc\u0131lar\u0131n neredeyse tamam\u0131 iklim de\u011fi\u015fikli\u011finin sonu\u00e7lar\u0131n\u0131n, ge\u00e7en y\u0131l i\u00e7inde kurulu\u015flar\u0131n\u0131 bir \u015fekilde etkiledi\u011fini belirtiyor. CxO&#8217;lar\u0131n y\u00fczde 82&#8217;si iklim de\u011fi\u015fikli\u011finden ki\u015fisel olarak etkilendi\u011fini ifade ediyor.<\/p>\n<p>&#8211; Endi\u015felere ra\u011fmen, liderlerin y\u00fczde 78&#8217;i d\u00fcnyan\u0131n iklim de\u011fi\u015fikli\u011finin en k\u00f6t\u00fc etkilerinden ka\u00e7\u0131nmak i\u00e7in yeterli ad\u0131mlar\u0131 ataca\u011f\u0131 konusunda iyimser ve y\u00fczde 84&#8217;\u00fc iklim de\u011fi\u015fikli\u011fi hedeflerine ula\u015f\u0131rken <img loading=\"lazy\" class=\"alignright wp-image-171646\" src=\"https:\/\/www.enerjigazetesi.ist\/wp-content\/uploads\/2023\/03\/deloitte-cxo-sustainability-promo.jpg\" alt=\"\" width=\"300\" height=\"300\" srcset=\"https:\/\/www.enerjigazetesi.ist\/wp-content\/uploads\/2023\/03\/deloitte-cxo-sustainability-promo.jpg 480w, https:\/\/www.enerjigazetesi.ist\/wp-content\/uploads\/2023\/03\/deloitte-cxo-sustainability-promo-300x300.jpg 300w, https:\/\/www.enerjigazetesi.ist\/wp-content\/uploads\/2023\/03\/deloitte-cxo-sustainability-promo-150x150.jpg 150w, https:\/\/www.enerjigazetesi.ist\/wp-content\/uploads\/2023\/03\/deloitte-cxo-sustainability-promo-400x400.jpg 400w, https:\/\/www.enerjigazetesi.ist\/wp-content\/uploads\/2023\/03\/deloitte-cxo-sustainability-promo-50x50.jpg 50w, https:\/\/www.enerjigazetesi.ist\/wp-content\/uploads\/2023\/03\/deloitte-cxo-sustainability-promo-100x100.jpg 100w\" sizes=\"(max-width: 300px) 100vw, 300px\" \/>k\u00fcresel ekonomik b\u00fcy\u00fcmenin de sa\u011flanabilece\u011fi konusunda hemfikir.<\/p>\n<p>&#8211; CxO&#8217;lar \u015firketlerini etkileyen en \u00f6nemli sorun olarak \u2018kaynak k\u0131tl\u0131\u011f\u0131\/kaynak maliyeti\u2019ni g\u00f6steriyor (y\u00fczde 46). Kat\u0131l\u0131mc\u0131lar\u0131n y\u00fczde 45&#8217;i \u2018iklim de\u011fi\u015fikli\u011fiyle ilgili de\u011fi\u015fen t\u00fcketim kal\u0131plar\u0131 veya tercihleri\u2019 ve y\u00fczde 43&#8217;\u00fc \u2018emisyonlar\u0131n d\u00fczenlenmesini\u2019 \u015firketlerini etkileyen di\u011fer sorunlar olarak s\u0131ral\u0131yor.<\/p>\n<p>&#8211; Y\u00f6neticilerin \u00fc\u00e7te biri iklim de\u011fi\u015fikli\u011finin \u00e7al\u0131\u015fanlar\u0131n\u0131n fiziksel (y\u00fczde 37) ve ruhsal (y\u00fczde 32) sa\u011fl\u0131\u011f\u0131n\u0131 olumsuz etkiledi\u011fini belirtiyor.<\/p>\n<p>&#8211; Ara\u015ft\u0131rma, \u015firketlerin iklim de\u011fi\u015fikli\u011fi konusunda harekete ge\u00e7meleri i\u00e7in payda\u015f gruplar\u0131ndan yo\u011fun bir bask\u0131 hissettiklerini ortaya koyuyor. CxO&#8217;lar\u0131n y\u00fczde 68&#8217;i, y\u00f6netim kurulu \u00fcyeleri ve y\u00f6netim, d\u00fczenleyici kurumlar ve h\u00fck\u00fcmetler, t\u00fcketiciler ve m\u00fc\u015fteriler gibi gruplardan b\u00fcy\u00fck ya da orta derecede bask\u0131 hissettiklerini belirtiyor. \u015eirketler, ayr\u0131ca, hissedarlar\u0131n ve yat\u0131r\u0131mc\u0131lar\u0131n (y\u00fczde 66), \u00e7al\u0131\u015fanlar\u0131n (y\u00fczde 64) ve toplumun da (y\u00fczde 64) bask\u0131s\u0131n\u0131 hissediyor.<\/p>\n<h3><strong>\u00c7al\u0131\u015fan aktivizmi art\u0131yor<\/strong><\/h3>\n<p>&#8211; \u00dcst y\u00f6neticilerin yar\u0131dan fazlas\u0131na g\u00f6re, \u00e7al\u0131\u015fanlar\u0131n iklimle ilgili yaratt\u0131\u011f\u0131 bask\u0131, \u015firketlerin s\u00fcrd\u00fcr\u00fclebilirlikle ilgili eylemlerini art\u0131rmas\u0131n\u0131 sa\u011fl\u0131yor. CxO&#8217;lar\u0131n y\u00fczde 65&#8217;i ise de\u011fi\u015fen d\u00fczenleyici ortam\u0131n, \u015firketlerin iklim konusunda daha fazla aksiyon almas\u0131n\u0131 sa\u011flad\u0131\u011f\u0131n\u0131 belirtiyor.<\/p>\n<p>&#8211; \u015eirketlere iklimle ilgili nas\u0131l harekete ge\u00e7tikleri soruldu\u011funda, y\u00fczde 59\u2019u daha s\u00fcrd\u00fcr\u00fclebilir malzemeler kulland\u0131\u011f\u0131n\u0131, y\u00fczde 59&#8217;u enerji kullan\u0131m\u0131 verimlili\u011fini art\u0131rd\u0131\u011f\u0131n\u0131, y\u00fczde 50&#8217;si \u00e7al\u0131\u015fanlar\u0131n\u0131 iklim de\u011fi\u015fikli\u011fi konusunda e\u011fitti\u011fini ve y\u00fczde 49&#8217;u da iklim dostu yeni \u00fcr\u00fcn veya hizmetler geli\u015ftirdi\u011fini s\u00f6yl\u00fcyor.<\/p>\n<p>&#8211; \u015eirketler ayr\u0131ca iklim de\u011fi\u015fikli\u011fine uyum \u00e7al\u0131\u015fmalar\u0131n\u0131 da h\u0131zland\u0131r\u0131yor. Y\u00fczde 43&#8217;\u00fc \u015firketlerini iklim de\u011fi\u015fikli\u011fine daha dayan\u0131kl\u0131 hale getirmek i\u00e7in uygun de\u011fi\u015fiklikleri yap\u0131yor; y\u00fczde 40&#8217;\u0131 a\u015f\u0131r\u0131 hava risklerine kar\u015f\u0131 sigorta sat\u0131n al\u0131yor, y\u00fczde 36&#8217;s\u0131 a\u015f\u0131r\u0131 hava olaylar\u0131ndan etkilenen \u00e7al\u0131\u015fanlara mali yard\u0131m sa\u011fl\u0131yor.<\/p>\n<h3><strong>\u00d6l\u00e7\u00fcm ve maliyet engeli<\/strong><\/h3>\n<p>&#8211; Belirli gruplar\u0131n iklim de\u011fi\u015fikli\u011fini ele alma konusunda ne kadar ciddi oldu\u011fu soruldu\u011funda, CxO\u2019lar\u0131n sadece y\u00fczde 29\u2019u \u00f6zel sekt\u00f6r\u00fcn \u2018\u00e7ok ciddi\u2019 oldu\u011funa inand\u0131\u011f\u0131n\u0131 ifade ediyor. CxO\u2019lar\u0131n d\u00f6rtte biri \u00e7evresel etkiyi \u00f6l\u00e7menin zorlu\u011funun ve s\u00fcrd\u00fcr\u00fclebilirlik \u00e7abalar\u0131n\u0131n maliyetinin iklim eyleminin \u00f6n\u00fcndeki en \u00f6nemli engeller oldu\u011funu belirtiyor.<\/p>\n<p>Raporu de\u011ferlendiren <strong>Deloitte T\u00fcrkiye S\u00fcrd\u00fcr\u00fclebilirlik Hizmetleri Lideri Murat G\u00fcnayd\u0131n,\u00a0<\/strong>iklim de\u011fi\u015fikli\u011finin, i\u015f g\u00fcndeminin kal\u0131c\u0131 bir par\u00e7as\u0131 olmaya devam edece\u011fini s\u00f6yledi. <strong><img loading=\"lazy\" class=\"alignleft wp-image-171647\" src=\"https:\/\/www.enerjigazetesi.ist\/wp-content\/uploads\/2023\/03\/1679558038_Murat_Gunaydin_DeloitteTurkiye.jpg\" alt=\"\" width=\"300\" height=\"316\" srcset=\"https:\/\/www.enerjigazetesi.ist\/wp-content\/uploads\/2023\/03\/1679558038_Murat_Gunaydin_DeloitteTurkiye.jpg 456w, https:\/\/www.enerjigazetesi.ist\/wp-content\/uploads\/2023\/03\/1679558038_Murat_Gunaydin_DeloitteTurkiye-285x300.jpg 285w, https:\/\/www.enerjigazetesi.ist\/wp-content\/uploads\/2023\/03\/1679558038_Murat_Gunaydin_DeloitteTurkiye-380x400.jpg 380w, https:\/\/www.enerjigazetesi.ist\/wp-content\/uploads\/2023\/03\/1679558038_Murat_Gunaydin_DeloitteTurkiye-48x50.jpg 48w\" sizes=\"(max-width: 300px) 100vw, 300px\" \/>G\u00fcnayd\u0131n<\/strong>, <em>\u201c\u0130klim de\u011fi\u015fikli\u011fini ele alma ve karbondan ar\u0131nd\u0131r\u0131lm\u0131\u015f bir ekonomiye do\u011fru sorumlu bir yol payla\u015fma ihtiyac\u0131 konusunda i\u015f d\u00fcnyas\u0131nda artan bir uyum var. Ara\u015ft\u0131rma bize \u015funu g\u00f6steriyor; belirsizli\u011fin, aksakl\u0131klar\u0131n ve birbiriyle yar\u0131\u015fan zorluklar\u0131n devam etti\u011fi bir y\u0131lda iklim de\u011fi\u015fikli\u011finin yaratt\u0131\u011f\u0131 tehditler, ekonomik endi\u015felerden sonra en \u00f6nemli sorun olarak ikinci s\u0131rada yer ald\u0131. CxO&#8217;lar\u0131n \u00e7o\u011funlu\u011fu d\u00fcnyan\u0131n, iklim de\u011fi\u015fikli\u011finin en k\u00f6t\u00fc etkilerinden ka\u00e7\u0131nmak i\u00e7in yeterli ad\u0131mlar\u0131 ataca\u011f\u0131 konusunda iyimserli\u011fini koruyor ve harekete ge\u00e7mekle ilgili aciliyet duygusuna kat\u0131l\u0131yor. \u0130yi haber \u015fu ki, 2023\u2019teki ekonomik d\u00f6ng\u00fcn\u00fcn belirsizli\u011fine ra\u011fmen \u00fcst y\u00f6neticiler, s\u00fcrd\u00fcr\u00fclebilirlik ve iklim de\u011fi\u015fikli\u011fi giri\u015fimlerine yat\u0131r\u0131m yapmaya kararl\u0131. Ara\u015ft\u0131rman\u0131n sonu\u00e7lar\u0131 CxO\u2019lar\u0131n hem \u015firketlerinin hem de k\u00fcresel ekonominin iklim hedeflerine ula\u015f\u0131rken ve sera gaz\u0131 emisyonlar\u0131n\u0131 azalt\u0131rken b\u00fcy\u00fcmeye devam edeceklerine inand\u0131klar\u0131n\u0131 g\u00f6steriyor\u201d<\/em> dedi.<\/p>","protected":false},"excerpt":{"rendered":"<p>Sorry, this entry is only available in Turkish. For the sake of viewer convenience, the content is shown below in the alternative language. You may click the link to switch the active language. Deloitte i\u015f d\u00fcnyas\u0131ndaki liderlerin iklim de\u011fi\u015fikli\u011fi ve s\u00fcrd\u00fcr\u00fclebilirlik konusundaki endi\u015felerini ve harekete ge\u00e7me seviyesini \u00f6l\u00e7mek amac\u0131yla 24 \u00fclkede 2 binden fazla \u00fcst [&hellip;]<\/p>\n","protected":false},"author":1,"featured_media":171646,"comment_status":"open","ping_status":"open","sticky":false,"template":"","format":"standard","meta":[],"categories":[53],"tags":[108436,1926,1999,1296,94966],"views":41,"_links":{"self":[{"href":"https:\/\/www.enerjigazetesi.ist\/en\/wp-json\/wp\/v2\/posts\/171644"}],"collection":[{"href":"https:\/\/www.enerjigazetesi.ist\/en\/wp-json\/wp\/v2\/posts"}],"about":[{"href":"https:\/\/www.enerjigazetesi.ist\/en\/wp-json\/wp\/v2\/types\/post"}],"author":[{"embeddable":true,"href":"https:\/\/www.enerjigazetesi.ist\/en\/wp-json\/wp\/v2\/users\/1"}],"replies":[{"embeddable":true,"href":"https:\/\/www.enerjigazetesi.ist\/en\/wp-json\/wp\/v2\/comments?post=171644"}],"version-history":[{"count":0,"href":"https:\/\/www.enerjigazetesi.ist\/en\/wp-json\/wp\/v2\/posts\/171644\/revisions"}],"wp:featuredmedia":[{"embeddable":true,"href":"https:\/\/www.enerjigazetesi.ist\/en\/wp-json\/wp\/v2\/media\/171646"}],"wp:attachment":[{"href":"https:\/\/www.enerjigazetesi.ist\/en\/wp-json\/wp\/v2\/media?parent=171644"}],"wp:term":[{"taxonomy":"category","embeddable":true,"href":"https:\/\/www.enerjigazetesi.ist\/en\/wp-json\/wp\/v2\/categories?post=171644"},{"taxonomy":"post_tag","embeddable":true,"href":"https:\/\/www.enerjigazetesi.ist\/en\/wp-json\/wp\/v2\/tags?post=171644"}],"curies":[{"name":"wp","href":"https:\/\/api.w.org\/{rel}","templated":true}]}}