{"id":17163,"date":"2013-11-04T10:02:26","date_gmt":"2013-11-04T07:02:26","guid":{"rendered":"https:\/\/www.enerjigazetesi.ist\/?p=17163"},"modified":"2013-11-04T10:02:26","modified_gmt":"2013-11-04T07:02:26","slug":"ab-ve-imf-rusya-tehdidine-karsi-ukraynaya-yardim-plani-hazirliyor","status":"publish","type":"post","link":"https:\/\/www.enerjigazetesi.ist\/en\/ab-ve-imf-rusya-tehdidine-karsi-ukraynaya-yardim-plani-hazirliyor\/","title":{"rendered":"(Turkish) AB ve IMF, Rusya Tehdidine Kar\u015f\u0131 Ukrayna\u2019ya Yard\u0131m Plan\u0131 Haz\u0131rl\u0131yor&#8230;"},"content":{"rendered":"<p class=\"qtranxs-available-languages-message qtranxs-available-languages-message-en\">Sorry, this entry is only available in <a href=\"https:\/\/www.enerjigazetesi.ist\/tr\/wp-json\/wp\/v2\/posts\/17163\" class=\"qtranxs-available-language-link qtranxs-available-language-link-tr\" title=\"Turkish\">Turkish<\/a>. For the sake of viewer convenience, the content is shown below in the alternative language. You may click the link to switch the active language.<\/p><p><strong>Avrupa Birli\u011fi\u2019nin, Rusya\u2019n\u0131n Ukrayna\u2019ya ekonomik bask\u0131s\u0131n\u0131 art\u0131rmas\u0131 halinde \u00fclkeye mali destek sa\u011flamak i\u00e7in IMF ile g\u00f6r\u00fc\u015ft\u00fc\u011f\u00fc bildirildi. Ukrayna\u2019n\u0131n 28-29 Kas\u0131m\u2019da d\u00fczenlenecek Do\u011fu Ortakl\u0131\u011f\u0131 Zirvesi\u2019nde AB ile ortakl\u0131k ve serbest ticaret anla\u015fmalar\u0131 imzalamas\u0131 bekleniyor. Ancak AB, Ukrayna\u2019n\u0131n \u00f6ncelikle hapisteki eski ba\u015fbakan\u0131 ve muhalefet lideri Yulia Timo\u015fenko\u2019nun serbest b\u0131rak\u0131lmas\u0131n\u0131 istiyor.<\/strong><\/p>\n<p>Ukrayna\u2019n\u0131n kendi ekseninden \u00e7\u0131k\u0131p AB ile yak\u0131nla\u015facak olmas\u0131ndan rahats\u0131zl\u0131k duyan Moskova, birikmi\u015f alacaklar\u0131n\u0131 gerek\u00e7e g\u00f6stererek Ukrayna\u2019ya do\u011falgaz ak\u0131\u015f\u0131n\u0131 kesme tehdidinde bulunuyor.<\/p>\n<p>AB ise, Ukrayna ile anla\u015fmalar\u0131n imzalanmas\u0131 ve Rusya\u2019n\u0131n da misillemede bulunmas\u0131 senaryosuna kar\u015f\u0131 Ukrayna\u2019ya do\u011falgaz ve IMF ile birlikte acil finansman sa\u011flama planlar\u0131n\u0131 haz\u0131rl\u0131yor.<a href=\"https:\/\/www.enerjigazetesi.ist\/wp-content\/uploads\/2013\/10\/tanap-dogalgaz-fiyatlarini-asagi-yonde-etkileyecek.jpg\"><img loading=\"lazy\" class=\"alignright size-medium wp-image-16517\" title=\"dogalgaz-enerjisi\" src=\"https:\/\/www.enerjigazetesi.ist\/wp-content\/uploads\/2013\/10\/tanap-dogalgaz-fiyatlarini-asagi-yonde-etkileyecek-300x205.jpg\" alt=\"\" width=\"300\" height=\"205\" srcset=\"https:\/\/www.enerjigazetesi.ist\/wp-content\/uploads\/2013\/10\/tanap-dogalgaz-fiyatlarini-asagi-yonde-etkileyecek-300x205.jpg 300w, https:\/\/www.enerjigazetesi.ist\/wp-content\/uploads\/2013\/10\/tanap-dogalgaz-fiyatlarini-asagi-yonde-etkileyecek-72x50.jpg 72w, https:\/\/www.enerjigazetesi.ist\/wp-content\/uploads\/2013\/10\/tanap-dogalgaz-fiyatlarini-asagi-yonde-etkileyecek.jpg 440w\" sizes=\"(max-width: 300px) 100vw, 300px\" \/><\/a><\/p>\n<p>Reuters\u2019a konu\u015fan isminin a\u00e7\u0131klanmas\u0131n\u0131 istemeyen bir AB yetkilisi, \u2018IMF \u00e7ok \u00f6nemli bir rol oynuyor ve standby anla\u015fmalar\u0131 i\u00e7in g\u00f6r\u00fc\u015fmeler y\u00fcr\u00fct\u00fcyoruz\u2019 dedi.<\/p>\n<p>Anla\u015fma ise IMF ile Ukrayna aras\u0131nda anla\u015fmazl\u0131klara yol a\u00e7an kat\u0131 \u015fartlar\u0131 beraberinde getirecek. 15 milyar Euro\u2019luk son anla\u015fma, Ukrayna\u2019n\u0131n hanelere sa\u011flad\u0131\u011f\u0131 do\u011falgaz s\u00fcbvansiyonlar\u0131n\u0131 kald\u0131rmamas\u0131 sebebiyle ask\u0131ya al\u0131nm\u0131\u015ft\u0131.<\/p>\n<p>Ancak AB yetkilileri, IMF\u2019in, Ukrayna\u2019n\u0131n i\u00e7inde bulundu\u011fu \u015fartlar\u0131 da g\u00f6z \u00f6n\u00fcnde bulundurarak programa esneklik kazand\u0131rabilece\u011fini s\u00f6yl\u00fcyor.<\/p>\n<p>AB ayn\u0131 zamanda do\u011falgaz\u0131n\u0131n neredeyse tamam\u0131n\u0131 Rusya\u2019dan kar\u015f\u0131layan ve Rusya\u2019dan Avrupa\u2019ya do\u011falgaz ak\u0131\u015f\u0131n\u0131n transit noktas\u0131nda bulunan Ukrayna\u2019ya, gerekti\u011fi halde do\u011falgaz vermek i\u00e7in acil durum planlar\u0131n\u0131 da haz\u0131rl\u0131yor.<\/p>\n<p>Rusya ile Ukrayna aras\u0131nda 2006 ve 2009 y\u0131llar\u0131nda \u00e7\u0131kan iki \u2018do\u011falgaz sava\u015f\u0131nda\u2019 Moskova vanay\u0131 kapatm\u0131\u015f, hem Ukrayna\u2019ya hem de Avrupa\u2019ya do\u011falgaz ak\u0131\u015f\u0131 durmu\u015ftu.<\/p>\n<p>AB yetkilileri, Ukrayna\u2019ya di\u011fer rotalar arac\u0131l\u0131\u011f\u0131yla do\u011falgaz sa\u011flaman\u0131n bir yolunu bulacaklar\u0131n\u0131 s\u00f6yl\u00fcyor. Rusya\u2019dan Ukrayna\u2019y\u0131 by-pass ederek Almanya\u2019ya ula\u015fan Kuzey Ak\u0131m da burada \u00f6ne \u00e7\u0131kan se\u00e7eneklerden biri.<\/p>\n<p>Ancak bunun ancak ge\u00e7ici bir s\u00fcre m\u00fcmk\u00fcn olabilece\u011fi ve Avrupa\u2019da do\u011falgaz fiyatlar\u0131 \u00fczerinde bask\u0131 olu\u015fturabilece\u011fi yorumlar\u0131 yap\u0131l\u0131yor.<\/p>\n<p>Kaynak: <a href=\"http:\/\/enerjienstitusu.com\/2013\/11\/01\/ab-ve-imf-rusya-tehdidine-karsi-ukraynaya-yardim-plani-hazirliyor\/\" target=\"_blank\">Enerji Enstit\u00fcs\u00fc<\/a><\/p>","protected":false},"excerpt":{"rendered":"<p>Sorry, this entry is only available in Turkish. For the sake of viewer convenience, the content is shown below in the alternative language. You may click the link to switch the active language.Avrupa Birli\u011fi\u2019nin, Rusya\u2019n\u0131n Ukrayna\u2019ya ekonomik bask\u0131s\u0131n\u0131 art\u0131rmas\u0131 halinde \u00fclkeye mali destek sa\u011flamak i\u00e7in IMF ile g\u00f6r\u00fc\u015ft\u00fc\u011f\u00fc bildirildi. Ukrayna\u2019n\u0131n 28-29 Kas\u0131m\u2019da d\u00fczenlenecek Do\u011fu Ortakl\u0131\u011f\u0131 [&hellip;]<\/p>\n","protected":false},"author":1,"featured_media":16517,"comment_status":"open","ping_status":"open","sticky":false,"template":"","format":"standard","meta":[],"categories":[46,53],"tags":[1192,10086,92,226,10087,10085,63,67,1009,165,10084,885,2584],"views":424,"_links":{"self":[{"href":"https:\/\/www.enerjigazetesi.ist\/en\/wp-json\/wp\/v2\/posts\/17163"}],"collection":[{"href":"https:\/\/www.enerjigazetesi.ist\/en\/wp-json\/wp\/v2\/posts"}],"about":[{"href":"https:\/\/www.enerjigazetesi.ist\/en\/wp-json\/wp\/v2\/types\/post"}],"author":[{"embeddable":true,"href":"https:\/\/www.enerjigazetesi.ist\/en\/wp-json\/wp\/v2\/users\/1"}],"replies":[{"embeddable":true,"href":"https:\/\/www.enerjigazetesi.ist\/en\/wp-json\/wp\/v2\/comments?post=17163"}],"version-history":[{"count":2,"href":"https:\/\/www.enerjigazetesi.ist\/en\/wp-json\/wp\/v2\/posts\/17163\/revisions"}],"predecessor-version":[{"id":17165,"href":"https:\/\/www.enerjigazetesi.ist\/en\/wp-json\/wp\/v2\/posts\/17163\/revisions\/17165"}],"wp:featuredmedia":[{"embeddable":true,"href":"https:\/\/www.enerjigazetesi.ist\/en\/wp-json\/wp\/v2\/media\/16517"}],"wp:attachment":[{"href":"https:\/\/www.enerjigazetesi.ist\/en\/wp-json\/wp\/v2\/media?parent=17163"}],"wp:term":[{"taxonomy":"category","embeddable":true,"href":"https:\/\/www.enerjigazetesi.ist\/en\/wp-json\/wp\/v2\/categories?post=17163"},{"taxonomy":"post_tag","embeddable":true,"href":"https:\/\/www.enerjigazetesi.ist\/en\/wp-json\/wp\/v2\/tags?post=17163"}],"curies":[{"name":"wp","href":"https:\/\/api.w.org\/{rel}","templated":true}]}}