{"id":171555,"date":"2023-03-22T11:01:28","date_gmt":"2023-03-22T08:01:28","guid":{"rendered":"https:\/\/www.enerjigazetesi.ist\/?p=171555"},"modified":"2023-03-22T11:36:47","modified_gmt":"2023-03-22T08:36:47","slug":"turkiye-nin-en-buyuk-elektrik-ureticileri-euas-enka-ve-enerjisa-zirvede","status":"publish","type":"post","link":"https:\/\/www.enerjigazetesi.ist\/en\/turkiye-nin-en-buyuk-elektrik-ureticileri-euas-enka-ve-enerjisa-zirvede\/","title":{"rendered":"(Turkish) T\u00fcrkiye\u2019nin En B\u00fcy\u00fck Elektrik \u00dcreticileri: E\u00dcA\u015e, ENKA ve Enerjisa Zirvede"},"content":{"rendered":"<p class=\"qtranxs-available-languages-message qtranxs-available-languages-message-en\">Sorry, this entry is only available in <a href=\"https:\/\/www.enerjigazetesi.ist\/tr\/wp-json\/wp\/v2\/posts\/171555\" class=\"qtranxs-available-language-link qtranxs-available-language-link-tr\" title=\"Turkish\">Turkish<\/a>. For the sake of viewer convenience, the content is shown below in the alternative language. You may click the link to switch the active language.<\/p><p><\/p>\n<h2>Uluslararas\u0131 dan\u0131\u015fmanl\u0131k \u015firketi Kearney ile enerji sekt\u00f6r\u00fcn\u00fcn \u00f6nde gelen haber ve bilgi kayna\u011f\u0131 Enerji G\u00fcnl\u00fc\u011f\u00fc taraf\u0131ndan T\u00fcrkiye\u2019de ilk kez haz\u0131rlanan \u201cMW100, T\u00fcrkiye\u2019nin En B\u00fcy\u00fck 100 Elektrik \u00dcreticisi Ara\u015ft\u0131rmas\u0131\u201d yay\u0131nland\u0131.<\/h2>\n<p>Elektrik \u00fcreticilerinin<strong> 31 Aral\u0131k 2022<\/strong> tarihi itibar\u0131yla sahip olduklar\u0131 kurulu g\u00fc\u00e7lerine g\u00f6re yap\u0131lan <img loading=\"lazy\" class=\"alignright wp-image-171566\" src=\"https:\/\/www.enerjigazetesi.ist\/wp-content\/uploads\/2023\/03\/turkiye-nin-en-buyuk-elektrik-ureticileri-euas-enka-ve-enerjisa-zirvede.jpg\" alt=\"\" width=\"320\" height=\"275\" srcset=\"https:\/\/www.enerjigazetesi.ist\/wp-content\/uploads\/2023\/03\/turkiye-nin-en-buyuk-elektrik-ureticileri-euas-enka-ve-enerjisa-zirvede.jpg 550w, https:\/\/www.enerjigazetesi.ist\/wp-content\/uploads\/2023\/03\/turkiye-nin-en-buyuk-elektrik-ureticileri-euas-enka-ve-enerjisa-zirvede-300x257.jpg 300w, https:\/\/www.enerjigazetesi.ist\/wp-content\/uploads\/2023\/03\/turkiye-nin-en-buyuk-elektrik-ureticileri-euas-enka-ve-enerjisa-zirvede-466x400.jpg 466w, https:\/\/www.enerjigazetesi.ist\/wp-content\/uploads\/2023\/03\/turkiye-nin-en-buyuk-elektrik-ureticileri-euas-enka-ve-enerjisa-zirvede-58x50.jpg 58w, https:\/\/www.enerjigazetesi.ist\/wp-content\/uploads\/2023\/03\/turkiye-nin-en-buyuk-elektrik-ureticileri-euas-enka-ve-enerjisa-zirvede-500x429.jpg 500w\" sizes=\"(max-width: 320px) 100vw, 320px\" \/>ara\u015ft\u0131rma, 2001 y\u0131l\u0131ndan itibaren ba\u015flayan, 2013\u2019ten sonra h\u0131zlanan \u00f6zelle\u015ftirmelere \u00e7abalar\u0131na ra\u011fmen kamu kurulu\u015fu <strong>Elektrik \u00dcretim Anonim \u015eirketi\u2019nin (E\u00dcA\u015e)<\/strong> sekt\u00f6rdeki a\u011f\u0131rl\u0131\u011f\u0131n\u0131n s\u00fcrd\u00fc\u011f\u00fcn\u00fc ortaya koydu. MW100 ara\u015ft\u0131rmas\u0131na g\u00f6re <strong>E\u00dcA\u015e<\/strong>\u2019a ba\u011fl\u0131 santrallerin <strong>21.254 MWe<\/strong>\u2019lik kurulu g\u00fcc\u00fc bulunuyor.<\/p>\n<p>Bu kapasite, T\u00fcrkiye\u2019nin <strong>104.136 MWe<\/strong>\u2019lik toplam kurulu \u00fcretim kapasitesinin <strong>y\u00fczde 20.40\u2019\u0131n\u0131<\/strong> olu\u015fturuyor. E\u00dcA\u015e\u2019\u0131n kurulu g\u00fcc\u00fcn\u00fcn <strong>13.903 MW<\/strong>e\u2019si <strong>hidroelektrik santrallerden<\/strong>, <strong>4.735 MWe<\/strong>\u2019si <strong>do\u011falgaz santrallerinden<\/strong>, <strong>2.424 MWe\u2019si<\/strong> yerli k\u00f6m\u00fcr santrallerinden, <strong>17 MWe<\/strong>\u2019si ise r\u00fczgar santrallerinden geliyor.<\/p>\n<h3><strong>\u00d6ZEL SEKT\u00d6RDE \u0130LK SIRA ENKA\u2019NIN<\/strong><\/h3>\n<p>\u00d6zel sekt\u00f6r \u015firketleri aras\u0131nda kurulu g\u00fc\u00e7 a\u00e7\u0131s\u0131ndan en b\u00fcy\u00fc\u011f\u00fc ise ENKA. MW100 Ara\u015ft\u0131rmas\u0131\u2019na g\u00f6re ENKA\u2019ya ait santrallerin <strong>3.969 MWe<\/strong> kurulu g\u00fcc\u00fc bulunuyor. ENKA, santralleri bu rakamla T\u00fcrkiye\u2019nin toplam \u00fcretim kapasitesinin <strong>y\u00fczde 3.8<\/strong>\u2019ini olu\u015fturuyor. Ancak ara\u015ft\u0131rmaya imza atan Enerji G\u00fcnl\u00fc\u011f\u00fc ve Kearney T\u00fcrkiye yetkilileri, ENKA\u2019ya ait <strong>do\u011falgaz santrallerinin kurulu g\u00fc\u00e7leri<\/strong> y\u00fcksek olsa da piyasa \u015fartlar\u0131 nedeniyle <strong>\u00fcretim faaliyetlerinin giderek azald\u0131\u011f\u0131na<\/strong> dikkat \u00e7ekiyor.<\/p>\n<h3><strong>ENERJ\u0130SA \u00dc\u00c7\u00dcNC\u00dcL\u00dcK KOLTU\u011eUNDA<\/strong><\/h3>\n<p>MW100 Ara\u015ft\u0131rmas\u0131\u2019nda en b\u00fcy\u00fck \u00fc\u00e7\u00fcnc\u00fc elektrik \u00fcreticisi <strong>3.727 MWe<\/strong>\u2019lik kurulu g\u00fcc\u00fcyle Enerjisa. Alman E.ON ile Sabanc\u0131 Holding ortakl\u0131\u011f\u0131 <strong>Enerjisa<\/strong>\u2019n\u0131n MW100 listesinin ilk 3 s\u0131ras\u0131ndakiler aras\u0131nda en dengeli kaynak da\u011f\u0131l\u0131m\u0131na sahip \u015firket oldu\u011fu dikkat \u00e7ekiyor. MW100\u2019e g\u00f6re Enerjisa\u2019n\u0131n \u00fcretim portf\u00f6y\u00fcnde <strong>1.583 MWe<\/strong>\u2019lik do\u011falgaz, <strong>450 MWe<\/strong>\u2019lik yerli k\u00f6m\u00fcr, <strong>1.353 MWe<\/strong>\u2019lik hidroelektrik, <strong>332 MWe<\/strong>\u2019lik de r\u00fczgar santrali var.<\/p>\n<h3><strong>ONUR OKUTUR: YERL\u0130 VE YEN\u0130LENEB\u0130L\u0130R KAYNAKLARIN KR\u0130T\u0130K \u00d6NEM\u0130 B\u0130R KEZ DAHA G\u00d6R\u00dcLD\u00dc <\/strong><\/h3>\n<p>MW100\u2019\u00fcn enerji sekt\u00f6r\u00fcn\u00fcn yat\u0131r\u0131mc\u0131 profilini detayl\u0131 \u015fekilde ortaya koydu\u011funu vurgulayan <strong>Kearney T\u00fcrkiye Direkt\u00f6r\u00fc Onur Okutur<\/strong>, <em>\u201cB\u00f6yle bir y\u0131lda bile enerji \u00fcretim portf\u00f6y\u00fcn\u00fc \u00e7e\u015fitlendiren, yerli ve yenilenebilir enerji kaynaklar\u0131na a\u011f\u0131rl\u0131k veren T\u00fcrkiye\u2019nin, t\u00fcm k\u00fcresel zorluklara ra\u011fmen ba\u015far\u0131 hikayesine devam etti\u011fini g\u00f6rd\u00fck. 2022 y\u0131l\u0131nda ger\u00e7ekle\u015ftirilen yat\u0131r\u0131mlarla net kapasite art\u0131\u015f\u0131 y\u00fczde 4\u2019\u00fcn \u00fczerinde ger\u00e7ekle\u015fti. Gerek enerji g\u00fcvenli\u011fi gerek de enerji d\u00f6n\u00fc\u015f\u00fcm\u00fc konular\u0131nda T\u00fcrkiye pek \u00e7ok \u00fclkeye \u00f6rnek olmaya devam ediyor\u201d<\/em> dedi.<\/p>\n<h3><strong>MEHMET KARA: VER\u0130ML\u0130 T\u00dcKET\u0130M ELEKTR\u0130K \u00dcRET\u0130M\u0130N\u0130 AZALTIR<\/strong><\/h3>\n<p>Enerji G\u00fcnl\u00fc\u011f\u00fc Genel Yay\u0131n Y\u00f6netmeni Mehmet Kara ise d\u00fcnyan\u0131n g\u00fcndemindeki ana trendlerden birinin dijital d\u00f6n\u00fc\u015f\u00fcm oldu\u011funa dikkat \u00e7ekerek, <em>\u201cT\u00fcrkiye de her alanda hedef belirlerken bu fakt\u00f6r\u00fc mutlaka dikkate almal\u0131. \u00c7\u00fcnk\u00fc d\u00f6n\u00fc\u015fmeyen yok olur demek yanl\u0131\u015f olmaz\u201d diye konu\u015ftu. T\u00fcrkiye\u2019nin elektrik \u00fcretiminin 2022 y\u0131l\u0131nda geriledi\u011fine dikkat \u00e7eken Kara, \u015funlar\u0131 s\u00f6yledi: \u201c<strong>Peki b\u00fcy\u00fcyen bir ekonomide elektrik \u00fcretimi d\u00fc\u015fer mi?<\/strong> <strong>D\u00fc\u015febilir elbette.<\/strong> Elektrik \u00fcretimindeki kaynak da\u011f\u0131l\u0131m\u0131n\u0131z ve kulland\u0131\u011f\u0131n\u0131z<strong> teknolojideki de\u011fi\u015fim\/d\u00f6n\u00fc\u015f\u00fcm<\/strong>, t\u00fcketirken enerjiden ald\u0131\u011f\u0131n\u0131z faydan\u0131n artmas\u0131, yani <strong>verimli t\u00fcketmeniz<\/strong>,<strong> toplam elektrik ihtiyac\u0131n\u0131z\u0131 azaltacakt\u0131r<\/strong>. Peki T\u00fcrkiye\u2019de var m\u0131 b\u00f6yle bir durum? Oldu\u011funu umuyoruz. Mesela sadece <strong>buzdolaplar\u0131na getirilen<\/strong> <strong>asgari verimlilik standartlar\u0131 bile \u00fclke \u00f6l\u00e7e\u011finde ciddi enerji tasarrufu sa\u011flar.\u201d<\/strong><\/em><\/p>\n<h3 style=\"text-align: center;\"><strong>MW100\u2019\u00fcn ilk 10\u2019u \u015f\u00f6yle s\u0131ralan\u0131yor:<\/strong><\/h3>\n<p><img loading=\"lazy\" class=\"size-full wp-image-171563 aligncenter\" src=\"https:\/\/www.enerjigazetesi.ist\/wp-content\/uploads\/2023\/03\/01-7.jpg\" alt=\"\" width=\"415\" height=\"211\" srcset=\"https:\/\/www.enerjigazetesi.ist\/wp-content\/uploads\/2023\/03\/01-7.jpg 415w, https:\/\/www.enerjigazetesi.ist\/wp-content\/uploads\/2023\/03\/01-7-300x153.jpg 300w, https:\/\/www.enerjigazetesi.ist\/wp-content\/uploads\/2023\/03\/01-7-80x41.jpg 80w\" sizes=\"(max-width: 415px) 100vw, 415px\" \/><\/p>\n<h3 style=\"text-align: center;\"><strong>KAYNAKLAR BAZINDA TOP 10 ELEKTR\u0130K \u00dcRET\u0130C\u0130LER\u0130<\/strong><\/h3>\n<p style=\"text-align: center;\">MW100 T\u00fcrkiye Ara\u015ft\u0131rmas\u0131, kurulu \u00fcretim kapasitesine g\u00f6re elektrik sekt\u00f6r\u00fcn\u00fcn kaynaklar baz\u0131ndaki Top 10 (\u0130lk 10) listelerini de belirledi.<\/p>\n<h4 style=\"text-align: center;\"><strong>Do\u011falgaz<\/strong><\/h4>\n<p style=\"text-align: center;\"><img loading=\"lazy\" class=\"aligncenter size-full wp-image-171562\" src=\"https:\/\/www.enerjigazetesi.ist\/wp-content\/uploads\/2023\/03\/02-5.jpg\" alt=\"\" width=\"328\" height=\"243\" srcset=\"https:\/\/www.enerjigazetesi.ist\/wp-content\/uploads\/2023\/03\/02-5.jpg 328w, https:\/\/www.enerjigazetesi.ist\/wp-content\/uploads\/2023\/03\/02-5-300x222.jpg 300w, https:\/\/www.enerjigazetesi.ist\/wp-content\/uploads\/2023\/03\/02-5-67x50.jpg 67w\" sizes=\"(max-width: 328px) 100vw, 328px\" \/><\/p>\n<h4 style=\"text-align: center;\"><strong>K\u00f6m\u00fcr<\/strong><\/h4>\n<p style=\"text-align: center;\"><img loading=\"lazy\" class=\"aligncenter size-full wp-image-171561\" src=\"https:\/\/www.enerjigazetesi.ist\/wp-content\/uploads\/2023\/03\/03-3.jpg\" alt=\"\" width=\"329\" height=\"259\" srcset=\"https:\/\/www.enerjigazetesi.ist\/wp-content\/uploads\/2023\/03\/03-3.jpg 329w, https:\/\/www.enerjigazetesi.ist\/wp-content\/uploads\/2023\/03\/03-3-300x236.jpg 300w, https:\/\/www.enerjigazetesi.ist\/wp-content\/uploads\/2023\/03\/03-3-64x50.jpg 64w\" sizes=\"(max-width: 329px) 100vw, 329px\" \/><\/p>\n<h4 style=\"text-align: center;\"><strong>Hidroelektrik<\/strong><\/h4>\n<p style=\"text-align: center;\"><img loading=\"lazy\" class=\"aligncenter size-full wp-image-171560\" src=\"https:\/\/www.enerjigazetesi.ist\/wp-content\/uploads\/2023\/03\/04.jpg\" alt=\"\" width=\"270\" height=\"301\" srcset=\"https:\/\/www.enerjigazetesi.ist\/wp-content\/uploads\/2023\/03\/04.jpg 270w, https:\/\/www.enerjigazetesi.ist\/wp-content\/uploads\/2023\/03\/04-45x50.jpg 45w\" sizes=\"(max-width: 270px) 100vw, 270px\" \/><\/p>\n<h4 style=\"text-align: center;\"><strong>R\u00fczgar<\/strong><\/h4>\n<p style=\"text-align: center;\"><img loading=\"lazy\" class=\"aligncenter size-full wp-image-171559\" src=\"https:\/\/www.enerjigazetesi.ist\/wp-content\/uploads\/2023\/03\/05.jpg\" alt=\"\" width=\"319\" height=\"275\" srcset=\"https:\/\/www.enerjigazetesi.ist\/wp-content\/uploads\/2023\/03\/05.jpg 319w, https:\/\/www.enerjigazetesi.ist\/wp-content\/uploads\/2023\/03\/05-300x259.jpg 300w, https:\/\/www.enerjigazetesi.ist\/wp-content\/uploads\/2023\/03\/05-58x50.jpg 58w\" sizes=\"(max-width: 319px) 100vw, 319px\" \/><\/p>\n<h4 style=\"text-align: center;\"><strong>G\u00fcne\u015f<\/strong><\/h4>\n<p style=\"text-align: center;\"><img loading=\"lazy\" class=\"aligncenter size-full wp-image-171558\" src=\"https:\/\/www.enerjigazetesi.ist\/wp-content\/uploads\/2023\/03\/06.jpg\" alt=\"\" width=\"336\" height=\"257\" srcset=\"https:\/\/www.enerjigazetesi.ist\/wp-content\/uploads\/2023\/03\/06.jpg 336w, https:\/\/www.enerjigazetesi.ist\/wp-content\/uploads\/2023\/03\/06-300x229.jpg 300w, https:\/\/www.enerjigazetesi.ist\/wp-content\/uploads\/2023\/03\/06-65x50.jpg 65w, https:\/\/www.enerjigazetesi.ist\/wp-content\/uploads\/2023\/03\/06-260x200.jpg 260w\" sizes=\"(max-width: 336px) 100vw, 336px\" \/><\/p>\n<h4 style=\"text-align: center;\"><strong>Jeotermal<\/strong><\/h4>\n<p style=\"text-align: center;\"><img loading=\"lazy\" class=\"aligncenter size-full wp-image-171557\" src=\"https:\/\/www.enerjigazetesi.ist\/wp-content\/uploads\/2023\/03\/07.jpg\" alt=\"\" width=\"296\" height=\"260\" srcset=\"https:\/\/www.enerjigazetesi.ist\/wp-content\/uploads\/2023\/03\/07.jpg 296w, https:\/\/www.enerjigazetesi.ist\/wp-content\/uploads\/2023\/03\/07-57x50.jpg 57w\" sizes=\"(max-width: 296px) 100vw, 296px\" \/><\/p>\n<p style=\"text-align: center;\">\u0130lgili MW 100 Raporun Tamam\u0131na Ula\u015fmak \u0130\u00e7in <strong><a href=\"https:\/\/drive.google.com\/file\/d\/1AxH2yBf__RDD9Qo4YAexXg8yjIGOSVUi\/view?usp=share_link\" target=\"_blank\" rel=\"noopener\">TIKLAYIN&gt;&gt;<\/a><\/strong><\/p>\n<p><\/p>","protected":false},"excerpt":{"rendered":"<p>Sorry, this entry is only available in Turkish. For the sake of viewer convenience, the content is shown below in the alternative language. You may click the link to switch the active language. Uluslararas\u0131 dan\u0131\u015fmanl\u0131k \u015firketi Kearney ile enerji sekt\u00f6r\u00fcn\u00fcn \u00f6nde gelen haber ve bilgi kayna\u011f\u0131 Enerji G\u00fcnl\u00fc\u011f\u00fc taraf\u0131ndan T\u00fcrkiye\u2019de ilk kez haz\u0131rlanan \u201cMW100, T\u00fcrkiye\u2019nin [&hellip;]<\/p>\n","protected":false},"author":1,"featured_media":171566,"comment_status":"open","ping_status":"open","sticky":false,"template":"","format":"standard","meta":[],"categories":[46,51,53,49,47,48,24649,50],"tags":[3462,24144,1033,65699,108405,68966,108406],"views":185,"_links":{"self":[{"href":"https:\/\/www.enerjigazetesi.ist\/en\/wp-json\/wp\/v2\/posts\/171555"}],"collection":[{"href":"https:\/\/www.enerjigazetesi.ist\/en\/wp-json\/wp\/v2\/posts"}],"about":[{"href":"https:\/\/www.enerjigazetesi.ist\/en\/wp-json\/wp\/v2\/types\/post"}],"author":[{"embeddable":true,"href":"https:\/\/www.enerjigazetesi.ist\/en\/wp-json\/wp\/v2\/users\/1"}],"replies":[{"embeddable":true,"href":"https:\/\/www.enerjigazetesi.ist\/en\/wp-json\/wp\/v2\/comments?post=171555"}],"version-history":[{"count":1,"href":"https:\/\/www.enerjigazetesi.ist\/en\/wp-json\/wp\/v2\/posts\/171555\/revisions"}],"predecessor-version":[{"id":171556,"href":"https:\/\/www.enerjigazetesi.ist\/en\/wp-json\/wp\/v2\/posts\/171555\/revisions\/171556"}],"wp:featuredmedia":[{"embeddable":true,"href":"https:\/\/www.enerjigazetesi.ist\/en\/wp-json\/wp\/v2\/media\/171566"}],"wp:attachment":[{"href":"https:\/\/www.enerjigazetesi.ist\/en\/wp-json\/wp\/v2\/media?parent=171555"}],"wp:term":[{"taxonomy":"category","embeddable":true,"href":"https:\/\/www.enerjigazetesi.ist\/en\/wp-json\/wp\/v2\/categories?post=171555"},{"taxonomy":"post_tag","embeddable":true,"href":"https:\/\/www.enerjigazetesi.ist\/en\/wp-json\/wp\/v2\/tags?post=171555"}],"curies":[{"name":"wp","href":"https:\/\/api.w.org\/{rel}","templated":true}]}}