{"id":17151,"date":"2013-11-03T19:34:34","date_gmt":"2013-11-03T16:34:34","guid":{"rendered":"https:\/\/www.enerjigazetesi.ist\/?p=17151"},"modified":"2013-11-03T19:34:48","modified_gmt":"2013-11-03T16:34:48","slug":"erdogan-ile-barzani-petrol-ve-suriyeyi-konustu","status":"publish","type":"post","link":"https:\/\/www.enerjigazetesi.ist\/en\/erdogan-ile-barzani-petrol-ve-suriyeyi-konustu\/","title":{"rendered":"(Turkish) Erdo\u011fan \u0130le Barzani, Petrol ve Suriye\u2019yi Konu\u015ftu&#8230;"},"content":{"rendered":"<p class=\"qtranxs-available-languages-message qtranxs-available-languages-message-en\">Sorry, this entry is only available in <a href=\"https:\/\/www.enerjigazetesi.ist\/tr\/wp-json\/wp\/v2\/posts\/17151\" class=\"qtranxs-available-language-link qtranxs-available-language-link-tr\" title=\"Turkish\">Turkish<\/a>. For the sake of viewer convenience, the content is shown below in the alternative language. You may click the link to switch the active language.<\/p><p><strong>Ba\u015fbakan Tayyip Erdo\u011fan, Irak K\u00fcrdistan B\u00f6lgesel Y\u00f6netimi Ba\u015fbakan\u0131 Ne\u00e7irvan Barzani ile Dolmabah\u00e7e\u2019deki Ba\u015fbakanl\u0131k \u00c7al\u0131\u015fma Ofisi\u2019nde 80 dakikal\u0131k bir g\u00f6r\u00fc\u015fme ger\u00e7ekle\u015ftirdi.<\/strong><\/p>\n<p>G\u00f6r\u00fc\u015fmeye D\u0131\u015fi\u015fleri Bakan\u0131 Ahmet Davuto\u011flu ve Enerji ve Tabii Kaynaklar Bakan\u0131 Taner Y\u0131ld\u0131z\u2019\u0131n yan\u0131 s\u0131ra M\u0130T M\u00fcste\u015far\u0131 Hakan Fidan da kat\u0131ld\u0131. Toplant\u0131da, Irak eski Cumhurba\u015fkan\u0131 Yard\u0131mc\u0131s\u0131 Tar\u0131k Ha\u015fimi\u2019nin \u00fclkesinde idam cezas\u0131 almas\u0131ndan sonra T\u00fcrkiye\u2019ye s\u0131\u011f\u0131nmas\u0131 sonucu Irak Merkezi y\u00f6netimiyle so\u011fuyan ili\u015fkilerin, Erdo\u011fan\u2019\u0131n Irak Merkezi H\u00fck\u00fcmeti <a href=\"https:\/\/www.enerjigazetesi.ist\/wp-content\/uploads\/2013\/11\/erdogan-ile-barzani-petrol-ve-suriyeyi-konustu.jpg\"><img loading=\"lazy\" class=\"alignright size-medium wp-image-17152\" title=\"erdogan-ile-barzani-petrol-ve-suriyeyi-konustu\" src=\"https:\/\/www.enerjigazetesi.ist\/wp-content\/uploads\/2013\/11\/erdogan-ile-barzani-petrol-ve-suriyeyi-konustu-300x203.jpg\" alt=\"\" width=\"300\" height=\"203\" srcset=\"https:\/\/www.enerjigazetesi.ist\/wp-content\/uploads\/2013\/11\/erdogan-ile-barzani-petrol-ve-suriyeyi-konustu-300x203.jpg 300w, https:\/\/www.enerjigazetesi.ist\/wp-content\/uploads\/2013\/11\/erdogan-ile-barzani-petrol-ve-suriyeyi-konustu-73x50.jpg 73w, https:\/\/www.enerjigazetesi.ist\/wp-content\/uploads\/2013\/11\/erdogan-ile-barzani-petrol-ve-suriyeyi-konustu.jpg 400w\" sizes=\"(max-width: 300px) 100vw, 300px\" \/><\/a>Ba\u015fbakan\u0131 Nuri el Maliki\u2019yi T\u00fcrkiye\u2019ye davetiyle normalle\u015fle\u015fmesi s\u00fcreci ele al\u0131nd\u0131.<\/p>\n<p>Irak Merkezi H\u00fck\u00fcmeti ile Irak K\u00fcrdistan B\u00f6lgesel Y\u00f6netimi aras\u0131ndaki enerji politikalar\u0131ndan kaynaklanan s\u0131k\u0131nt\u0131lar da g\u00fcndeme geldi. Ayr\u0131ca T\u00fcrkiye ile Irak K\u00fcrdistan B\u00f6lgesel Y\u00f6netimi aras\u0131nda son d\u00f6nemde ilerleyen enerji politikalar\u0131 ve T\u00fcrkiye\u2019den ge\u00e7mesi planlanan yeni petrol boru hatlar\u0131 da g\u00f6r\u00fc\u015fmenin ba\u015fl\u0131klar\u0131 aras\u0131ndayd\u0131. Suriye\u2019deki geli\u015fmeler de \u00f6ncelikli g\u00fcndem maddesiydi.<\/p>\n<p>Irak K\u00fcrdistan B\u00f6lgesel Y\u00f6netimi\u2019nin PKK\u2019n\u0131n Suriye\u2019deki uzant\u0131s\u0131 PYD E\u015fba\u015fkan\u0131 Salih M\u00fcslim\u2019in Kuzey Irak\u2019tan yurt d\u0131\u015f\u0131na \u00e7\u0131k\u0131\u015f\u0131na izin vermemesi \u00fczerine PYD\u2019ye ba\u011fl\u0131 g\u00fc\u00e7ler b\u00f6lgede stratejik dengelerin de\u011fi\u015fmesine neden olan Alyarubia (Til Ko\u00e7er) s\u0131n\u0131r kap\u0131s\u0131n\u0131 ele ge\u00e7irmi\u015fti. Daha \u00f6nce El Nusra\u2019n\u0131n denetimde olan Til Ko\u00e7er s\u0131n\u0131r kap\u0131s\u0131n\u0131n PYD taraf\u0131ndan ele ge\u00e7irilmesinden sonra K\u00fcrt b\u00f6lgesini T\u00fcrkiye\u2019ye ba\u011flayan Nusaybin, K\u0131z\u0131ltepe\u2019nin \u015eenyurt, Ceylanp\u0131nar ve Ak\u00e7akale s\u0131n\u0131r kap\u0131lar\u0131 kapat\u0131lm\u0131\u015ft\u0131.<\/p>\n<p>Kaynak: <a href=\"http:\/\/enerjienstitusu.com\/2013\/11\/01\/erdogan-ile-barzani-petrol-ve-suriyeyi-konustu\/\" target=\"_blank\">Energy World<\/a><\/p>","protected":false},"excerpt":{"rendered":"<p>Sorry, this entry is only available in Turkish. For the sake of viewer convenience, the content is shown below in the alternative language. You may click the link to switch the active language.Ba\u015fbakan Tayyip Erdo\u011fan, Irak K\u00fcrdistan B\u00f6lgesel Y\u00f6netimi Ba\u015fbakan\u0131 Ne\u00e7irvan Barzani ile Dolmabah\u00e7e\u2019deki Ba\u015fbakanl\u0131k \u00c7al\u0131\u015fma Ofisi\u2019nde 80 dakikal\u0131k bir g\u00f6r\u00fc\u015fme ger\u00e7ekle\u015ftirdi. G\u00f6r\u00fc\u015fmeye D\u0131\u015fi\u015fleri Bakan\u0131 [&hellip;]<\/p>\n","protected":false},"author":1,"featured_media":17152,"comment_status":"open","ping_status":"open","sticky":false,"template":"","format":"standard","meta":[],"categories":[53,44],"tags":[63,67,1009,477,165,10081,5344,7373,59,79,4731,5325],"views":961,"_links":{"self":[{"href":"https:\/\/www.enerjigazetesi.ist\/en\/wp-json\/wp\/v2\/posts\/17151"}],"collection":[{"href":"https:\/\/www.enerjigazetesi.ist\/en\/wp-json\/wp\/v2\/posts"}],"about":[{"href":"https:\/\/www.enerjigazetesi.ist\/en\/wp-json\/wp\/v2\/types\/post"}],"author":[{"embeddable":true,"href":"https:\/\/www.enerjigazetesi.ist\/en\/wp-json\/wp\/v2\/users\/1"}],"replies":[{"embeddable":true,"href":"https:\/\/www.enerjigazetesi.ist\/en\/wp-json\/wp\/v2\/comments?post=17151"}],"version-history":[{"count":2,"href":"https:\/\/www.enerjigazetesi.ist\/en\/wp-json\/wp\/v2\/posts\/17151\/revisions"}],"predecessor-version":[{"id":17154,"href":"https:\/\/www.enerjigazetesi.ist\/en\/wp-json\/wp\/v2\/posts\/17151\/revisions\/17154"}],"wp:featuredmedia":[{"embeddable":true,"href":"https:\/\/www.enerjigazetesi.ist\/en\/wp-json\/wp\/v2\/media\/17152"}],"wp:attachment":[{"href":"https:\/\/www.enerjigazetesi.ist\/en\/wp-json\/wp\/v2\/media?parent=17151"}],"wp:term":[{"taxonomy":"category","embeddable":true,"href":"https:\/\/www.enerjigazetesi.ist\/en\/wp-json\/wp\/v2\/categories?post=17151"},{"taxonomy":"post_tag","embeddable":true,"href":"https:\/\/www.enerjigazetesi.ist\/en\/wp-json\/wp\/v2\/tags?post=17151"}],"curies":[{"name":"wp","href":"https:\/\/api.w.org\/{rel}","templated":true}]}}