{"id":171395,"date":"2023-03-20T11:43:14","date_gmt":"2023-03-20T08:43:14","guid":{"rendered":"https:\/\/www.enerjigazetesi.ist\/?p=171395"},"modified":"2023-03-20T11:47:00","modified_gmt":"2023-03-20T08:47:00","slug":"maden-sahalari-nin-rehabilitasyonu-icin-tubitak-ile-ar-ge-projesi-gelistirildi","status":"publish","type":"post","link":"https:\/\/www.enerjigazetesi.ist\/en\/maden-sahalari-nin-rehabilitasyonu-icin-tubitak-ile-ar-ge-projesi-gelistirildi\/","title":{"rendered":"(Turkish) Maden Sahalar\u0131n\u0131n Rehabilitasyonu \u0130\u00e7in T\u00dcB\u0130TAK ile Ar-Ge Projesi&#8230;"},"content":{"rendered":"<p class=\"qtranxs-available-languages-message qtranxs-available-languages-message-en\">Sorry, this entry is only available in <a href=\"https:\/\/www.enerjigazetesi.ist\/tr\/wp-json\/wp\/v2\/posts\/171395\" class=\"qtranxs-available-language-link qtranxs-available-language-link-tr\" title=\"Turkish\">Turkish<\/a>. For the sake of viewer convenience, the content is shown below in the alternative language. You may click the link to switch the active language.<\/p><p><\/p>\n<h2>Madencilik sekt\u00f6r\u00fcnde s\u0131f\u0131r karbon yolculu\u011funa \u00f6nc\u00fcl\u00fck eden ve gelecek 5 y\u0131l i\u00e7inde karbon ayak izini % 10\u2019a d\u00fc\u015f\u00fcrmek i\u00e7in \u00e7al\u0131\u015fmalar y\u00fcr\u00fcten Eti Bak\u0131r, \u00e7evreci \u00fcretime d\u00f6n\u00fck yat\u0131r\u0131mlar\u0131n\u0131 s\u00fcrd\u00fcr\u00fcyor.<\/h2>\n<p>2004 y\u0131l\u0131nda \u00d6zelle\u015ftirme \u0130daresi\u2019nden al\u0131narak Cengiz Holding \u00e7at\u0131s\u0131 alt\u0131nda faaliyet g\u00f6stermeye ba\u015flayan ve son 20 y\u0131lda maden teknolojileri, altyap\u0131 ve Ar-Ge inovasyonlar\u0131n\u0131n yan\u0131 s\u0131ra karbon ve su ayak izinin d\u00fc\u015f\u00fcr\u00fclmesi konusunda <strong>2 milyar dolar\u0131 a\u015fk\u0131n yat\u0131r\u0131ma<\/strong> imza atan <strong>Eti Bak\u0131r<\/strong>, bu kez de <strong>maden sahalar\u0131n\u0131n \u00e7evreci rehabilitasyonu<\/strong> i\u00e7in \u00f6nemli bir projeyi hayata ge\u00e7irdi.<\/p>\n<p>Eti Bak\u0131r\u2019\u0131n <strong>Artvin \u00c7oruh \u00dcniversitesi<\/strong> i\u015fbirli\u011fi,<strong> T\u00dcB\u0130TAK ile Teknoloji ve Yenilik Destek Programlar\u0131 Ba\u015fkanl\u0131\u011f\u0131 (TEYDEB) deste\u011fiyle<\/strong> y\u00fcr\u00fctt\u00fc\u011f\u00fc, 18 ay s\u00fcren <strong>Ar-Ge projesi<\/strong>, maden <img loading=\"lazy\" class=\"alignright wp-image-171399\" src=\"https:\/\/www.enerjigazetesi.ist\/wp-content\/uploads\/2023\/03\/1679298893_YusufTopcu.jpg\" alt=\"\" width=\"320\" height=\"240\" srcset=\"https:\/\/www.enerjigazetesi.ist\/wp-content\/uploads\/2023\/03\/1679298893_YusufTopcu.jpg 550w, https:\/\/www.enerjigazetesi.ist\/wp-content\/uploads\/2023\/03\/1679298893_YusufTopcu-300x225.jpg 300w, https:\/\/www.enerjigazetesi.ist\/wp-content\/uploads\/2023\/03\/1679298893_YusufTopcu-500x375.jpg 500w, https:\/\/www.enerjigazetesi.ist\/wp-content\/uploads\/2023\/03\/1679298893_YusufTopcu-67x50.jpg 67w\" sizes=\"(max-width: 320px) 100vw, 320px\" \/>b\u00f6lgelerinde topra\u011f\u0131n \u0131slah\u0131 i\u00e7in \u00f6zel bitkilerin kullan\u0131lmas\u0131n\u0131 kaps\u0131yor. <strong>Hintya\u011f\u0131, ay\u00e7i\u00e7e\u011fi, kavak ve hu\u015f bitkilerinin<\/strong> kullan\u0131ld\u0131\u011f\u0131 \u00e7al\u0131\u015fmalardan elde edilen sonu\u00e7lar, bu bitkilerin<strong> topra\u011f\u0131n en iyi \u015fekilde rehabilitasyonu konusunda referans oldu.<\/strong><\/p>\n<p><strong>MADENC\u0130L\u0130KTE \u0130LK KEZ YAPILIYOR<\/strong><\/p>\n<p><strong>Eti Bak\u0131r \u00c7evre Direkt\u00f6r\u00fc Yusuf Top\u00e7u<\/strong>, T\u00fcrkiye\u2019nin madenden son \u00fcr\u00fcne kadar \u00fcretim yapan ve bak\u0131r \u00fcretiminin y\u00fczde 20\u2019sini tek ba\u015f\u0131na kar\u015f\u0131layarak ekonomiye katma de\u011fer sa\u011flayan Eti Bak\u0131r\u2019\u0131n<strong>\u00a0<\/strong>s\u00fcrd\u00fcr\u00fclebilirlik vizyonuyla da d\u00fcnyaya \u00f6rnek oldu\u011funu s\u00f6yledi. Global \u015firketlerde son 20 y\u0131ld\u0131r s\u00fcrd\u00fcr\u00fclebilir i\u015f modellerinin yayg\u0131nla\u015fmas\u0131n\u0131n \u00fcretimde kritik rol oynad\u0131\u011f\u0131n\u0131 dile getiren Top\u00e7u, \u015f\u00f6yle devam etti: <em>\u201c<strong>D\u00f6ng\u00fcsel ekonomi<\/strong> ile <strong>d\u00fcnyan\u0131n s\u0131f\u0131r karbon yolculu\u011funa<\/strong> biz de kendi s\u00fcre\u00e7lerimizi iyile\u015ftirerek katk\u0131 sa\u011fl\u0131yoruz. <strong>At\u0131k y\u00f6netiminden a\u011fa\u00e7land\u0131rmaya, su ve enerji verimlili\u011finden karbon emisyonunun azalt\u0131lmas\u0131na<\/strong> kadar \u00e7ok say\u0131da \u00e7evreci \u00e7al\u0131\u015fmay\u0131 hayata ge\u00e7iriyoruz.\u00a0\u015eimdi bunun bir ad\u0131m \u00f6tesine ge\u00e7tik ve \u00f6nemli bir Ar-Ge projesini hayata ge\u00e7irdik. <strong>Artvin \u00c7oruh \u00dcniversitesi, T\u00dcB\u0130TAK ve TEYDEB\u2019in deste\u011fiyle<\/strong> T\u00fcrkiye\u2019de madencilik sekt\u00f6r\u00fcnde bir ilke imza att\u0131k. Bu projeyle<strong> topra\u011f\u0131n rehabilitasyonunu h\u0131zland\u0131ran<\/strong> ve<strong> en kesin \u00e7\u00f6z\u00fcme ula\u015ft\u0131ran bitkileri<\/strong> belirledik. Yap\u0131lan \u00e7al\u0131\u015fmalar bu bitkilerin <strong>topraktaki metallerin ar\u0131nd\u0131r\u0131lmas\u0131nda<\/strong> ve <strong>\u0131slah\u0131nda<\/strong> \u00f6nemli katk\u0131lar sundu\u011funu bize g\u00f6sterdi. Artvin\u2019de yap\u0131lacak rehabilitasyon \u00e7al\u0131\u015fmalar\u0131 art\u0131k bu projemize uygun olarak ger\u00e7ekle\u015ftirilecek. B\u00f6ylece <strong>maden sahalar\u0131m\u0131z\u0131 en do\u011fru \u015fekilde rehabilite edip, yeniden orman sahalar\u0131na kazand\u0131raca\u011f\u0131z<\/strong>. \u0130lk olarak Artvin\u2019de ba\u015flatt\u0131\u011f\u0131m\u0131z bu projeyi, \u00f6n\u00fcm\u00fczdeki d\u00f6nemde di\u011fer i\u015fletmelerimizin yer ald\u0131\u011f\u0131 b\u00f6lgelerde de ger\u00e7ekle\u015ftirmeyi planl\u0131yoruz.\u201d<\/em><\/p>","protected":false},"excerpt":{"rendered":"<p>Sorry, this entry is only available in Turkish. For the sake of viewer convenience, the content is shown below in the alternative language. You may click the link to switch the active language. Madencilik sekt\u00f6r\u00fcnde s\u0131f\u0131r karbon yolculu\u011funa \u00f6nc\u00fcl\u00fck eden ve gelecek 5 y\u0131l i\u00e7inde karbon ayak izini % 10\u2019a d\u00fc\u015f\u00fcrmek i\u00e7in \u00e7al\u0131\u015fmalar y\u00fcr\u00fcten Eti [&hellip;]<\/p>\n","protected":false},"author":1,"featured_media":171401,"comment_status":"open","ping_status":"open","sticky":false,"template":"","format":"standard","meta":[],"categories":[53],"tags":[21112,108365,108364,7459,17505,9321,15503,1971],"views":45,"_links":{"self":[{"href":"https:\/\/www.enerjigazetesi.ist\/en\/wp-json\/wp\/v2\/posts\/171395"}],"collection":[{"href":"https:\/\/www.enerjigazetesi.ist\/en\/wp-json\/wp\/v2\/posts"}],"about":[{"href":"https:\/\/www.enerjigazetesi.ist\/en\/wp-json\/wp\/v2\/types\/post"}],"author":[{"embeddable":true,"href":"https:\/\/www.enerjigazetesi.ist\/en\/wp-json\/wp\/v2\/users\/1"}],"replies":[{"embeddable":true,"href":"https:\/\/www.enerjigazetesi.ist\/en\/wp-json\/wp\/v2\/comments?post=171395"}],"version-history":[{"count":1,"href":"https:\/\/www.enerjigazetesi.ist\/en\/wp-json\/wp\/v2\/posts\/171395\/revisions"}],"predecessor-version":[{"id":171396,"href":"https:\/\/www.enerjigazetesi.ist\/en\/wp-json\/wp\/v2\/posts\/171395\/revisions\/171396"}],"wp:featuredmedia":[{"embeddable":true,"href":"https:\/\/www.enerjigazetesi.ist\/en\/wp-json\/wp\/v2\/media\/171401"}],"wp:attachment":[{"href":"https:\/\/www.enerjigazetesi.ist\/en\/wp-json\/wp\/v2\/media?parent=171395"}],"wp:term":[{"taxonomy":"category","embeddable":true,"href":"https:\/\/www.enerjigazetesi.ist\/en\/wp-json\/wp\/v2\/categories?post=171395"},{"taxonomy":"post_tag","embeddable":true,"href":"https:\/\/www.enerjigazetesi.ist\/en\/wp-json\/wp\/v2\/tags?post=171395"}],"curies":[{"name":"wp","href":"https:\/\/api.w.org\/{rel}","templated":true}]}}