{"id":171387,"date":"2023-03-20T11:23:16","date_gmt":"2023-03-20T08:23:16","guid":{"rendered":"https:\/\/www.enerjigazetesi.ist\/?p=171387"},"modified":"2023-03-20T11:27:54","modified_gmt":"2023-03-20T08:27:54","slug":"solarex-istanbul-gunes-enerjisi-ve-teknolojileri-fuari-icin-geri-sayim-basladi","status":"publish","type":"post","link":"https:\/\/www.enerjigazetesi.ist\/en\/solarex-istanbul-gunes-enerjisi-ve-teknolojileri-fuari-icin-geri-sayim-basladi\/","title":{"rendered":"(Turkish) SolarEX \u0130stanbul G\u00fcne\u015f Enerjisi ve Teknolojileri Fuar\u0131 \u0130\u00e7in Geri Say\u0131m Ba\u015flad\u0131"},"content":{"rendered":"<p class=\"qtranxs-available-languages-message qtranxs-available-languages-message-en\">Sorry, this entry is only available in <a href=\"https:\/\/www.enerjigazetesi.ist\/tr\/wp-json\/wp\/v2\/posts\/171387\" class=\"qtranxs-available-language-link qtranxs-available-language-link-tr\" title=\"Turkish\">Turkish<\/a>. For the sake of viewer convenience, the content is shown below in the alternative language. You may click the link to switch the active language.<\/p><p><\/p>\n<h2>Voli Fuar\u2019\u0131n her y\u0131l sistemli olarak y\u00fcr\u00fctt\u00fc\u011f\u00fc \u00e7al\u0131\u015fmalar\u0131 ile alan\u0131nda liderlik seviyesine ula\u015fan Uluslararas\u0131 SolarEX \u0130stanbul Fuar\u0131, 6-7 ve 8 Nisan 2023 tarihlerinde \u0130stanbul Fuar Merkezi\u2019nde yeni eklenen halleri ile 5 kat daha b\u00fcy\u00fck 45.000 m\u00b2 alanda sekt\u00f6r\u00fcn d\u00fcnya \u00e7ap\u0131ndaki profesyonellerini bir araya getiriyor.<\/h2>\n<p>D\u00fcnyada her ge\u00e7en g\u00fcn artan enerji maliyetleri, kaynaklar\u0131n azalmas\u0131, mevcut kaynaklar\u0131n kullan\u0131m\u0131n\u0131n <img loading=\"lazy\" class=\"alignright wp-image-171392\" src=\"https:\/\/www.enerjigazetesi.ist\/wp-content\/uploads\/2023\/03\/solarex-istanbul-gunes-enerjisi-ve-teknolojileri-fuari-icin-geri-sayim-basladi.jpg\" alt=\"\" width=\"320\" height=\"214\" srcset=\"https:\/\/www.enerjigazetesi.ist\/wp-content\/uploads\/2023\/03\/solarex-istanbul-gunes-enerjisi-ve-teknolojileri-fuari-icin-geri-sayim-basladi.jpg 550w, https:\/\/www.enerjigazetesi.ist\/wp-content\/uploads\/2023\/03\/solarex-istanbul-gunes-enerjisi-ve-teknolojileri-fuari-icin-geri-sayim-basladi-300x200.jpg 300w, https:\/\/www.enerjigazetesi.ist\/wp-content\/uploads\/2023\/03\/solarex-istanbul-gunes-enerjisi-ve-teknolojileri-fuari-icin-geri-sayim-basladi-500x334.jpg 500w, https:\/\/www.enerjigazetesi.ist\/wp-content\/uploads\/2023\/03\/solarex-istanbul-gunes-enerjisi-ve-teknolojileri-fuari-icin-geri-sayim-basladi-75x50.jpg 75w, https:\/\/www.enerjigazetesi.ist\/wp-content\/uploads\/2023\/03\/solarex-istanbul-gunes-enerjisi-ve-teknolojileri-fuari-icin-geri-sayim-basladi-450x300.jpg 450w\" sizes=\"(max-width: 320px) 100vw, 320px\" \/>olu\u015fturdu\u011fu kirlilik ve bunun gerek ekonomiler, gerek sa\u011fl\u0131k \u00fczerindeki olumsuz etkileri, yeni ve temiz enerji kaynaklar\u0131na gereksinimleri zorunlu hale getirmi\u015ftir. Bu zorunluluk sonucunda solar teknolojileri, Ar-Ge m\u00fchendisleri, \u00fcreticiler ve kullan\u0131c\u0131lar\u0131 en do\u011fru platformda bir araya getirmenin en etkin yolu ise fuarlard\u0131r. SolarEX \u0130stanbul, enerjide d\u0131\u015fa ba\u011f\u0131ml\u0131l\u0131\u011f\u0131 azaltarak, enerji faturalar\u0131n\u0131 b\u00fcy\u00fck \u00f6l\u00e7\u00fcde azaltacak olan yenilenebilir temiz enerjide, yeni yat\u0131r\u0131m alanlar\u0131ndan \u00e7evresel fakt\u00f6rlere, milli gelirden istihdama kadar pek \u00e7ok alanda fayda sa\u011flayan bir arena olmaya devam ediyor.<\/p>\n<h3><strong>SolarEX \u0130stanbul milyonlarca dolarl\u0131k anla\u015fmalara ev sahipli\u011fi yap\u0131yor<\/strong><\/h3>\n<p>Uluslararas\u0131 Solarex \u0130stanbul Fuar\u0131, \u00fclkemizin <strong>\u201cG\u00dcNE\u015e\u0130N MERKEZ\u0130\u201d <\/strong>olmas\u0131 yolunda \u00f6nemli ad\u0131mlar atarak, d\u00fcnya markas\u0131 firmalar\u0131n kat\u0131l\u0131m\u0131yla sekt\u00f6rdeki son teknoloji \u00fcr\u00fcnlerin g\u00f6r\u00fcc\u00fcye \u00e7\u0131kt\u0131\u011f\u0131 ticari bir platform olma \u00f6zelli\u011fi ta\u015f\u0131yor. D\u00fcnya genelinde uluslararas\u0131 bir\u00e7ok STK ve kurulu\u015fla i\u015fbirli\u011fi yapan etkinlik global arenada<strong> temiz enerji yat\u0131r\u0131mc\u0131lar\u0131n\u0131 SolarEX \u0130stanbul\u2019da<\/strong> bir araya getirmeye haz\u0131rlan\u0131yor.<\/p>\n<h3><strong>SolarEX \u0130stanbul Fuar\u0131 Yenilenebilir Enerjiden G\u00fc\u00e7 Al\u0131yor<\/strong><\/h3>\n<p>SolarEX \u0130stanbul, etkinli\u011fin s\u00fcrd\u00fcr\u00fclebilirli\u011fine olan ba\u011fl\u0131l\u0131\u011f\u0131n\u0131n bir par\u00e7as\u0131 olarak, fuara kat\u0131l\u0131m g\u00f6steren d\u00fcnya markas\u0131 uluslararas\u0131 kat\u0131l\u0131mc\u0131lar ile elektri\u011fin %100&#8217;\u00fc yenilenebilir bir kaynaktan \u00fcretilerek yat\u0131r\u0131mc\u0131lar\u0131n kendi enerjisinin s\u0131n\u0131rs\u0131z ve do\u011fal kaynak olan g\u00fcne\u015f enerjisinden sa\u011flanmas\u0131 ad\u0131na konferans oturumlar\u0131, sunumlar\u0131 ile bilin\u00e7lendirerek ekonomiden do\u011fa dostu yat\u0131r\u0131mlara katk\u0131 sa\u011fl\u0131yor. <strong>G\u00fcne\u015f enerjisinden<\/strong> \u00fcretilen elektrik kullan\u0131m\u0131n\u0131n <strong>karbon n\u00f6tr olmas\u0131, CO2 olu\u015fumunu en aza indirmesi<\/strong> ve dolay\u0131s\u0131yla karbon etkisini \u00f6nemli \u00f6l\u00e7\u00fcde azaltmas\u0131 hedefleniyor.<\/p>\n<h3><strong>SolarEX \u0130stanbul Fuar\u0131 \u00c7evreye Duyarl\u0131 Bir Etkinlik Olmaya Devam Ediyor<\/strong><\/h3>\n<p>SolarEX \u0130stanbul Fuar\u0131 \u00e7evreye duyarl\u0131 bir etkinlik olmak i\u00e7in \u00e7al\u0131\u015fmalar\u0131na devam ediyor. Bas\u0131l\u0131 materyalleri azalt\u0131yor, yaka kartlar\u0131n\u0131 ve fuar hal\u0131lar\u0131n\u0131 geri d\u00f6n\u00fc\u015ft\u00fcr\u00fcyor.<strong> Led teknolojisi<\/strong> kullanarak <strong>elektrik tasarrufu<\/strong> sa\u011fl\u0131yor. K\u00e2\u011f\u0131t kullan\u0131m\u0131n\u0131 azaltmak i\u00e7in ziyaret\u00e7i anketlerini tablet arac\u0131l\u0131\u011f\u0131yla ve online olarak yap\u0131yor.<\/p>\n<p>Etkinlik i\u00e7in gerekli t\u00fcm ihtiya\u00e7lar; stant malzemeleri, elektronik cihazlar, yiyecek\/i\u00e7ecek malzemeleri vb. etkinlik alan\u0131na daha yak\u0131n alanlardan al\u0131n\u0131yor. B\u00f6ylece daha k\u0131sa bir tedarik zinciri olu\u015fturarak hem zamandan tasarruf sa\u011flan\u0131yor, hem de<strong> ula\u015f\u0131m kaynakl\u0131 emisyonun azalt\u0131lmas\u0131na<\/strong> katk\u0131 sa\u011flan\u0131yor.<\/p>\n<h3><strong>SolarEX \u0130stanbul Enerji Sekt\u00f6r\u00fcndeki ba\u015far\u0131 hik\u00e2yelerini yazmaya devam ediyor<\/strong><\/h3>\n<p>SolarEX \u0130stanbul, solar sekt\u00f6r\u00fcn\u00fcn \u00f6nc\u00fc 300\u2019\u00fc a\u015fk\u0131n firmas\u0131n\u0131n, 1000\u2018den fazla markas\u0131 ve binlerce \u00fcr\u00fcn\u00fc ile organizasyondaki alanlar\u0131n\u0131 her y\u0131l daha da b\u00fcy\u00fcterek, son teknoloji \u00fcr\u00fcnlerini <strong>15. kez uluslararas\u0131 yat\u0131r\u0131mc\u0131s\u0131yla<\/strong> bulu\u015fturuyor. 2022 SolarEX \u0130stanbul\u2019da milyonlarca dolarl\u0131k yat\u0131r\u0131mlara imza atan sekt\u00f6r firmalar\u0131, artan kapasiteleriyle birlikte son teknoloji \u00fcr\u00fcnlerini <strong>&#8221;2023 SolarEX \u0130stanbul&#8221;<\/strong> da sergileyerek, yapacaklar\u0131 yeni anla\u015fmalar sayesinde \u00fclkemize milyonlarca dolar d\u00f6viz girmesine katk\u0131 sa\u011flayacaklar.<\/p>\n<h3><strong>Fuarla e\u015f zamanl\u0131 d\u00fczenlenen konferanslar ile d\u00fcnyaya canl\u0131 yay\u0131n yap\u0131l\u0131yor<\/strong><\/h3>\n<p><strong>Temiz, yenilenebilir ve s\u00fcrekli bir enerji kayna\u011f\u0131<\/strong> olan g\u00fcne\u015fin \u00fclkemizde enerji ba\u011f\u0131ms\u0131zl\u0131\u011f\u0131na giden yolda \u00f6nemini vurgulayan <strong>Uluslararas\u0131 SolarEX \u0130stanbul Fuar\u0131<\/strong>, bireysel ve kitlesel \u00e7evre dostu \u00e7\u00f6z\u00fcmlerle, sekt\u00f6r liderlerini bir araya getiriyor. D\u00fcnya genelinde uluslararas\u0131 <strong>bir\u00e7ok STK<\/strong> ve kurulu\u015fla i\u015fbirli\u011fi yapan etkinlik, e\u015f zamanl\u0131 konferans oturumlar\u0131n\u0131 simultane terc\u00fcme e\u015fli\u011finde canl\u0131 yay\u0131n altyap\u0131s\u0131yla ger\u00e7ekle\u015ftirerek yat\u0131r\u0131mc\u0131lar\u0131n d\u00fcnya genelinde solar sekt\u00f6r\u00fcndeki son geli\u015fmelere dair t\u00fcm sorular\u0131na yan\u0131t bulmalar\u0131na olanak sa\u011fl\u0131yor.<\/p>\n<p>Uluslararas\u0131 Solarex \u0130stanbul Fuar\u0131; sadece bir ticaret platformu olman\u0131n \u00f6tesinde sekt\u00f6re y\u00f6nelik yeniliklerin g\u00f6r\u00fcc\u00fcye \u00e7\u0131kt\u0131\u011f\u0131, en son teknolojilerin sekt\u00f6r profesyonelleri ile payla\u015f\u0131ld\u0131\u011f\u0131 bir platform olma \u00f6zelli\u011fi de ta\u015f\u0131yor.<\/p>\n<p><strong>Konferans kay\u0131t, \u00fccretsiz davetiye ve detayl\u0131 bilgi i\u00e7in:<\/strong><a href=\"http:\/\/solarexistanbul.com\/\" target=\"_blank\" rel=\"noopener\"> www.solarexistanbul.com<\/a> adresini ziyaret edebilirsiniz.<\/p>","protected":false},"excerpt":{"rendered":"<p>Sorry, this entry is only available in Turkish. For the sake of viewer convenience, the content is shown below in the alternative language. You may click the link to switch the active language. Voli Fuar\u2019\u0131n her y\u0131l sistemli olarak y\u00fcr\u00fctt\u00fc\u011f\u00fc \u00e7al\u0131\u015fmalar\u0131 ile alan\u0131nda liderlik seviyesine ula\u015fan Uluslararas\u0131 SolarEX \u0130stanbul Fuar\u0131, 6-7 ve 8 Nisan 2023 [&hellip;]<\/p>\n","protected":false},"author":1,"featured_media":171391,"comment_status":"open","ping_status":"open","sticky":false,"template":"","format":"standard","meta":[],"categories":[51,53,49],"tags":[108363,2206,44550,2207,57658],"views":37,"_links":{"self":[{"href":"https:\/\/www.enerjigazetesi.ist\/en\/wp-json\/wp\/v2\/posts\/171387"}],"collection":[{"href":"https:\/\/www.enerjigazetesi.ist\/en\/wp-json\/wp\/v2\/posts"}],"about":[{"href":"https:\/\/www.enerjigazetesi.ist\/en\/wp-json\/wp\/v2\/types\/post"}],"author":[{"embeddable":true,"href":"https:\/\/www.enerjigazetesi.ist\/en\/wp-json\/wp\/v2\/users\/1"}],"replies":[{"embeddable":true,"href":"https:\/\/www.enerjigazetesi.ist\/en\/wp-json\/wp\/v2\/comments?post=171387"}],"version-history":[{"count":1,"href":"https:\/\/www.enerjigazetesi.ist\/en\/wp-json\/wp\/v2\/posts\/171387\/revisions"}],"predecessor-version":[{"id":171388,"href":"https:\/\/www.enerjigazetesi.ist\/en\/wp-json\/wp\/v2\/posts\/171387\/revisions\/171388"}],"wp:featuredmedia":[{"embeddable":true,"href":"https:\/\/www.enerjigazetesi.ist\/en\/wp-json\/wp\/v2\/media\/171391"}],"wp:attachment":[{"href":"https:\/\/www.enerjigazetesi.ist\/en\/wp-json\/wp\/v2\/media?parent=171387"}],"wp:term":[{"taxonomy":"category","embeddable":true,"href":"https:\/\/www.enerjigazetesi.ist\/en\/wp-json\/wp\/v2\/categories?post=171387"},{"taxonomy":"post_tag","embeddable":true,"href":"https:\/\/www.enerjigazetesi.ist\/en\/wp-json\/wp\/v2\/tags?post=171387"}],"curies":[{"name":"wp","href":"https:\/\/api.w.org\/{rel}","templated":true}]}}