{"id":17138,"date":"2013-11-02T23:23:05","date_gmt":"2013-11-02T20:23:05","guid":{"rendered":"https:\/\/www.enerjigazetesi.ist\/?p=17138"},"modified":"2013-11-02T23:23:05","modified_gmt":"2013-11-02T20:23:05","slug":"kose-yazisi-ruzgar-enerjisinin-konutlarda-kullanimi","status":"publish","type":"post","link":"https:\/\/www.enerjigazetesi.ist\/en\/kose-yazisi-ruzgar-enerjisinin-konutlarda-kullanimi\/","title":{"rendered":"(Turkish) K\u00f6\u015fe Yaz\u0131s\u0131: R\u00fczgar Enerjisinin Konutlarda Kullan\u0131m\u0131&#8230;"},"content":{"rendered":"<p class=\"qtranxs-available-languages-message qtranxs-available-languages-message-en\">Sorry, this entry is only available in <a href=\"https:\/\/www.enerjigazetesi.ist\/tr\/wp-json\/wp\/v2\/posts\/17138\" class=\"qtranxs-available-language-link qtranxs-available-language-link-tr\" title=\"Turkish\">Turkish<\/a>. For the sake of viewer convenience, the content is shown below in the alternative language. You may click the link to switch the active language.<\/p><p><strong>Ana kayna\u011f\u0131 g\u00fcne\u015f olan r\u00fczgar, g\u00fcne\u015fin atmosferi homojen olarak \u0131s\u0131tamamas\u0131ndan kaynaklanan bas\u0131n\u00e7 ve s\u0131cakl\u0131k farklar\u0131ndan olu\u015fur. Yery\u00fcz\u00fcn\u00fcn farkl\u0131 \u0131s\u0131nmas\u0131,s\u0131cakl\u0131k ve nem oranlar\u0131n\u0131n farkl\u0131 olmas\u0131na, hava hareketlerinin de\u011fi\u015fiklik g\u00f6stermesine sebep olmaktad\u0131r.<\/strong><\/p>\n<p>G\u00fcne\u015ften gelen enerjinin % 1 veya % 2&#8217;sinin r\u00fczgara d\u00f6n\u00fc\u015ft\u00fc\u011f\u00fc tespit edilmi\u015ftir. Havan\u0131n k\u00fctlesi az oldu\u011fundan r\u00fczgardan sa\u011flanacak enerji miktar\u0131, r\u00fczgar h\u0131z\u0131na ve mevsimsel de\u011fi\u015fikliklere ba\u011fl\u0131 olarak de\u011fi\u015fmektedir.<\/p>\n<p>R\u00fczgardan enerji elde edilmesi \u00e7ok eski \u00e7a\u011flara dayanmaktad\u0131r. Yel de\u011firmenleri,r\u00fczgar enerjisinin ilk \u00f6rnekleri olarak kabul g\u00f6rmektedir. G\u00fcn\u00fcm\u00fczde ise r\u00fczgar enerjisi sistemleri g\u00fcn ge\u00e7tik\u00e7e geli\u015fen ve kullan\u0131m\u0131 yayg\u0131nla\u015fan yenilenebilir enerji kaynaklar\u0131ndand\u0131r.<\/p>\n<p><strong>Konutlarda R\u00fczgar Enerjisinin Kullan\u0131m\u0131<\/strong><\/p>\n<p>R\u00fczgar enerjisi konutlarda do\u011fal havaland\u0131rma ve elektrik enerjisi \u00fcretiminde kullan\u0131lmaktad\u0131r ve iki \u015fekilde yararlan\u0131l\u0131r.<\/p>\n<ul>\n<li>Pasif sistemler yard\u0131m\u0131yla do\u011fal havaland\u0131rma<\/li>\n<li>Aktif sistemler yard\u0131m\u0131yla elektrik enerjisi elde edilmesi<\/li>\n<\/ul>\n<p><strong>PAS\u0130F R\u00dcZGAR S\u0130STEMLER\u0130<a href=\"https:\/\/www.enerjigazetesi.ist\/wp-content\/uploads\/2012\/06\/1423.jpg\"><img loading=\"lazy\" class=\"alignleft size-full wp-image-547\" title=\"ruzgar enerjisi\" src=\"https:\/\/www.enerjigazetesi.ist\/wp-content\/uploads\/2012\/06\/1423.jpg\" alt=\"\" width=\"300\" height=\"300\" srcset=\"https:\/\/www.enerjigazetesi.ist\/wp-content\/uploads\/2012\/06\/1423.jpg 300w, https:\/\/www.enerjigazetesi.ist\/wp-content\/uploads\/2012\/06\/1423-150x150.jpg 150w, https:\/\/www.enerjigazetesi.ist\/wp-content\/uploads\/2012\/06\/1423-50x50.jpg 50w\" sizes=\"(max-width: 300px) 100vw, 300px\" \/><\/a><\/strong><\/p>\n<p>Do\u011fal havaland\u0131rma ile r\u00fczgar enerjisinden pasif olarak enerji elde edilmektedir. R\u00fczgar y\u00f6n\u00fc do\u011frultusunda yerle\u015ftirilen binalar aras\u0131nda ve i\u00e7inde olu\u015fan koridorlar sayesinde pasif enerjiyle yap\u0131lar so\u011futulabilmektedir. Yap\u0131 i\u00e7inde koridorlar,kar\u015f\u0131l\u0131kl\u0131 duvarlarda bo\u015fluk a\u00e7\u0131larak sa\u011flanabilir.<\/p>\n<p>Bina i\u00e7ine al\u0131nan havan\u0131n sirk\u00fclasyonu,kar\u015f\u0131l\u0131kl\u0131 a\u00e7\u0131lan bo\u015fluklar sayesinde sa\u011flanmakta, \u0131s\u0131nan hava ise atrium i\u00e7ine al\u0131nmaktad\u0131r. Burada hava genle\u015fmekte, y\u00fckselmekte ve d\u0131\u015far\u0131 at\u0131lmaktad\u0131r.<\/p>\n<p><strong>AKT\u0130F R\u00dcZGAR S\u0130STEMLER\u0130<\/strong><\/p>\n<p>Bu sistemde r\u00fczgar t\u00fcrbinleri kullan\u0131lmaktad\u0131r. R\u00fczgar t\u00fcrbinleri; pervane kanatlar\u0131, g\u00fc\u00e7 \u015faft\u0131 ve r\u00fczgar\u0131n enerjisini \u00f6nce mekanik, daha sonra elektrik enerjisine \u00e7eviren jenerat\u00f6rden olu\u015fmaktad\u0131r.<\/p>\n<p>R\u00fczgar eserek pervanenin kanatlar\u0131n\u0131 d\u00f6nd\u00fcrmekte ve r\u00fczgar\u0131n sahip oldu\u011fu kinetik enerji, pervane milinin devir say\u0131s\u0131 ile h\u0131z kazanarak pervaneye ba\u011fl\u0131 \u015faft\u0131 d\u00f6nd\u00fcr\u00fcr. \u015eaft\u0131n d\u00f6nmesiyle motor i\u00e7inde hareket olu\u015fur ve motorun \u00e7\u0131k\u0131\u015f\u0131nda olu\u015fan elektrik enerjisi g\u00f6vdede yer alan jenerat\u00f6re aktar\u0131l\u0131r, olu\u015fan bu enerji ak\u00fclerde toplan\u0131r.<\/p>\n<p>K\u00fc\u00e7\u00fck ve orta b\u00fcy\u00fckl\u00fckteki r\u00fczgar t\u00fcrbinleri tek bir konut i\u00e7in kullan\u0131lmakta olup, b\u00fcy\u00fck \u00f6l\u00e7ekli Cise r\u00fczgar santralleri gibi b\u00fcy\u00fck tesislerde kullan\u0131lmaktad\u0131r.<\/p>\n<p><strong>Sonu\u00e7 olarak;<\/strong> son y\u0131llarda ya\u015fanan teknolojik geli\u015fmeler,kazan\u0131mlar\u0131n\u0131n yan\u0131nda \u00e7evre kirlili\u011fi ve kaynaklar\u0131n t\u00fcketilmesi gibi baz\u0131 problemleri de beraberinde getirdi\u011fi yads\u0131namaz bir ger\u00e7ektir. Uzun y\u0131llardan beri ya\u015fanan enerji krizi, enerji t\u00fcketimini minimuma indirmeyi ve yenilenebilir enerji kaynaklar\u0131n\u0131n kullan\u0131lmas\u0131n\u0131 ama\u00e7layan sistemlerin geli\u015ftirilmesine y\u00f6nelik \u00e7al\u0131\u015fmalar\u0131n \u00f6nemini artt\u0131rm\u0131\u015ft\u0131r.<\/p>\n<p>Enerji \u00fcretimi ve t\u00fcketiminin \u00e7evre \u00fczerindeki olumsuz etkilerinin minimize edilmesi i\u00e7in enerjinin etkin bir \u015fekilde kullan\u0131lmas\u0131 ve tasarrufu sa\u011flanmal\u0131, yenilenebilir enerji kaynaklar\u0131ndan hem aktif hem pasif sistemler kullan\u0131larak faydalan\u0131lmal\u0131d\u0131r.<\/p>\n<p>Yazan: Fatih M\u0130RZEO\u011eLU &#8211; Makina M\u00fchendisi \/ Enerji Gazetesi<\/p>\n<p>Yay\u0131nc\u0131: <a href=\"https:\/\/www.enerjigazetesi.ist\" target=\"_blank\">Enerji Gazetesi<\/a><\/p>","protected":false},"excerpt":{"rendered":"<p>Sorry, this entry is only available in Turkish. For the sake of viewer convenience, the content is shown below in the alternative language. You may click the link to switch the active language.Ana kayna\u011f\u0131 g\u00fcne\u015f olan r\u00fczgar, g\u00fcne\u015fin atmosferi homojen olarak \u0131s\u0131tamamas\u0131ndan kaynaklanan bas\u0131n\u00e7 ve s\u0131cakl\u0131k farklar\u0131ndan olu\u015fur. Yery\u00fcz\u00fcn\u00fcn farkl\u0131 \u0131s\u0131nmas\u0131,s\u0131cakl\u0131k ve nem oranlar\u0131n\u0131n farkl\u0131 [&hellip;]<\/p>\n","protected":false},"author":1,"featured_media":547,"comment_status":"open","ping_status":"open","sticky":false,"template":"","format":"standard","meta":[],"categories":[53,50],"tags":[10071,10073,10072,19,63,67,1009,165,9881,10069,10070,69,16,324],"views":3182,"_links":{"self":[{"href":"https:\/\/www.enerjigazetesi.ist\/en\/wp-json\/wp\/v2\/posts\/17138"}],"collection":[{"href":"https:\/\/www.enerjigazetesi.ist\/en\/wp-json\/wp\/v2\/posts"}],"about":[{"href":"https:\/\/www.enerjigazetesi.ist\/en\/wp-json\/wp\/v2\/types\/post"}],"author":[{"embeddable":true,"href":"https:\/\/www.enerjigazetesi.ist\/en\/wp-json\/wp\/v2\/users\/1"}],"replies":[{"embeddable":true,"href":"https:\/\/www.enerjigazetesi.ist\/en\/wp-json\/wp\/v2\/comments?post=17138"}],"version-history":[{"count":2,"href":"https:\/\/www.enerjigazetesi.ist\/en\/wp-json\/wp\/v2\/posts\/17138\/revisions"}],"predecessor-version":[{"id":17140,"href":"https:\/\/www.enerjigazetesi.ist\/en\/wp-json\/wp\/v2\/posts\/17138\/revisions\/17140"}],"wp:featuredmedia":[{"embeddable":true,"href":"https:\/\/www.enerjigazetesi.ist\/en\/wp-json\/wp\/v2\/media\/547"}],"wp:attachment":[{"href":"https:\/\/www.enerjigazetesi.ist\/en\/wp-json\/wp\/v2\/media?parent=17138"}],"wp:term":[{"taxonomy":"category","embeddable":true,"href":"https:\/\/www.enerjigazetesi.ist\/en\/wp-json\/wp\/v2\/categories?post=17138"},{"taxonomy":"post_tag","embeddable":true,"href":"https:\/\/www.enerjigazetesi.ist\/en\/wp-json\/wp\/v2\/tags?post=17138"}],"curies":[{"name":"wp","href":"https:\/\/api.w.org\/{rel}","templated":true}]}}