{"id":17128,"date":"2013-11-02T22:40:59","date_gmt":"2013-11-02T19:40:59","guid":{"rendered":"https:\/\/www.enerjigazetesi.ist\/?p=17128"},"modified":"2013-11-02T22:41:33","modified_gmt":"2013-11-02T19:41:33","slug":"turk-alman-enerji-inovasyon-forumu-20-21-kasimda-duzenleniyor","status":"publish","type":"post","link":"https:\/\/www.enerjigazetesi.ist\/en\/turk-alman-enerji-inovasyon-forumu-20-21-kasimda-duzenleniyor\/","title":{"rendered":"(Turkish) T\u00fcrk-Alman Enerji \u0130novasyon Forumu 20-21 Kas\u0131m\u2019da D\u00fczenleniyor&#8230;"},"content":{"rendered":"<p class=\"qtranxs-available-languages-message qtranxs-available-languages-message-en\">Sorry, this entry is only available in <a href=\"https:\/\/www.enerjigazetesi.ist\/tr\/wp-json\/wp\/v2\/posts\/17128\" class=\"qtranxs-available-language-link qtranxs-available-language-link-tr\" title=\"Turkish\">Turkish<\/a>. For the sake of viewer convenience, the content is shown below in the alternative language. You may click the link to switch the active language.<\/p><p><strong>\u201cT\u00fcrk-Alman Enerji \u0130novasyon Forumu\u201d 20-21 Kas\u0131m 2013 tarihlerinde Berlin\u2019de \u201d ger\u00e7ekle\u015ftirilecek.<\/strong><\/p>\n<p>Alman Federal Ekonomi Bakanl\u0131\u011f\u0131 ve T.C. Enerji ve Tabii Kaynaklar Bakanl\u0131\u011f\u0131 ve BUV Alman \u0130\u015f Hayat\u0131 Federasyonu taraf\u0131ndan d\u00fczenlenen Forum\u2019da, teknoloji transferi ve yenilenebilir enerji bran\u015f\u0131nda olu\u015fan i\u015fbirli\u011fi talepleri ele al\u0131nacak.<br \/>\nForum\u2019a \u015firket y\u00f6neticilerinin, ara\u015f<a href=\"https:\/\/www.enerjigazetesi.ist\/wp-content\/uploads\/2013\/11\/turk-alman-enerji-inovasyon-forumu-20-21-kasimda.jpg\"><img loading=\"lazy\" class=\"alignleft size-medium wp-image-17129\" title=\"turk-alman-enerji-inovasyon-forumu-20-21-kasimda\" src=\"https:\/\/www.enerjigazetesi.ist\/wp-content\/uploads\/2013\/11\/turk-alman-enerji-inovasyon-forumu-20-21-kasimda-300x167.jpg\" alt=\"\" width=\"300\" height=\"167\" srcset=\"https:\/\/www.enerjigazetesi.ist\/wp-content\/uploads\/2013\/11\/turk-alman-enerji-inovasyon-forumu-20-21-kasimda-300x167.jpg 300w, https:\/\/www.enerjigazetesi.ist\/wp-content\/uploads\/2013\/11\/turk-alman-enerji-inovasyon-forumu-20-21-kasimda-500x279.jpg 500w, https:\/\/www.enerjigazetesi.ist\/wp-content\/uploads\/2013\/11\/turk-alman-enerji-inovasyon-forumu-20-21-kasimda-80x44.jpg 80w, https:\/\/www.enerjigazetesi.ist\/wp-content\/uploads\/2013\/11\/turk-alman-enerji-inovasyon-forumu-20-21-kasimda.jpg 564w\" sizes=\"(max-width: 300px) 100vw, 300px\" \/><\/a>t\u0131rmac\u0131lar\u0131n, teknoloji transfer merkezlerinin, ekonomi kalk\u0131nma ajanslar\u0131n\u0131n ve e\u011fitim kurumlar\u0131 temsilcilerinin kat\u0131l\u0131m\u0131 bekleniyor.<\/p>\n<p><strong>FORUM\u2019UN ANA BA\u015eLIKLARI<\/strong><br \/>\n-Yenilenebilir Enerji<br \/>\n-Enerji Verimlili\u011fi<br \/>\n-Elektrik Depolama Teknolojileri ve<br \/>\n-\u015eebeke Entegrasyonu<\/p>\n<p>Yay\u0131nc\u0131: <a href=\"https:\/\/www.enerjigazetesi.ist\" target=\"_blank\">Enerji Gazetesi<\/a><\/p>","protected":false},"excerpt":{"rendered":"<p>Sorry, this entry is only available in Turkish. For the sake of viewer convenience, the content is shown below in the alternative language. You may click the link to switch the active language.\u201cT\u00fcrk-Alman Enerji \u0130novasyon Forumu\u201d 20-21 Kas\u0131m 2013 tarihlerinde Berlin\u2019de \u201d ger\u00e7ekle\u015ftirilecek. Alman Federal Ekonomi Bakanl\u0131\u011f\u0131 ve T.C. Enerji ve Tabii Kaynaklar Bakanl\u0131\u011f\u0131 ve [&hellip;]<\/p>\n","protected":false},"author":1,"featured_media":17129,"comment_status":"open","ping_status":"open","sticky":false,"template":"","format":"standard","meta":[],"categories":[51,53,52,49,50],"tags":[10062,63,67,1009,165,12,10063,10064,105],"views":675,"_links":{"self":[{"href":"https:\/\/www.enerjigazetesi.ist\/en\/wp-json\/wp\/v2\/posts\/17128"}],"collection":[{"href":"https:\/\/www.enerjigazetesi.ist\/en\/wp-json\/wp\/v2\/posts"}],"about":[{"href":"https:\/\/www.enerjigazetesi.ist\/en\/wp-json\/wp\/v2\/types\/post"}],"author":[{"embeddable":true,"href":"https:\/\/www.enerjigazetesi.ist\/en\/wp-json\/wp\/v2\/users\/1"}],"replies":[{"embeddable":true,"href":"https:\/\/www.enerjigazetesi.ist\/en\/wp-json\/wp\/v2\/comments?post=17128"}],"version-history":[{"count":2,"href":"https:\/\/www.enerjigazetesi.ist\/en\/wp-json\/wp\/v2\/posts\/17128\/revisions"}],"predecessor-version":[{"id":17131,"href":"https:\/\/www.enerjigazetesi.ist\/en\/wp-json\/wp\/v2\/posts\/17128\/revisions\/17131"}],"wp:featuredmedia":[{"embeddable":true,"href":"https:\/\/www.enerjigazetesi.ist\/en\/wp-json\/wp\/v2\/media\/17129"}],"wp:attachment":[{"href":"https:\/\/www.enerjigazetesi.ist\/en\/wp-json\/wp\/v2\/media?parent=17128"}],"wp:term":[{"taxonomy":"category","embeddable":true,"href":"https:\/\/www.enerjigazetesi.ist\/en\/wp-json\/wp\/v2\/categories?post=17128"},{"taxonomy":"post_tag","embeddable":true,"href":"https:\/\/www.enerjigazetesi.ist\/en\/wp-json\/wp\/v2\/tags?post=17128"}],"curies":[{"name":"wp","href":"https:\/\/api.w.org\/{rel}","templated":true}]}}