{"id":171269,"date":"2023-03-18T11:03:11","date_gmt":"2023-03-18T08:03:11","guid":{"rendered":"https:\/\/www.enerjigazetesi.ist\/?p=171269"},"modified":"2023-03-18T11:03:56","modified_gmt":"2023-03-18T08:03:56","slug":"cumhuriyetimizin-2inci-yuzyilinda-turkiyenin-savunmasinda-biz-de-variz","status":"publish","type":"post","link":"https:\/\/www.enerjigazetesi.ist\/en\/cumhuriyetimizin-2inci-yuzyilinda-turkiyenin-savunmasinda-biz-de-variz\/","title":{"rendered":"(Turkish) Cumhuriyetimizin 2&#8217;inci Y\u00fczy\u0131l\u0131nda T\u00fcrkiye&#8217;nin Savunmas\u0131nda Biz de Var\u0131z"},"content":{"rendered":"<p class=\"qtranxs-available-languages-message qtranxs-available-languages-message-en\">Sorry, this entry is only available in <a href=\"https:\/\/www.enerjigazetesi.ist\/tr\/wp-json\/wp\/v2\/posts\/171269\" class=\"qtranxs-available-language-link qtranxs-available-language-link-tr\" title=\"Turkish\">Turkish<\/a>. For the sake of viewer convenience, the content is shown below in the alternative language. You may click the link to switch the active language.<\/p><p><\/p>\n<h2>D\u00fcnyan\u0131n en \u00f6nemli savunma zaferlerinden olan 18 Mart \u00c7anakkale Zaferi, d\u00fcnya \u00fclkelerinin g\u00fc\u00e7 dengelerini de\u011fi\u015ftirerek tarihteki yerini alm\u0131\u015ft\u0131r. Bu zaferle bir destan yaz\u0131lm\u0131\u015f, Kurtulu\u015f Sava\u015f\u0131&#8217;n\u0131n me\u015falesi de ate\u015flemi\u015ftir.<\/h2>\n<p><strong>18 Mart \u00c7anakkale Zaferi<\/strong>\u2019nin <strong>108. y\u0131ld\u00f6n\u00fcm\u00fcnde<\/strong> bir de\u011ferlendirmede bulunan Baycan Elektrik Genel M\u00fcd\u00fcr\u00fc Engin Y\u0131lmaz, \u00fclkemizin <strong>1980 \u00f6ncesi<\/strong> d\u00f6nemde savunma sanayide d\u0131\u015fa ba\u011f\u0131ml\u0131 iken, \u015fimdi <strong>% 80<\/strong> oran\u0131nda<strong> yerli \u00fcretim<\/strong> ile<strong> y\u00fcksek teknolojili projelere<\/strong> imza atmay\u0131 ba\u015fard\u0131\u011f\u0131n\u0131 belirtti.<\/p>\n<h3><strong>BAYCAN ELEKTR\u0130K, 2022\u2019DE SAVUNMA SANAY\u0130N\u0130N TEDAR\u0130K\u00c7\u0130S\u0130 OLMAYA HAK KAZANDI<\/strong><\/h3>\n<h3><strong><img loading=\"lazy\" class=\"alignright wp-image-171274\" src=\"https:\/\/www.enerjigazetesi.ist\/wp-content\/uploads\/2023\/03\/cumhuriyetimizin-2inci-yuzyilinda-turkiyenin-savunmasinda-biz-de-variz.jpg\" alt=\"\" width=\"320\" height=\"240\" srcset=\"https:\/\/www.enerjigazetesi.ist\/wp-content\/uploads\/2023\/03\/cumhuriyetimizin-2inci-yuzyilinda-turkiyenin-savunmasinda-biz-de-variz.jpg 550w, https:\/\/www.enerjigazetesi.ist\/wp-content\/uploads\/2023\/03\/cumhuriyetimizin-2inci-yuzyilinda-turkiyenin-savunmasinda-biz-de-variz-300x225.jpg 300w, https:\/\/www.enerjigazetesi.ist\/wp-content\/uploads\/2023\/03\/cumhuriyetimizin-2inci-yuzyilinda-turkiyenin-savunmasinda-biz-de-variz-500x375.jpg 500w, https:\/\/www.enerjigazetesi.ist\/wp-content\/uploads\/2023\/03\/cumhuriyetimizin-2inci-yuzyilinda-turkiyenin-savunmasinda-biz-de-variz-67x50.jpg 67w\" sizes=\"(max-width: 320px) 100vw, 320px\" \/><\/strong><\/h3>\n<p><em>\u201c2022 y\u0131l\u0131nda Mill\u00ee Savunma Bakanl\u0131\u011f\u0131 taraf\u0131ndan Savunma Sanayi\u2019nin onayl\u0131 bir tedarik\u00e7isi olmaya bu alanda beklenen kalite kriterlerini fazlas\u0131 ile kar\u015f\u0131lamam\u0131z sonucu hak kazand\u0131k\u201d diyen Y\u0131lmaz, \u201cBaycan Elektrik olarak T\u00fcrkiye\u2019nin savunmas\u0131nda art\u0131k biz de var\u0131z ve bundan gurur duyuyoruz. G\u00fcncel projelerimiz kapsam\u0131nda <strong>kara<\/strong> ve<strong> hava ara\u00e7lar\u0131n\u0131n<\/strong> (f\u00fcze, roket, z\u0131rhl\u0131 ara\u00e7) <strong>kablo gruplar\u0131n\u0131n \u00fcretimine<\/strong> ba\u015flad\u0131k. Tecr\u00fcbeli ve alan\u0131nda uzman m\u00fchendis ekibimiz bu kablo gruplar\u0131n\u0131n resmi sipari\u015fleri \u00fczerinde \u00e7al\u0131\u015f\u0131yor ve bir yandan yeni projelerin numunelerini geli\u015ftiriyorlar\u201d<\/em> dedi.<\/p>\n<h3><strong>T\u00dcRK\u0130YE\u2019N\u0130N \u0130LK 5 SAVUNMA SANAY\u0130 L\u0130DER F\u0130RMALARI \u0130LE \u00c7ALI\u015eIYORUZ<\/strong><\/h3>\n<p>Mill\u00ee Savunma Bakanl\u0131\u011f\u0131 onayl\u0131 tedarik\u00e7isi olarak <strong>T\u00fcrkiye\u2019nin ilk 5 savunma sanayi lider firmalar\u0131<\/strong> ile \u00e7al\u0131\u015ft\u0131klar\u0131 bilgisini veren <strong>Baycan Elektrik\u2019in Genel M\u00fcd\u00fcr\u00fc Engin Y\u0131lmaz<\/strong> <span style=\"text-decoration: underline;\">\u015f\u00f6yle konu\u015ftu:<\/span><\/p>\n<p>\u201c2021 y\u0131l\u0131 itibar\u0131yla Baycan Elektrik olarak beyaz e\u015fya haricinde sekt\u00f6rlerde de kendimizi kan\u0131tlamak ve tan\u0131tmak istedi\u011fimize karar verdik.<\/p>\n<p>\u015eirketimizde gerekli t\u00fcm e\u011fitimlerini tamamlam\u0131\u015f olan bir <strong>Certified IPC Trainer (Sertifikal\u0131 IPC E\u011fitmeni)<\/strong> bulunuyor ve \u015fimdiye kadar 50 personelimizin <strong>Certified IPC Specialist (Sertifikal\u0131 IPC Uzman\u0131) e\u011fitimlerini<\/strong> verdi. Daha sonra <strong>AS 9100 sertifikas\u0131<\/strong> i\u00e7in \u00e7al\u0131\u015fmalar\u0131m\u0131z\u0131 tamamlad\u0131k ve <strong>savunma sanayinin onayl\u0131 bir tedarik\u00e7isi<\/strong> olarak sekt\u00f6rde yerimizi ald\u0131k.<\/p>\n<p>2023 y\u0131l\u0131 i\u00e7erisinde hedeflerimiz aras\u0131nda T\u00fcrkiye pazar\u0131nda ilk 5\u2019te olan savunma sanayi lider firmalar\u0131 ile seri \u00fcretime ge\u00e7mek bulunuyor. Ayn\u0131 zamanda ikinci alt\u0131 aydan sonra var olan 500 metrekarelik kapal\u0131 \u00fcretim alan\u0131m\u0131z\u0131 3.000 metrekareye \u00e7\u0131karmay\u0131 planl\u0131yoruz. Makine altyap\u0131m\u0131z\u0131 m\u00fc\u015fteri talepleri ve pazardaki b\u00fcy\u00fcme y\u00f6n\u00fcnde geli\u015ftirece\u011fiz. Y\u0131l\u0131n son \u00e7eyre\u011finde de ihracat ile \u00e7al\u0131\u015fma hedeflerimiz bulunmaktad\u0131r.\u201d<\/p>\n<p><strong>PROSES\u0130M\u0130Z\u0130N T\u00dcRK\u0130YE PAZARINDA %30\u2019LUK PAYA SAH\u0130P OLMASINI PLANLIYORUZ<\/strong><\/p>\n<p>Bu sene <strong>savunma sanayi<\/strong> i\u00e7in y\u00fcr\u00fctt\u00fckleri projelere<strong> 250 bin adam\/saat<\/strong> ay\u0131rd\u0131klar\u0131n\u0131 ifade eden Y\u0131lmaz, bu rakam\u0131 5 y\u0131l i\u00e7inde d\u00f6rt kat\u0131 art\u0131rarak <strong>1 milyon adam\/saat<\/strong> hedeflediklerinin \u00f6zenle alt\u0131n\u0131 \u00e7izdi ve ekledi: <em>\u201cY\u00fcr\u00fct\u00fclen milli projelerde kendi prosesimizin T\u00fcrkiye pazar\u0131nda % 30\u2019luk pay\u0131na sahip olmay\u0131 planl\u0131yoruz. Bu s\u00fcre i\u00e7inde yurt d\u0131\u015f\u0131 pazar\u0131na a\u00e7\u0131larak toplam gelirimizin %40\u2019l\u0131k oran\u0131n\u0131 ihracattan kar\u015f\u0131layaca\u011f\u0131z.\u201d<\/em><\/p>\n<h3><strong>M\u0130LL\u0130 PROJELERDE YER ALMANIN HAKLI GURURUNU YA\u015eIYORUZ<\/strong><\/h3>\n<p>\u00dclke g\u00fcvenli\u011finin sa\u011flanmas\u0131nda savunma sanayinin b\u00fcy\u00fck \u00f6nem arz etti\u011fini ifade eden Y\u0131lmaz,<em> \u201cBu sekt\u00f6rde katma de\u011feri y\u00fcksek nitelikli projeler var. Geli\u015fmi\u015f teknolojili stratejik \u00fcr\u00fcnler \u00fcretiliyor. <strong>Milli projelerde Baycan Elektrik<\/strong> olarak <strong>yer alman\u0131n hakl\u0131 gururunu ya\u015f\u0131yoruz<\/strong>\u201d dedi. Baycan Elektrik\u2019in savunma sanayinde tercih edilmesindeki nedenlerle ilgili Y\u0131lmaz, \u201c<strong>Kablo gruplama<\/strong> sekt\u00f6r\u00fcnde 56 y\u0131ll\u0131k bir ge\u00e7mi\u015fe sahibiz ve ilk g\u00fcnden beri\u00a0m\u00fc\u015fterilerimizin beklenti ve gereksinimlerini tam kar\u015f\u0131layan en y\u00fcksek kalitede hizmet ve \u00fcr\u00fcnler sunuyoruz.\u00a01.000\u2019e yak\u0131n \u00e7al\u0131\u015fan\u0131m\u0131z ile de\u011fer \u00fcretiyoruz. K\u00f6kl\u00fc bilgi birikimimiz, tecr\u00fcbemiz, etkili kalite sistemimiz ve kapasitemiz tercih edilmemizdeki nedenlerden baz\u0131lar\u0131. Sekt\u00f6r\u00fcn kabul g\u00f6rm\u00fc\u015f d\u00fcnya standartlar\u0131nda olan<strong> teknik alt yap\u0131m\u0131z<\/strong> ve <strong>kalite sertifikalar\u0131m\u0131z\u0131n<\/strong> yan\u0131 s\u0131ra proseslerine uygun kuvvetli <strong>yaz\u0131l\u0131m<\/strong> ve <strong>tasar\u0131m programlar\u0131na<\/strong> sahip bir i\u015fletmeyiz. <strong>M\u00fchendis \u00e7o\u011funluklu ekibimizle<\/strong> <strong>Baycan Elektrik Savunma Sanayi<\/strong>\u2019de tercih edilen bir partner olmaya devam edecek\u201d<\/em> dedi.<\/p>","protected":false},"excerpt":{"rendered":"<p>Sorry, this entry is only available in Turkish. For the sake of viewer convenience, the content is shown below in the alternative language. You may click the link to switch the active language. D\u00fcnyan\u0131n en \u00f6nemli savunma zaferlerinden olan 18 Mart \u00c7anakkale Zaferi, d\u00fcnya \u00fclkelerinin g\u00fc\u00e7 dengelerini de\u011fi\u015ftirerek tarihteki yerini alm\u0131\u015ft\u0131r. Bu zaferle bir destan [&hellip;]<\/p>\n","protected":false},"author":1,"featured_media":171275,"comment_status":"open","ping_status":"open","sticky":false,"template":"","format":"standard","meta":[],"categories":[51,53],"tags":[88152,107850,2873,108087,86010,108339],"views":39,"_links":{"self":[{"href":"https:\/\/www.enerjigazetesi.ist\/en\/wp-json\/wp\/v2\/posts\/171269"}],"collection":[{"href":"https:\/\/www.enerjigazetesi.ist\/en\/wp-json\/wp\/v2\/posts"}],"about":[{"href":"https:\/\/www.enerjigazetesi.ist\/en\/wp-json\/wp\/v2\/types\/post"}],"author":[{"embeddable":true,"href":"https:\/\/www.enerjigazetesi.ist\/en\/wp-json\/wp\/v2\/users\/1"}],"replies":[{"embeddable":true,"href":"https:\/\/www.enerjigazetesi.ist\/en\/wp-json\/wp\/v2\/comments?post=171269"}],"version-history":[{"count":1,"href":"https:\/\/www.enerjigazetesi.ist\/en\/wp-json\/wp\/v2\/posts\/171269\/revisions"}],"predecessor-version":[{"id":171270,"href":"https:\/\/www.enerjigazetesi.ist\/en\/wp-json\/wp\/v2\/posts\/171269\/revisions\/171270"}],"wp:featuredmedia":[{"embeddable":true,"href":"https:\/\/www.enerjigazetesi.ist\/en\/wp-json\/wp\/v2\/media\/171275"}],"wp:attachment":[{"href":"https:\/\/www.enerjigazetesi.ist\/en\/wp-json\/wp\/v2\/media?parent=171269"}],"wp:term":[{"taxonomy":"category","embeddable":true,"href":"https:\/\/www.enerjigazetesi.ist\/en\/wp-json\/wp\/v2\/categories?post=171269"},{"taxonomy":"post_tag","embeddable":true,"href":"https:\/\/www.enerjigazetesi.ist\/en\/wp-json\/wp\/v2\/tags?post=171269"}],"curies":[{"name":"wp","href":"https:\/\/api.w.org\/{rel}","templated":true}]}}