{"id":171253,"date":"2023-03-18T10:22:38","date_gmt":"2023-03-18T07:22:38","guid":{"rendered":"https:\/\/www.enerjigazetesi.ist\/?p=171253"},"modified":"2023-03-18T10:28:43","modified_gmt":"2023-03-18T07:28:43","slug":"ulkemizin-surdurulebilir-buyumesine-katkida-bulunmaya-devam-edecegiz","status":"publish","type":"post","link":"https:\/\/www.enerjigazetesi.ist\/en\/ulkemizin-surdurulebilir-buyumesine-katkida-bulunmaya-devam-edecegiz\/","title":{"rendered":"(Turkish) &#8217;Petrol Ofisi&#8217; G\u00fc\u00e7l\u00fc Ad\u0131mlarla B\u00fcy\u00fcmeye ve Yat\u0131r\u0131m Yapmaya Devam Edecek"},"content":{"rendered":"<p class=\"qtranxs-available-languages-message qtranxs-available-languages-message-en\">Sorry, this entry is only available in <a href=\"https:\/\/www.enerjigazetesi.ist\/tr\/wp-json\/wp\/v2\/posts\/171253\" class=\"qtranxs-available-language-link qtranxs-available-language-link-tr\" title=\"Turkish\">Turkish<\/a>. For the sake of viewer convenience, the content is shown below in the alternative language. You may click the link to switch the active language.<\/p><p><\/p>\n<h2><strong>T\u00fcrkiye&#8217;nin \u00f6nc\u00fc enerji altyap\u0131 grubu Petrol Ofisi&#8217;nin t\u00fcm payda\u015flar\u0131yla bu topraklara de\u011fer katt\u0131\u011f\u0131n\u0131 s\u00f6yleyen Petrol Ofisi Grup CEO&#8217;su Mehmet Abbaso\u011flu, akaryak\u0131t ve madeni ya\u011f pazarlar\u0131ndaki geleneksel liderliklerini korurken g\u00fc\u00e7l\u00fc ad\u0131mlarla b\u00fcy\u00fcmeye ve yat\u0131r\u0131m yapmaya devam edeceklerini a\u00e7\u0131klad\u0131.<\/strong><\/h2>\n<p>16. Uluslararas\u0131 Petrol, LPG, Madeni Ya\u011f, Ekipman, \u0130stasyon Market \u00dcr\u00fcnleri ve Teknoloji Fuar\u0131 Petroleum Istanbul 2022, 16 &#8211; 18 Mart tarihleri aras\u0131nda T\u00fcyap Fuar ve Kongre Merkezi&#8217;nde d\u00fczenlendi. Gas &amp; Power Network, 5. Elektrik, Do\u011fal Gaz ve Alternatif Enerji, Ekipmanlar\u0131 ve Teknolojileri Fuar\u0131 ile e\u015f zamanl\u0131 olarak d\u00fczenlenen Petroleum Istanbul 2023&#8217;te 3 g\u00fcn boyunca sekt\u00f6r\u00fcn \u00f6nde gelen uzman ve \u00fcst d\u00fczey konuklar\u0131 sunumlar ve kat\u0131ld\u0131klar\u0131 panellerde \u00f6nemli bilgiler payla\u015ft\u0131.<\/p>\n<p>22 \u00fclkeden binin \u00fczerinde markan\u0131n ve binlerce ki\u015finin ziyaret etti\u011fi fuarda T\u00fcrkiye akaryak\u0131t ile madeni ya\u011flar ve kimyasallar sekt\u00f6rlerinin geleneksel lideri <strong>Petrol Ofisi Grubu<\/strong> da hem kat\u0131l\u0131mc\u0131 hem de <strong>destek\u00e7i<\/strong> olarak bu<strong> \u00f6nemli bulu\u015fmada yer ald\u0131.<\/strong><\/p>\n<h3><strong>\u201cT\u00fcrkiye&#8217;nin akaryak\u0131t ve madeni ya\u011f pazarlar\u0131n\u0131n geleneksel lideriyiz\u201d<\/strong><\/h3>\n<p><img loading=\"lazy\" class=\"alignright wp-image-171258\" src=\"https:\/\/www.enerjigazetesi.ist\/wp-content\/uploads\/2023\/03\/mehmet_abbasoglu.jpg\" alt=\"\" width=\"320\" height=\"304\" srcset=\"https:\/\/www.enerjigazetesi.ist\/wp-content\/uploads\/2023\/03\/mehmet_abbasoglu.jpg 505w, https:\/\/www.enerjigazetesi.ist\/wp-content\/uploads\/2023\/03\/mehmet_abbasoglu-300x285.jpg 300w, https:\/\/www.enerjigazetesi.ist\/wp-content\/uploads\/2023\/03\/mehmet_abbasoglu-421x400.jpg 421w, https:\/\/www.enerjigazetesi.ist\/wp-content\/uploads\/2023\/03\/mehmet_abbasoglu-53x50.jpg 53w, https:\/\/www.enerjigazetesi.ist\/wp-content\/uploads\/2023\/03\/mehmet_abbasoglu-500x475.jpg 500w\" sizes=\"(max-width: 320px) 100vw, 320px\" \/>Enerji sekt\u00f6r\u00fcn\u00fc uluslararas\u0131 pazarlarla bulu\u015fturan Petroleum Istanbul&#8217;un sekt\u00f6r\u00fcn ortak bilgi payla\u015f\u0131m platformu olma misyonunu ba\u015far\u0131yla \u00fcstlendi\u011fini s\u00f6yleyen <strong>Petrol Ofisi Grup CEO&#8217;su Mehmet Abbaso\u011flu<\/strong>,<em> \u201cPetrol Ofisi Grubu olarak, \u00e7ok katmanl\u0131 ekosistemimizdeki t\u00fcm payda\u015flar\u0131m\u0131zla bu topraklara de\u011fer kat\u0131yoruz. 200 milyar TL&#8217;yi bulan ciromuzla \u00fclkemizin en b\u00fcy\u00fck \u00f6zel \u015firketlerinden biriyiz.\u00a0 Ayr\u0131ca, T\u00fcrkiye&#8217;nin akaryak\u0131t ve madeni ya\u011f pazarlar\u0131n\u0131n geleneksel lideriyiz. 4 k\u0131tada 33 \u00fclkeye madeni ya\u011f ihracat\u0131 yapan, teknoloji ihra\u00e7 eden b\u00f6lgesel bir g\u00fc\u00e7 konumunday\u0131z. Akaryak\u0131t ve madeni ya\u011f pazarlar\u0131ndaki geleneksel liderli\u011fimizi korurken att\u0131\u011f\u0131m\u0131z her ad\u0131mda \u00fclkemizin enerji koridoru konumunu g\u00fc\u00e7lendirecek altyap\u0131 ve yenilik\u00e7i teknolojilere yat\u0131r\u0131m yapmaya, yaratt\u0131\u011f\u0131m\u0131z \u00f6l\u00e7ek ekonomisi ile \u00fclkemizin s\u00fcrd\u00fcr\u00fclebilir b\u00fcy\u00fcmesine katma de\u011fer sa\u011flayacak giri\u015fimler yaratmaya devam ediyoruz.\u201d<\/em> dedi.<\/p>\n<h3>\u201cDeprem felaketinin yaralar\u0131n\u0131 sarmak \u00f6ncelikli g\u00fcndem maddelerimiz aras\u0131nda\u201d<\/h3>\n<p>6 \u015eubat&#8217;ta meydana gelen deprem felaketinden etkilenen b\u00f6lgelerdeki yaralar\u0131 sarabilmek ve ihtiya\u00e7lar\u0131 kar\u015f\u0131layabilmek ad\u0131na vatanda\u015flar\u0131n yan\u0131nda yer ald\u0131klar\u0131n\u0131 da s\u00f6yleyen Abbaso\u011flu, ger\u00e7ekle\u015ftirdikleri seferberlik hakk\u0131nda \u015fu bilgileri payla\u015ft\u0131: <em>\u201cKamu, sivil toplum ve \u00f6zel sekt\u00f6r payda\u015flar\u0131m\u0131zla birlikte, deprem felaketinin yaralar\u0131n\u0131 sarmak bu y\u0131lki \u00f6ncelikli g\u00fcndem maddelerimiz aras\u0131nda bulunuyor. Nitekim deprem felaketinin ilk g\u00fcn\u00fcnden bu yana yapt\u0131\u011f\u0131m\u0131z destekler kapsam\u0131nda b\u00f6lgeye <strong>100 milyon TL&#8217;lik kaynak<\/strong> aktard\u0131k. Bu \u00e7er\u00e7evede 5 milyon litrelik akaryak\u0131t\u0131 afet b\u00f6lgesinde yer alan 10 ildeki istasyonlar\u0131m\u0131z\u0131n otomasyon sistemi ile kademeli olarak AFAD&#8217;\u0131n bilabedel kullan\u0131m\u0131na sunduk. B\u00f6lgedeki AFAD ara\u00e7lar\u0131na ve AFAD&#8217;\u0131n y\u00f6nlendirdi\u011fi kurum ve kurulu\u015flara istasyonlar\u0131 ve mobil ikmal noktalar\u0131 ile yak\u0131t ikmali yapt\u0131k. <strong>40 bin litrelik mobil konteyner<\/strong> tank\u0131n\u0131 afet b\u00f6lgesine indirerek AFAD&#8217;\u0131n hizmetine sunduk. Bilabedel yard\u0131mlar\u0131m\u0131z d\u0131\u015f\u0131nda valilikler ve kaymakaml\u0131klar\u0131n koordinasyonunda, onlar\u0131n y\u00f6nlendirdi\u011fi lokasyonlara <strong>mobil ikmal noktalar\u0131<\/strong> ile <strong>kesintisiz enerji de sa\u011fl\u0131yoruz<\/strong>. Mersin ve \u0130skenderun terminallerini besleyebilmek amac\u0131yla toplam 8 arac\u0131m\u0131z\u0131 terminaller aras\u0131 ta\u015f\u0131may\u0131 sa\u011flamak \u00fczere y\u00f6nlendirdik. Bug\u00fcne kadar afet b\u00f6lgesine <strong>2.858<\/strong> tankerimizle <strong>64 milyon litreden fazla yak\u0131t ikmali<\/strong> ger\u00e7ekle\u015ftirdik. B\u00f6lgedeki yard\u0131m u\u00e7aklar\u0131 trafi\u011finin sorunsuz ilerlemesi i\u00e7in toplam <strong>720<\/strong> yard\u0131m u\u00e7a\u011f\u0131na <strong>6.550.000 litre yak\u0131t ikmali<\/strong> yapt\u0131k.<strong> 4 adet<\/strong> gezici tankerimizi havaalan\u0131 tadilat\u0131 ve di\u011fer destek i\u015flerinde kullan\u0131lmak \u00fczere b\u00f6lgeye ta\u015f\u0131d\u0131k. B\u00f6lgede zarar g\u00f6ren yollar\u0131n onar\u0131m\u0131 ad\u0131na Karayollar\u0131 Genel M\u00fcd\u00fcrl\u00fc\u011f\u00fc ara\u00e7lar\u0131 ile b\u00f6lgenin asayi\u015fi i\u00e7in kritik bir sorumlulu\u011fa sahip Emniyet Genel M\u00fcd\u00fcrl\u00fc\u011f\u00fc ve Jandarma Genel Komutanl\u0131\u011f\u0131 ara\u00e7lar\u0131na kesintisiz yak\u0131t ikmali yap\u0131yoruz. Terminallerinden deniz yolu ile akaryak\u0131t tedarik operasyonu kapsam\u0131nda gemilerimizi s\u00fcrekli teyakkuz halinde tutuyoruz.\u201d<\/em><\/p>\n<h3>\u201c\u00dcr\u00fcn ve hizmetlerimiz yo\u011fun ilgi g\u00f6rd\u00fc\u201d<\/h3>\n<p>Petroleum Istanbul&#8217;un enerji d\u00fcnyas\u0131ndaki t\u00fcm payda\u015flar\u0131 bir araya getirmesi a\u00e7\u0131s\u0131ndan son derece <img loading=\"lazy\" class=\"alignleft wp-image-171259\" src=\"https:\/\/www.enerjigazetesi.ist\/wp-content\/uploads\/2023\/03\/yigit_meral.jpg\" alt=\"\" width=\"320\" height=\"275\" srcset=\"https:\/\/www.enerjigazetesi.ist\/wp-content\/uploads\/2023\/03\/yigit_meral.jpg 550w, https:\/\/www.enerjigazetesi.ist\/wp-content\/uploads\/2023\/03\/yigit_meral-300x258.jpg 300w, https:\/\/www.enerjigazetesi.ist\/wp-content\/uploads\/2023\/03\/yigit_meral-465x400.jpg 465w, https:\/\/www.enerjigazetesi.ist\/wp-content\/uploads\/2023\/03\/yigit_meral-58x50.jpg 58w, https:\/\/www.enerjigazetesi.ist\/wp-content\/uploads\/2023\/03\/yigit_meral-500x430.jpg 500w\" sizes=\"(max-width: 320px) 100vw, 320px\" \/>de\u011ferli bir platform oldu\u011funu s\u00f6yleyen <strong>Petrol Ofisi Perakende Direkt\u00f6r\u00fc Yi\u011fit Meral<\/strong> ise, <em>\u201cK\u00fcresel \u00e7apta ya\u015fanan t\u00fcm zorluklara kar\u015f\u0131n Petrol Ofisi Grubu olarak \u00fclkemizde yine yo\u011fun bir \u015fekilde yeniliklere imza atmaya, bir\u00e7ok \u2018en&#8217;i ger\u00e7ekle\u015ftirmeye devam ediyoruz. Elde etti\u011fimiz ba\u015far\u0131lar\u0131n ard\u0131nda ise bayilerimiz ile kurdumuz g\u00fc\u00e7l\u00fc bir sinerji var. S\u00fcrekli sahada, bayilerimizle bir arada olan bir ekibiz. Bu nedenle <strong>Petroleum Istanbul&#8217;<\/strong>da <strong>500&#8217;\u00fc a\u015fk\u0131n<\/strong> bayimiz ve potansiyel bayilerimizle bir araya gelerek fikir al\u0131\u015fveri\u015finde bulunmak bizim i\u00e7in \u00e7ok k\u0131ymetliydi. Bu platformun ulusal, b\u00f6lgesel ve uluslararas\u0131 alanda \u00f6nemli i\u015f birliklere zemin haz\u0131rlamas\u0131 da sadece sekt\u00f6r\u00fcm\u00fcz i\u00e7in de\u011fil \u00fclkemiz i\u00e7in de \u00f6nemli f\u0131rsatlar\u0131 ortaya \u00e7\u0131kar\u0131yor. Petrol Ofisi Grubu olarak bu \u00f6nemli bulu\u015fmada sekt\u00f6r\u00fcn de\u011ferli isimleriyle bir araya gelmekten mutluluk duyuyoruz.\u201d<\/em> a\u00e7\u0131klamas\u0131nda bulundu.<\/p>\n<p>Fuarda Petrol Ofisi Grubu stand\u0131na g\u00f6sterilen ilgiye de de\u011finen Meral, <em>\u201cSekt\u00f6r\u00fcn t\u00fcm payda\u015flar\u0131n\u0131n yan\u0131 s\u0131ra binlerce bayinin de kat\u0131ld\u0131\u011f\u0131 fuarda yine yo\u011fun ilginin oda\u011f\u0131nda yer ald\u0131k. MarketPlus konseptimiz ve \u00f6zg\u00fcn lezzetler sundu\u011fumuz <strong>Kap Bi&#8217; Tat<\/strong> ve <strong>Kap Bi&#8217; Tat F\u0131r\u0131ndan<\/strong> markalar\u0131m\u0131z\u0131n yan\u0131 s\u0131ra <strong>Tchibo, Western Union, Hepsimat<\/strong> gibi alanlar\u0131nda \u00f6ne \u00e7\u0131kan markalarla geli\u015ftirdi\u011fimiz i\u015f birliklerimiz, yenilenen form\u00fcl\u00fcyle <strong>Maxima Motor Ya\u011flar\u0131m\u0131z<\/strong> ziyaret\u00e7ilerimizin en \u00e7ok ilgilendi\u011fi konu, \u00fcr\u00fcn ve hizmetlerimiz aras\u0131nda yer ald\u0131. Ayr\u0131ca, elektrikli ara\u00e7lar i\u00e7in \u00f6zel geli\u015ftirdi\u011fimiz e-POwer ve istasyonlar\u0131m\u0131za kurdu\u011fumuz g\u00fcne\u015f panelleri projemiz s-POwer markam\u0131z\u0131 da fuarda sergiledik.\u201d<\/em> dedi.<\/p>","protected":false},"excerpt":{"rendered":"<p>Sorry, this entry is only available in Turkish. For the sake of viewer convenience, the content is shown below in the alternative language. You may click the link to switch the active language. T\u00fcrkiye&#8217;nin \u00f6nc\u00fc enerji altyap\u0131 grubu Petrol Ofisi&#8217;nin t\u00fcm payda\u015flar\u0131yla bu topraklara de\u011fer katt\u0131\u011f\u0131n\u0131 s\u00f6yleyen Petrol Ofisi Grup CEO&#8217;su Mehmet Abbaso\u011flu, akaryak\u0131t ve [&hellip;]<\/p>\n","protected":false},"author":1,"featured_media":171260,"comment_status":"open","ping_status":"open","sticky":false,"template":"","format":"standard","meta":[],"categories":[53,44],"tags":[6777,37513,108336,108185,4415],"views":49,"_links":{"self":[{"href":"https:\/\/www.enerjigazetesi.ist\/en\/wp-json\/wp\/v2\/posts\/171253"}],"collection":[{"href":"https:\/\/www.enerjigazetesi.ist\/en\/wp-json\/wp\/v2\/posts"}],"about":[{"href":"https:\/\/www.enerjigazetesi.ist\/en\/wp-json\/wp\/v2\/types\/post"}],"author":[{"embeddable":true,"href":"https:\/\/www.enerjigazetesi.ist\/en\/wp-json\/wp\/v2\/users\/1"}],"replies":[{"embeddable":true,"href":"https:\/\/www.enerjigazetesi.ist\/en\/wp-json\/wp\/v2\/comments?post=171253"}],"version-history":[{"count":1,"href":"https:\/\/www.enerjigazetesi.ist\/en\/wp-json\/wp\/v2\/posts\/171253\/revisions"}],"predecessor-version":[{"id":171254,"href":"https:\/\/www.enerjigazetesi.ist\/en\/wp-json\/wp\/v2\/posts\/171253\/revisions\/171254"}],"wp:featuredmedia":[{"embeddable":true,"href":"https:\/\/www.enerjigazetesi.ist\/en\/wp-json\/wp\/v2\/media\/171260"}],"wp:attachment":[{"href":"https:\/\/www.enerjigazetesi.ist\/en\/wp-json\/wp\/v2\/media?parent=171253"}],"wp:term":[{"taxonomy":"category","embeddable":true,"href":"https:\/\/www.enerjigazetesi.ist\/en\/wp-json\/wp\/v2\/categories?post=171253"},{"taxonomy":"post_tag","embeddable":true,"href":"https:\/\/www.enerjigazetesi.ist\/en\/wp-json\/wp\/v2\/tags?post=171253"}],"curies":[{"name":"wp","href":"https:\/\/api.w.org\/{rel}","templated":true}]}}