{"id":171167,"date":"2023-03-17T09:16:32","date_gmt":"2023-03-17T06:16:32","guid":{"rendered":"https:\/\/www.enerjigazetesi.ist\/?p=171167"},"modified":"2023-03-17T09:16:32","modified_gmt":"2023-03-17T06:16:32","slug":"makinecilerin-surdurulebilirlik-stratejisi-hazir","status":"publish","type":"post","link":"https:\/\/www.enerjigazetesi.ist\/en\/makinecilerin-surdurulebilirlik-stratejisi-hazir\/","title":{"rendered":"(Turkish) Makinecilerin S\u00fcrd\u00fcr\u00fclebilirlik Stratejisi Haz\u0131r"},"content":{"rendered":"<p class=\"qtranxs-available-languages-message qtranxs-available-languages-message-en\">Sorry, this entry is only available in <a href=\"https:\/\/www.enerjigazetesi.ist\/tr\/wp-json\/wp\/v2\/posts\/171167\" class=\"qtranxs-available-language-link qtranxs-available-language-link-tr\" title=\"Turkish\">Turkish<\/a>. For the sake of viewer convenience, the content is shown below in the alternative language. You may click the link to switch the active language.<\/p><p><\/p>\n<h2>Makine \u0130hracat\u00e7\u0131lar\u0131 Birli\u011fi; imalat\u00e7\u0131lar\u0131n s\u00fcrd\u00fcr\u00fclebilir de\u011fer zincirine sahip olabilmeleri ve \u0130kiz D\u00f6n\u00fc\u015f\u00fcm\u2019e h\u0131zla uyum sa\u011flayabilmeleri i\u00e7in T\u00fcrkiye Makine Sekt\u00f6r\u00fc S\u00fcrd\u00fcr\u00fclebilirlik Eylem Plan\u0131 Raporu\u2019nu yay\u0131mlad\u0131. Birle\u015fmi\u015f Milletler b\u00fcnyesinde belirlenen 17 S\u00fcrd\u00fcr\u00fclebilir Kalk\u0131nma Amac\u0131\u2019n\u0131n, 169 alt ba\u015fl\u0131\u011f\u0131n ve 241 g\u00f6stergenin incelenmesi sonucunda olu\u015fturulan strateji raporu, s\u00fcrd\u00fcr\u00fclebilirli\u011fi ekonomik, sosyal ve \u00e7evresel sorumlulu\u011fa dair uluslararas\u0131 norm ve standartlar boyutuyla ele al\u0131yor.<\/h2>\n<p style=\"text-align: center;\"><img loading=\"lazy\" class=\"aligncenter wp-image-171170\" src=\"https:\/\/www.enerjigazetesi.ist\/wp-content\/uploads\/2023\/03\/makinecilerin-surdurulebilirlik-stratejisi-hazir-1.jpg\" alt=\"\" width=\"500\" height=\"319\" srcset=\"https:\/\/www.enerjigazetesi.ist\/wp-content\/uploads\/2023\/03\/makinecilerin-surdurulebilirlik-stratejisi-hazir-1.jpg 550w, https:\/\/www.enerjigazetesi.ist\/wp-content\/uploads\/2023\/03\/makinecilerin-surdurulebilirlik-stratejisi-hazir-1-300x191.jpg 300w, https:\/\/www.enerjigazetesi.ist\/wp-content\/uploads\/2023\/03\/makinecilerin-surdurulebilirlik-stratejisi-hazir-1-500x319.jpg 500w, https:\/\/www.enerjigazetesi.ist\/wp-content\/uploads\/2023\/03\/makinecilerin-surdurulebilirlik-stratejisi-hazir-1-78x50.jpg 78w\" sizes=\"(max-width: 500px) 100vw, 500px\" \/><\/p>\n<p>\u0130hracat\u00e7\u0131 sekt\u00f6rlerin ye\u015fil d\u00f6n\u00fc\u015f\u00fcm planlamalar\u0131 i\u00e7in yapt\u0131klar\u0131 strateji \u00e7al\u0131\u015fmalar\u0131n\u0131 desteklediklerini ve bundan sonra da yenilik\u00e7i proje tasar\u0131mlar\u0131yla bu s\u00fcre\u00e7leri geli\u015ftirmeyi ama\u00e7lad\u0131klar\u0131n\u0131 belirten <strong>T\u00fcrkiye \u0130hracat\u00e7\u0131lar Meclisi Ba\u015fkan\u0131 Mustafa G\u00fcltepe<\/strong> <span style=\"text-decoration: underline;\">\u015funlar\u0131 s\u00f6yledi:<\/span><\/p>\n<p><em>\u201c\u00dclkemizin 2053 y\u0131l\u0131 net s\u0131f\u0131r karbon hedefi do\u011frultusunda, ihracat ailesi olarak s\u00fcrd\u00fcr\u00fclebilir kalk\u0131nma ama\u00e7 ve g\u00f6stergelerini b\u00fcy\u00fck bir titizlikle takip ediyoruz. Sekt\u00f6rlerimiz kendi dinamiklerini g\u00f6zeterek haz\u0131rlad\u0131klar\u0131 s\u00fcrd\u00fcr\u00fclebilirlik stratejileriyle, ihracat\u00e7\u0131 firmalar\u0131m\u0131z\u0131 uluslararas\u0131 rekabette g\u00fc\u00e7l\u00fc k\u0131lacak unsurlar\u0131 belirlemeye \u00e7al\u0131\u015f\u0131yor. Haz\u0131rl\u0131k a\u015famalar\u0131na katk\u0131 sa\u011flamak \u00fczere \u00e7al\u0131\u015ft\u0131\u011f\u0131m\u0131z bu stratejilerin her birinin \u00f6zg\u00fcn yanlar\u0131 var. T\u00fcrkiye Makine Sekt\u00f6r\u00fc S\u00fcrd\u00fcr\u00fclebilirlik Eylem Plan\u0131 Raporunun, izledi\u011fi y\u00f6ntemle di\u011fer sekt\u00f6rlerimiz i\u00e7in de ilham kayna\u011f\u0131 olaca\u011f\u0131na inan\u0131yorum. Karbon sal\u0131n\u0131m\u0131n\u0131 asgariye indirecek makine ve \u00fcretim y\u00f6ntemlerine ihtiya\u00e7 h\u0131zla art\u0131yor. Temiz teknolojileri \u00e7e\u015fitlendirip geli\u015ftirmekte ilgili sekt\u00f6rlerimize b\u00fcy\u00fck sorumluluk d\u00fc\u015f\u00fcyor. \u00a0Makine imalat\u00e7\u0131lar\u0131m\u0131zdan beklentimiz, \u00e7evreci inovatif giri\u015fimleri destekleyerek b\u00fct\u00fcn sekt\u00f6rlerimizin rekabet\u00e7ili\u011fini art\u0131racak yeni \u00e7\u00f6z\u00fcmler ortaya \u00e7\u0131karmas\u0131. 27 ihracat sekt\u00f6r\u00fcm\u00fcz\u00fcn tamam\u0131nda ba\u015flayan d\u00f6n\u00fc\u015f\u00fcm s\u00fcrecinin yerli teknolojilerimizle ilerlemesi cari dengemiz ad\u0131na da b\u00fcy\u00fck \u00f6nem arz ediyor.\u201d<\/em><\/p>\n<h3><strong>\u201cMakineler, s\u00fcrd\u00fcr\u00fclebilir teknoloji ve sistemlerin merkezinde\u201d<\/strong><\/h3>\n<p>Makine sanayiinin end\u00fcstriyel geli\u015fmeleri yak\u0131ndan izleyen ve imalat\u00e7\u0131lar\u0131n\u0131n d\u00fcnyayla entegrasyonuna liderlik eden \u00f6rnek pozisyonuna dikkat \u00e7eken <strong>Makine \u0130hracat\u00e7\u0131lar\u0131 Birli\u011fi Ba\u015fkan\u0131 Kutlu Karavelio\u011flu<\/strong> \u015funlar\u0131 s\u00f6yledi:<\/p>\n<p><em>\u201cS\u00fcrd\u00fcr\u00fclebilir Kalk\u0131nma Ama\u00e7lar\u0131&#8217;n\u0131 t\u00fcm alt ba\u015fl\u0131k ve g\u00f6stergeleriyle analiz ederek olu\u015fturdu\u011fumuz T\u00fcrkiye Makine Sekt\u00f6r\u00fc S\u00fcrd\u00fcr\u00fclebilirlik Eylem Plan\u0131 Raporu, sekt\u00f6rel bazda yap\u0131lm\u0131\u015f \u00e7al\u0131\u015fmalar aras\u0131nda y\u00f6ntem ve yakla\u015f\u0131m tarz\u0131yla bir ilktir. Bizi haz\u0131rl\u0131\u011f\u0131 aylar s\u00fcren bu \u00e7al\u0131\u015fmay\u0131 yapmaya iten temel motivasyon, cari \u00fcretim teknolojilerini geli\u015ftiren sekt\u00f6r olmak s\u0131fat\u0131yla, s\u00fcrd\u00fcr\u00fclebilir y\u00f6ntemler geli\u015ftirme konusunda da kendimizi sorumlu hissetmemizdir. Daha az hammadde ve enerji sarf ederek daha \u00e7ok i\u015f ve \u00fcretim yapan y\u00f6ntemler geli\u015ftirmek, emisyonu, firesi, at\u0131\u011f\u0131 d\u00fc\u015f\u00fck makine ve tesisler tasarlamak, ye\u015fil enerji \u00fcretimiyle ilgili yeni teknoloji ve sistemler ortaya \u00e7\u0131karmak hedefi, sekt\u00f6r\u00fcm\u00fcz\u00fc ve \u00fcr\u00fcnlerini b\u00fcy\u00fck d\u00f6n\u00fc\u015f\u00fcmde merkezi bir konuma yerle\u015ftirmektedir.\u201d<\/em><\/p>\n<h3><strong>\u201cZorlu ve zorunlu yapt\u0131r\u0131mlarla dolu bir yol bizi bekliyor\u201d\u00a0<\/strong><\/h3>\n<p>S\u00fcrecin s\u00fcrd\u00fcr\u00fclebilir ya\u015famla do\u011frudan ilgisi yan\u0131nda ekonomik boyutunun da oldu\u011funa ve Avrupa Birli\u011fi\u2019nin <strong>2030\u2019a<\/strong> kadar emisyonlar\u0131n\u0131n <strong>y\u00fczde 55<\/strong> azalt\u0131lmas\u0131 plan\u0131 kapsam\u0131nda her sanayi kolunun yapmas\u0131 gereken \u00f6devlerin varl\u0131\u011f\u0131na dikkat \u00e7eken <strong>Karavelio\u011flu<\/strong> \u015funlar\u0131 s\u00f6yledi:<\/p>\n<p><em>\u201cMalum, 2050\u2019de karbon n\u00f6tr bir d\u00fcnya hedefinin tutturulabilir oldu\u011fu konusunda geni\u015f bir mutabakat var ve bahsi ge\u00e7en hedeflerin tutturulabilmesi i\u00e7in \u00f6n\u00fcm\u00fczde zorlu ve zorunlu yapt\u0131r\u0131mlarla dolu bir yol oldu\u011fu \u00e7ok a\u00e7\u0131k. AB Ye\u015fil Mutabakat\u0131 9 ana b\u00f6l\u00fcmde \u00e7ok de\u011fi\u015fik mevzuatlar\u0131 k\u0131sa s\u00fcre i\u00e7inde \u00f6n\u00fcm\u00fcze getirecek ve biz bunlara uyum politikalar\u0131m\u0131z\u0131 olu\u015fturmakla m\u00fckellef olaca\u011f\u0131z. Her bir ba\u015fl\u0131k kendi i\u00e7inde devasa bir y\u00f6netmelikler silsilesi i\u00e7erecek olsa da rekabet g\u00fcc\u00fcm\u00fcz\u00fc koruyabilmek i\u00e7in bunlar\u0131n \u00fcstesinden gelmek zorunday\u0131z.\u201d<\/em><\/p>\n<h3><strong>\u201cD\u00fcnyaya S\u00f6z\u00fcm\u00fcz Var\u201d\u00a0<\/strong><\/h3>\n<p>\u0130kiz D\u00f6n\u00fc\u015f\u00fcm de dahil s\u00fcrd\u00fcr\u00fclebilirlik bahsindeki b\u00fct\u00fcn \u00e7al\u0131\u015fmalar\u0131n\u0131, \u201cD\u00fcnyaya S\u00f6z\u00fcm\u00fcz Var\u201d mottosuyla Mundus+ \u00e7at\u0131 markas\u0131 alt\u0131nda toplayacaklar\u0131n\u0131 belirten <strong>Karavelio\u011flu\u00a0<\/strong>\u015funlar\u0131 s\u00f6yledi:<\/p>\n<p><em>\u201cS\u00fcrd\u00fcr\u00fclebilirlik Eylem Plan\u0131 haz\u0131rl\u0131klar\u0131m\u0131zda makine imalat\u00e7\u0131lar\u0131m\u0131za y\u00f6n g\u00f6sterecek bir model geli\u015ftirmeyi ama\u00e7lad\u0131k. Hammadde girdisi ve tedarik\u00e7ilerden, geri kazan\u0131m ve \u00fcr\u00fcn ya\u015fam s\u00fcresine kadar sekt\u00f6r\u00fcm\u00fcz\u00fcn katma de\u011fer zincirini olu\u015fturan eylem alanlar\u0131n\u0131 tan\u0131mlad\u0131k. Strateji raporumuz; bu eylem alanlar\u0131yla ili\u015fkili 7\u2019si \u00f6ncelikli ve do\u011frudan, 4\u2019\u00fc ba\u011flant\u0131l\u0131 toplam <strong>11 K\u00fcresel Amac\u0131 dikkate alarak<\/strong> son halini verdi\u011fimiz \u00e7ok kapsaml\u0131 bir <strong>S\u00fcrd\u00fcr\u00fclebilirlik Uyum Haritas\u0131<\/strong> i\u00e7eriyor. Bunun yan\u0131nda, en yetkin mercilerin reyting metotlar\u0131n\u0131 irdeleyerek, alt sekt\u00f6rler veya i\u015fletmeler \u00f6l\u00e7e\u011finde de \u00f6z de\u011ferlendirme yap\u0131labilme imk\u00e2n\u0131 veriyor. Raporda hem kritik performans \u00f6l\u00e7\u00fctlerini net bi\u00e7imde tan\u0131ml\u0131yoruz hem de hangi uluslararas\u0131 rapor ve metotlara uyum sa\u011flan\u0131rsa ileride i\u015fimizin kolayla\u015faca\u011f\u0131n\u0131 kapsaml\u0131 \u015fekilde a\u00e7\u0131kl\u0131yoruz. Raporumuzda yer alan eylemler b\u00fct\u00fcn\u00fc, sekt\u00f6rel farkl\u0131l\u0131klar\u0131n yans\u0131t\u0131lmas\u0131 halinde makine imalat\u0131 d\u0131\u015f\u0131ndaki t\u00fcm \u00fcretim alanlar\u0131na da kolayca adapte edilebilecek bir yap\u0131da tasarlanm\u0131\u015ft\u0131r. Amac\u0131m\u0131z s\u00fcrd\u00fcr\u00fclebilirlik konusunda \u00fclkemizde birikecek deneyim ve uzmanl\u0131\u011f\u0131n daha iyi bir d\u00fcnya hayalimizi simgele\u015ftiren Mundus+ markas\u0131 alt\u0131nda bir araya gelmesi, s\u00fcrd\u00fcr\u00fclebilirlik neferlerinin bu adreste bulu\u015fmas\u0131d\u0131r.\u201d<\/em><\/p>\n<h3><strong>\u201cDijital Terimler K\u0131lavuzu ve Ye\u015fil Terimler K\u0131lavuzu yay\u0131nda\u201d<\/strong><\/h3>\n<p>B\u00fct\u00fcnsel bir d\u00f6n\u00fc\u015f\u00fcm projesi olarak Mundus+ markas\u0131n\u0131 yeniliklere ve i\u015f birliklerine a\u00e7\u0131k, ortak bir d\u00fc\u015f\u00fcnme noktas\u0131 olarak geli\u015ftirmeyi s\u00fcrd\u00fcreceklerini ifade eden<strong>\u00a0Karavelio\u011flu,<\/strong>\u00a0<strong>\u0130kiz D\u00f6n\u00fc\u015f\u00fcm<\/strong> ba\u015fl\u0131\u011f\u0131nda ba\u015fvuru kayna\u011f\u0131 olarak bir k\u0131lavuz daha yay\u0131mlad\u0131klar\u0131n\u0131n m\u00fcjdesini verdi:<\/p>\n<p><em>\u201cG\u00fc\u00e7l\u00fc bir eylem birli\u011fi olu\u015fturman\u0131n yolunun \u00fclke, sekt\u00f6r ve kurumlar olarak ortak dil ve k\u00fclt\u00fcr olu\u015fturmam\u0131zdan ge\u00e7ti\u011fine inan\u0131yoruz. Kavramlar\u0131 do\u011fru anlamland\u0131rman\u0131n da bunlar\u0131n ortaya \u00e7\u0131kt\u0131\u011f\u0131 yabanc\u0131 zihniyet ve k\u00fclt\u00fcr d\u00fcnyas\u0131n\u0131 anlamaktan ge\u00e7ti\u011fini d\u00fc\u015f\u00fcn\u00fcyoruz. Bug\u00fcne kadar binlerce ki\u015finin online eri\u015fim sa\u011flad\u0131\u011f\u0131 Dijital Terimler K\u0131lavuzu bir y\u0131ld\u0131r hizmet veriyordu, Ye\u015fil Terimler K\u0131lavuzu&#8217;nu da kendi ad\u0131n\u0131 ta\u015f\u0131yan web sitesinde ve mobil cihaz uygulamalar\u0131nda yay\u0131na alm\u0131\u015f bulunuyoruz. K\u0131lavuzlar\u0131m\u0131zda, dijitalle\u015fme ve s\u00fcrd\u00fcr\u00fclebilirlik bahsinde kar\u015f\u0131m\u0131za \u00e7\u0131kan 1000\u2019i a\u015fk\u0131n kavram\u0131n nas\u0131l anla\u015f\u0131lmas\u0131 gerekti\u011fini Almanca ve \u0130ngilizce kar\u015f\u0131l\u0131klar\u0131 ile a\u00e7\u0131klamakla kalm\u0131yor, bunlar\u0131n ortaya \u00e7\u0131k\u0131\u015f\u0131ndan itibaren ge\u00e7irdikleri evrimi de kaynaklar\u0131 ile ortaya koyuyoruz.\u201d<\/em><\/p>","protected":false},"excerpt":{"rendered":"<p>Sorry, this entry is only available in Turkish. For the sake of viewer convenience, the content is shown below in the alternative language. You may click the link to switch the active language. Makine \u0130hracat\u00e7\u0131lar\u0131 Birli\u011fi; imalat\u00e7\u0131lar\u0131n s\u00fcrd\u00fcr\u00fclebilir de\u011fer zincirine sahip olabilmeleri ve \u0130kiz D\u00f6n\u00fc\u015f\u00fcm\u2019e h\u0131zla uyum sa\u011flayabilmeleri i\u00e7in T\u00fcrkiye Makine Sekt\u00f6r\u00fc S\u00fcrd\u00fcr\u00fclebilirlik Eylem Plan\u0131 [&hellip;]<\/p>\n","protected":false},"author":1,"featured_media":171171,"comment_status":"open","ping_status":"open","sticky":false,"template":"","format":"standard","meta":[],"categories":[53,52],"tags":[104357,107898,108309,108311,108310],"views":37,"_links":{"self":[{"href":"https:\/\/www.enerjigazetesi.ist\/en\/wp-json\/wp\/v2\/posts\/171167"}],"collection":[{"href":"https:\/\/www.enerjigazetesi.ist\/en\/wp-json\/wp\/v2\/posts"}],"about":[{"href":"https:\/\/www.enerjigazetesi.ist\/en\/wp-json\/wp\/v2\/types\/post"}],"author":[{"embeddable":true,"href":"https:\/\/www.enerjigazetesi.ist\/en\/wp-json\/wp\/v2\/users\/1"}],"replies":[{"embeddable":true,"href":"https:\/\/www.enerjigazetesi.ist\/en\/wp-json\/wp\/v2\/comments?post=171167"}],"version-history":[{"count":0,"href":"https:\/\/www.enerjigazetesi.ist\/en\/wp-json\/wp\/v2\/posts\/171167\/revisions"}],"wp:featuredmedia":[{"embeddable":true,"href":"https:\/\/www.enerjigazetesi.ist\/en\/wp-json\/wp\/v2\/media\/171171"}],"wp:attachment":[{"href":"https:\/\/www.enerjigazetesi.ist\/en\/wp-json\/wp\/v2\/media?parent=171167"}],"wp:term":[{"taxonomy":"category","embeddable":true,"href":"https:\/\/www.enerjigazetesi.ist\/en\/wp-json\/wp\/v2\/categories?post=171167"},{"taxonomy":"post_tag","embeddable":true,"href":"https:\/\/www.enerjigazetesi.ist\/en\/wp-json\/wp\/v2\/tags?post=171167"}],"curies":[{"name":"wp","href":"https:\/\/api.w.org\/{rel}","templated":true}]}}