{"id":171153,"date":"2023-03-16T14:36:49","date_gmt":"2023-03-16T11:36:49","guid":{"rendered":"https:\/\/www.enerjigazetesi.ist\/?p=171153"},"modified":"2023-03-16T14:36:49","modified_gmt":"2023-03-16T11:36:49","slug":"tftp-turkiye-fotovoltaik-teknolojileri-platformunun-calistayi-23-martta","status":"publish","type":"post","link":"https:\/\/www.enerjigazetesi.ist\/en\/tftp-turkiye-fotovoltaik-teknolojileri-platformunun-calistayi-23-martta\/","title":{"rendered":"(Turkish) TFTP-T\u00fcrkiye Fotovoltaik Teknolojileri Platformu\u2019nun \u00c7al\u0131\u015ftay\u0131 23 Mart\u2019ta&#8230;"},"content":{"rendered":"<p class=\"qtranxs-available-languages-message qtranxs-available-languages-message-en\">Sorry, this entry is only available in <a href=\"https:\/\/www.enerjigazetesi.ist\/tr\/wp-json\/wp\/v2\/posts\/171153\" class=\"qtranxs-available-language-link qtranxs-available-language-link-tr\" title=\"Turkish\">Turkish<\/a>. For the sake of viewer convenience, the content is shown below in the alternative language. You may click the link to switch the active language.<\/p><p><\/p>\n<h2><strong>T\u00dcB\u0130TAK 1004 M\u00fckemmeliyet Merkezi Destek Program\u0131, \u201cY\u00fcksek Teknoloji Platformlar\u0131 \u00c7a\u011fr\u0131s\u0131\u201d kapsam\u0131nda ODT\u00dc-G\u00dcNAM liderli\u011finde y\u00fcr\u00fct\u00fclen program ile kurulmu\u015f olan T\u00fcrkiye Fotovoltaik Teknolojileri Platformu (TFTP)\u2019nun ilk kamuya a\u00e7\u0131k \u00e7al\u0131\u015ftay\u0131 23 Mart 2023 tarihinde ODT\u00dc K\u00fclt\u00fcr ve Kongre Merkezi\u2019nde d\u00fczenleniyor.<\/strong><\/h2>\n<p>T\u00fcrkiye\u2019nin yak\u0131n gelece\u011finde <strong>FV teknolojileri<\/strong>nde <strong>y\u00fcksek yerlilik oran\u0131 ile maliyet\/performans<\/strong> olarak ulusal ve k\u00fcresel piyasalarda rekabet edebilecek yenilik\u00e7i \u00fcr\u00fcnlerin prototiplerinin geli\u015ftirilmesi ve seri \u00fcretimi i\u00e7in yetkinliklerin kazan\u0131lmas\u0131 amac\u0131yla yola \u00e7\u0131kan TFTP\u2019nun bu ilk kamuya a\u00e7\u0131k \u00e7al\u0131\u015ftay\u0131 <img loading=\"lazy\" class=\"alignright wp-image-171156\" src=\"https:\/\/www.enerjigazetesi.ist\/wp-content\/uploads\/2023\/03\/02-1.jpg\" alt=\"\" width=\"320\" height=\"453\" srcset=\"https:\/\/www.enerjigazetesi.ist\/wp-content\/uploads\/2023\/03\/02-1.jpg 339w, https:\/\/www.enerjigazetesi.ist\/wp-content\/uploads\/2023\/03\/02-1-212x300.jpg 212w, https:\/\/www.enerjigazetesi.ist\/wp-content\/uploads\/2023\/03\/02-1-283x400.jpg 283w, https:\/\/www.enerjigazetesi.ist\/wp-content\/uploads\/2023\/03\/02-1-35x50.jpg 35w\" sizes=\"(max-width: 320px) 100vw, 320px\" \/>akademisyenler, \u00f6zel sekt\u00f6r payda\u015flar\u0131, STK\u2019lar, \u00fcniversiteler taraf\u0131ndan yo\u011fun bir ilgi ile kar\u015f\u0131lanm\u0131\u015ft\u0131r.<\/p>\n<p>\u00c7al\u0131\u015ftay\u0131n a\u00e7\u0131l\u0131\u015f konu\u015fmalar\u0131, ODT\u00dc-G\u00dcNAM Y\u00f6netim Kurulu Ba\u015fkan\u0131 ve ODT\u00dc \u00f6\u011fretim \u00fcyesi Prof. Dr. Ra\u015fit TURAN, T.C. Sanayi ve Teknoloji Bakanl\u0131\u011f\u0131 Bakan Yard\u0131mc\u0131s\u0131 Mehmet Fatih KACIR, T.C. Enerji ve Tabii Kaynaklar Bakanl\u0131\u011f\u0131 Bakan Yard\u0131mc\u0131s\u0131 Dr. Alparslan BAYRAKTAR, T\u00dcB\u0130TAK Ba\u015fkan\u0131 Prof. Dr. Hasan MANDAL, ODT\u00dc-G\u00dcNAM Uzman Ara\u015ft\u0131rmac\u0131s\u0131 Dr. Emel SEM\u0130Z ve TSE FV Mod\u00fcl Test Laboratuvar\u0131 Teknik \u015eefi G\u00f6khan DURUKAN taraf\u0131ndan ger\u00e7ekle\u015ftirilecektir.<\/p>\n<p><strong>H\u00fccre Teknolojileri, Malzeme Teknolojileri, Panel ve FV teknolojileri <\/strong>ve<strong> FV Politikalar ve Sosyoekonomik Etki<\/strong> olmak \u00fczere <strong>6 farkl\u0131 oturumda<\/strong>, T\u00fcrkiye FV teknolojileri alan\u0131ndaki g\u00fcncel geli\u015fmelerin de\u011ferlendirilece\u011fi,<strong> sekt\u00f6r payda\u015flar\u0131n\u0131n birbiri ile i\u015f birli\u011fi a\u011f\u0131<\/strong> olu\u015fturulabilmesi, t\u00fcm sekt\u00f6r payda\u015flar\u0131n\u0131n TFTP \u015femsiyesi alt\u0131nda toplanabilmesi ve ortak bir sinerji olu\u015fturulmas\u0131 temas\u0131 ile etkinlik ger\u00e7ekle\u015ftirilecektir. Ayr\u0131ca \u00fclkemizde<strong> 6 \u015eubat tarihinde<\/strong> meydana gelen deprem felaketi sonras\u0131, <strong>FV teknolojilerinden yararlanarak<\/strong> <strong>afetlerde ne gibi acil durum \u00e7al\u0131\u015fmalar\u0131 yap\u0131labilece\u011fi<\/strong> A\u00e7\u0131l\u0131\u015f Oturumu, <strong>\u201cAfetlerde Fotovoltaik Teknoloji Uygulamalar\u0131\u201d<\/strong> konu\u015fmas\u0131nda \u00f6zel olarak de\u011ferlendirilecektir.<\/p>\n<h3><strong>TFTP Hakk\u0131nda Bilgilendirme:<\/strong><\/h3>\n<p>\u0130ddial\u0131 ve kapsaml\u0131 program\u0131 ile d\u00f6rt y\u0131l i\u00e7erisinde b\u00fcy\u00fck bir at\u0131l\u0131m ger\u00e7ekle\u015ftirmeyi hedefleyen TFTP\u2019ye; ODT\u00dc-G\u00dcNAM d\u0131\u015f\u0131nda, yurt i\u00e7inde kamu kurumlar\u0131ndan T\u00dcB\u0130TAK MAM Enerji Enstit\u00fcs\u00fc ve Ni\u011fde \u00d6mer Halisdemir \u00dcniversitesi; \u00f6zel sekt\u00f6rden \u015e\u0130\u015eECAM, Tescom, ASELSAN, Nanovatif ve iTechSolar gibi kurumlar\u0131n kat\u0131l\u0131m\u0131 yan\u0131nda, g\u00fcne\u015f enerjisi teknolojileri alan\u0131nda d\u00fcnyada \u00f6nc\u00fc kurumlar aras\u0131nda olan Almanya\u2019dan Fraunhofer-ISE, \u0130svi\u00e7re\u2019den EPFL, Hollanda\u2019dan TNO ve Bel\u00e7ika\u2019dan IMEC de proje orta\u011f\u0131 kurulu\u015f olarak yer almaktad\u0131r.<\/p>\n<p>TFTP bir yandan \u00fclkemizin enerji sorununa stratejik katk\u0131lar \u00fcretirken, di\u011fer yandan da ileri teknolojiler geli\u015ftiren, bu teknolojileri ba\u015fka alanlarda da (mikro elektronik, savunma sanayi vb.) kullanan, teknoloji ihra\u00e7 eden, Ar-Ge k\u00fclt\u00fcr\u00fcn\u00fcn olu\u015fmas\u0131na ve ara\u015ft\u0131rmac\u0131 e\u011fitimine katk\u0131 veren, yeni ve nitelikli i\u015f alanlar\u0131 olu\u015fmas\u0131n\u0131n zeminini olu\u015fturan geni\u015f ve uzun erimli bir vizyona sahip olacakt\u0131r.<\/p>\n<h3><strong>Platform ile ilgili ayr\u0131nt\u0131l\u0131 bilgi &amp; ileti\u015fim i\u00e7in:<\/strong><\/h3>\n<p>B\u00fc\u015fra MADENO\u011eLU,\u00a0<a href=\"mailto:busra.madenoglu@odtugunam.org\">busra.madenoglu@odtugunam.org<\/a><\/p>\n<p>Emre DEM\u0130REZEN,\u00a0\u00a0<a href=\"mailto:emre.demirezen@odtugunam.org\">emre.demirezen@odtugunam.org<\/a><\/p>\n<p><strong><u>\u00c7al\u0131\u015ftay Program\u0131 i\u00e7in:<\/u><\/strong><\/p>\n<p><a href=\"https:\/\/odtugunam.org\/tr\/haberlera\/tftp-pv-technologies-workshop-program-has-been-announced\/\" target=\"_blank\" rel=\"noopener\">https:\/\/odtugunam.org\/tr\/haberlera\/tftp-pv-technologies-workshop-program-has-been-announced\/<\/a><\/p>\n<p><strong><u>\u00c7al\u0131\u015ftay Kay\u0131t Formu i\u00e7in:<\/u><\/strong><\/p>\n<p><a href=\"https:\/\/odtugunam.org\/tftp-1-kamuya-acik-calistayi-katilim-formu\/\" target=\"_blank\" rel=\"noopener\">https:\/\/odtugunam.org\/tftp-1-kamuya-acik-calistayi-katilim-formu\/<\/a><\/p>","protected":false},"excerpt":{"rendered":"<p>Sorry, this entry is only available in Turkish. For the sake of viewer convenience, the content is shown below in the alternative language. You may click the link to switch the active language. T\u00dcB\u0130TAK 1004 M\u00fckemmeliyet Merkezi Destek Program\u0131, \u201cY\u00fcksek Teknoloji Platformlar\u0131 \u00c7a\u011fr\u0131s\u0131\u201d kapsam\u0131nda ODT\u00dc-G\u00dcNAM liderli\u011finde y\u00fcr\u00fct\u00fclen program ile kurulmu\u015f olan T\u00fcrkiye Fotovoltaik Teknolojileri Platformu [&hellip;]<\/p>\n","protected":false},"author":1,"featured_media":171155,"comment_status":"open","ping_status":"open","sticky":false,"template":"","format":"standard","meta":[],"categories":[51,53,49],"tags":[108306,108303,108304,102552,108305,108307,107501,107500],"views":59,"_links":{"self":[{"href":"https:\/\/www.enerjigazetesi.ist\/en\/wp-json\/wp\/v2\/posts\/171153"}],"collection":[{"href":"https:\/\/www.enerjigazetesi.ist\/en\/wp-json\/wp\/v2\/posts"}],"about":[{"href":"https:\/\/www.enerjigazetesi.ist\/en\/wp-json\/wp\/v2\/types\/post"}],"author":[{"embeddable":true,"href":"https:\/\/www.enerjigazetesi.ist\/en\/wp-json\/wp\/v2\/users\/1"}],"replies":[{"embeddable":true,"href":"https:\/\/www.enerjigazetesi.ist\/en\/wp-json\/wp\/v2\/comments?post=171153"}],"version-history":[{"count":0,"href":"https:\/\/www.enerjigazetesi.ist\/en\/wp-json\/wp\/v2\/posts\/171153\/revisions"}],"wp:featuredmedia":[{"embeddable":true,"href":"https:\/\/www.enerjigazetesi.ist\/en\/wp-json\/wp\/v2\/media\/171155"}],"wp:attachment":[{"href":"https:\/\/www.enerjigazetesi.ist\/en\/wp-json\/wp\/v2\/media?parent=171153"}],"wp:term":[{"taxonomy":"category","embeddable":true,"href":"https:\/\/www.enerjigazetesi.ist\/en\/wp-json\/wp\/v2\/categories?post=171153"},{"taxonomy":"post_tag","embeddable":true,"href":"https:\/\/www.enerjigazetesi.ist\/en\/wp-json\/wp\/v2\/tags?post=171153"}],"curies":[{"name":"wp","href":"https:\/\/api.w.org\/{rel}","templated":true}]}}