{"id":1710,"date":"2012-08-30T12:38:04","date_gmt":"2012-08-30T09:38:04","guid":{"rendered":"https:\/\/www.enerjigazetesi.ist\/?p=1710"},"modified":"2012-08-30T12:38:04","modified_gmt":"2012-08-30T09:38:04","slug":"30-agustos-zafer-bayrami-mesaji","status":"publish","type":"post","link":"https:\/\/www.enerjigazetesi.ist\/en\/30-agustos-zafer-bayrami-mesaji\/","title":{"rendered":"(Turkish) 30 A\u011fustos Zafer Bayram\u0131 Mesaj\u0131&#8230;"},"content":{"rendered":"<p class=\"qtranxs-available-languages-message qtranxs-available-languages-message-en\">Sorry, this entry is only available in <a href=\"https:\/\/www.enerjigazetesi.ist\/tr\/wp-json\/wp\/v2\/posts\/1710\" class=\"qtranxs-available-language-link qtranxs-available-language-link-tr\" title=\"Turkish\">Turkish<\/a>. For the sake of viewer convenience, the content is shown below in the alternative language. You may click the link to switch the active language.<\/p><p><img loading=\"lazy\" class=\"alignright size-medium wp-image-1711\" title=\"30-agustos-zafer-bayrami\" src=\"https:\/\/www.enerjigazetesi.ist\/wp-content\/uploads\/2012\/08\/30-agustos-zafer-bayrami-300x201.jpg\" alt=\"\" width=\"300\" height=\"201\" srcset=\"https:\/\/www.enerjigazetesi.ist\/wp-content\/uploads\/2012\/08\/30-agustos-zafer-bayrami-300x201.jpg 300w, https:\/\/www.enerjigazetesi.ist\/wp-content\/uploads\/2012\/08\/30-agustos-zafer-bayrami-500x335.jpg 500w, https:\/\/www.enerjigazetesi.ist\/wp-content\/uploads\/2012\/08\/30-agustos-zafer-bayrami-74x50.jpg 74w, https:\/\/www.enerjigazetesi.ist\/wp-content\/uploads\/2012\/08\/30-agustos-zafer-bayrami.jpg 585w\" sizes=\"(max-width: 300px) 100vw, 300px\" \/>30 A\u011fustos Zafer Bayram\u0131 hem Cumhuriyete ve demokrasiye 30 A\u011fustos Atat\u00fcrk ilke ve devrimlerinin filizlenerek k\u00f6k salmaya ba\u015flayaca\u011f\u0131 s\u00fcrecin yolunu a\u00e7an Zafer Bayram\u0131&#8217;n\u0131n tarihe kaydedili\u015fidir. Birlik ve beraberli\u011fimizi ge\u00e7mi\u015fte oldu\u011fu gibi bug\u00fcnde bozmak isteyen baz\u0131 g\u00fc\u00e7ler olacakt\u0131r. Ancak, bu g\u00fc\u00e7lere kar\u015f\u0131 90 y\u0131l \u00f6nce nas\u0131l m\u00fccadele ettiysek bug\u00fcnde ayn\u0131 m\u00fccadeleyi verme karar ve azmindeyiz. Milletimizi b\u00f6lmek isteyen ter\u00f6re kar\u015f\u0131 hep birlikte, karde\u015fli\u011fimizi koruyarak m\u00fccadele edece\u011fiz. Bu duygu ve d\u00fc\u015f\u00fcncelerle T\u00fcrk Silahl\u0131 Kuvvetleri&#8217;nin g\u00fcn\u00fcn\u00fc de kutluyor, ba\u015fta B\u00fcy\u00fck Zaferin Ba\u015fkomutan\u0131 Gazi Mustafa Kemal Atat\u00fcrk olmak \u00fczere, t\u00fcm \u015fehitlerimizi <strong><a href=\"https:\/\/www.enerjigazetesi.ist\" target=\"_blank\">Enerji gazetesi ailesi<\/a><\/strong> olarak\u00a0rahmet ve \u015f\u00fckranla an\u0131yoruz&#8230;<\/p>\n<p>&nbsp;<\/p>\n<p>Ulu \u00d6nder Atat\u00fcrk&#8217;\u00fcn <strong>Meclis\u00a0Konu\u015fmalar\u0131ndan<\/strong> Rastlad\u0131\u011f\u0131m\u0131z bir B\u00f6l\u00fcm\u00fc Sizlerle Payla\u015fmak isteriz:<\/p>\n<p>&#8221;\u00a0Ey Milletim, egemenli\u011fini ge\u00e7ici de olsa tevdi edece\u011fin meclislere bile gere\u011finden fazla g\u00fcvenme. \u00c7\u00fcnk\u00fc meclisler de do\u011fru yoldan sapabilir, despotluk yapabilir. \u00dcstelik bu, \u015fahs\u00ee despotluktan daha tehlikeli olabilir. \u00d6yle kararlar\u0131 olabilir ki meclislerin, milletin hayat\u0131na giderilmesi imk\u00e2ns\u0131z zararlar verebilir. Millet her olas\u0131l\u0131\u011fa kar\u015f\u0131 egemenli\u011fini korumaya mecburdur.<br \/>\nKendilerine milletimizin kaderi emanet edilmi\u015f insanlar, Meclis, cumhurba\u015fkan\u0131 ve h\u00fck\u00fcmet bilmeliler ki kendilerini iktidara ve yetkili makamlara getiren irade ve egemenli\u011fin sahibi, T\u00fcrk milletidir. \u0130ktidar mevkiine saltanat s\u00fcrmek i\u00e7in de\u011fil, millete hizmet i\u00e7in getirilmi\u015flerdir. Milletin kudretini yaln\u0131z ve ancak yine milletin hakik\u00ee ve sa\u011flanabilir \u00e7\u0131karlar\u0131 yolunda kullanmakla y\u00fck\u00fcml\u00fcd\u00fcrler.&#8221;<\/p>\n<p style=\"text-align: right;\"><strong>M. Kemal ATAT\u00dcRK<\/strong><\/p>\n<p>Kaynak: <a href=\"https:\/\/www.enerjigazetesi.ist\" target=\"_blank\">Enerji Gazetesi<\/a><\/p>","protected":false},"excerpt":{"rendered":"<p>Sorry, this entry is only available in Turkish. For the sake of viewer convenience, the content is shown below in the alternative language. You may click the link to switch the active language.30 A\u011fustos Zafer Bayram\u0131 hem Cumhuriyete ve demokrasiye 30 A\u011fustos Atat\u00fcrk ilke ve devrimlerinin filizlenerek k\u00f6k salmaya ba\u015flayaca\u011f\u0131 s\u00fcrecin yolunu a\u00e7an Zafer Bayram\u0131&#8217;n\u0131n [&hellip;]<\/p>\n","protected":false},"author":1,"featured_media":1711,"comment_status":"open","ping_status":"open","sticky":false,"template":"","format":"standard","meta":[],"categories":[53],"tags":[435,434,433],"views":879,"_links":{"self":[{"href":"https:\/\/www.enerjigazetesi.ist\/en\/wp-json\/wp\/v2\/posts\/1710"}],"collection":[{"href":"https:\/\/www.enerjigazetesi.ist\/en\/wp-json\/wp\/v2\/posts"}],"about":[{"href":"https:\/\/www.enerjigazetesi.ist\/en\/wp-json\/wp\/v2\/types\/post"}],"author":[{"embeddable":true,"href":"https:\/\/www.enerjigazetesi.ist\/en\/wp-json\/wp\/v2\/users\/1"}],"replies":[{"embeddable":true,"href":"https:\/\/www.enerjigazetesi.ist\/en\/wp-json\/wp\/v2\/comments?post=1710"}],"version-history":[{"count":1,"href":"https:\/\/www.enerjigazetesi.ist\/en\/wp-json\/wp\/v2\/posts\/1710\/revisions"}],"predecessor-version":[{"id":1712,"href":"https:\/\/www.enerjigazetesi.ist\/en\/wp-json\/wp\/v2\/posts\/1710\/revisions\/1712"}],"wp:featuredmedia":[{"embeddable":true,"href":"https:\/\/www.enerjigazetesi.ist\/en\/wp-json\/wp\/v2\/media\/1711"}],"wp:attachment":[{"href":"https:\/\/www.enerjigazetesi.ist\/en\/wp-json\/wp\/v2\/media?parent=1710"}],"wp:term":[{"taxonomy":"category","embeddable":true,"href":"https:\/\/www.enerjigazetesi.ist\/en\/wp-json\/wp\/v2\/categories?post=1710"},{"taxonomy":"post_tag","embeddable":true,"href":"https:\/\/www.enerjigazetesi.ist\/en\/wp-json\/wp\/v2\/tags?post=1710"}],"curies":[{"name":"wp","href":"https:\/\/api.w.org\/{rel}","templated":true}]}}