{"id":170988,"date":"2023-03-14T13:25:46","date_gmt":"2023-03-14T10:25:46","guid":{"rendered":"https:\/\/www.enerjigazetesi.ist\/?p=170988"},"modified":"2023-03-14T13:26:15","modified_gmt":"2023-03-14T10:26:15","slug":"akkuyu-ngs-itfaiyecileri-cok-disiplinli-spor-etkinliginde-birinci-oldu","status":"publish","type":"post","link":"https:\/\/www.enerjigazetesi.ist\/en\/akkuyu-ngs-itfaiyecileri-cok-disiplinli-spor-etkinliginde-birinci-oldu\/","title":{"rendered":"(Turkish) Akkuyu NGS \u0130tfaiyecileri \u00c7ok Disiplinli Spor Etkinli\u011finde Birinci Oldu"},"content":{"rendered":"<p class=\"qtranxs-available-languages-message qtranxs-available-languages-message-en\">Sorry, this entry is only available in <a href=\"https:\/\/www.enerjigazetesi.ist\/tr\/wp-json\/wp\/v2\/posts\/170988\" class=\"qtranxs-available-language-link qtranxs-available-language-link-tr\" title=\"Turkish\">Turkish<\/a>. For the sake of viewer convenience, the content is shown below in the alternative language. You may click the link to switch the active language.<\/p><p><\/p>\n<h2>AKKUYU N\u00dcKLEER Yang\u0131n G\u00fcvenlik Birimi \u00e7al\u0131\u015fanlar\u0131, Mersin B\u00fcy\u00fck\u015fehir Belediyesi \u0130tfaiye Daire Ba\u015fkanl\u0131\u011f\u0131\u2019n\u0131n \u00f6zel daveti \u00fczerine \u00e7ok disiplinli parkur yar\u0131\u015flar\u0131na kat\u0131ld\u0131.\u00a0Yar\u0131\u015fmalarda Akkuyu NGS\u2019yi Yang\u0131n G\u00fcvenlik Amirli\u011fi\u2019nde g\u00f6rev yapan ve santralin en gen\u00e7 itfaiyecisi olan 21 ya\u015f\u0131ndaki 3. s\u0131n\u0131f itfaiyeci Yunus \u00c7ift\u00e7i ile 46 ya\u015f\u0131ndaki 1. s\u0131n\u0131f itfaiyeci H\u00fcsn\u00fc Fil temsil etti.<\/h2>\n<p><strong>Yunus \u00c7ift\u00e7i<\/strong> yar\u0131\u015fmalarda <strong>birinci<\/strong> olurken <strong>H\u00fcsn\u00fc Fil<\/strong> de <strong>ikincili\u011fi<\/strong> elde etti.<\/p>\n<p>Ekipler <strong>2 g\u00fcn<\/strong> boyunca itfaiyecilik mesle\u011finin unsurlar\u0131n\u0131 kapsayan <strong>beden e\u011fitim egzersizleri<\/strong> ve <strong>\u00e7e\u015fitli mesafelerde ko\u015fu da<\/strong> dahil olmak \u00fczere<strong> 15 ayr\u0131 disiplinde<\/strong> m\u00fccadele etti.\u00a0Belediye \u0130tfaiyesi\u2019nin sahas\u0131nda d\u00fczenlenen yar\u0131\u015fman\u0131n sonu\u00e7lar\u0131, b\u00f6lgenin itfaiye te\u015fkilat\u0131na aday se\u00e7iminde fiziksel haz\u0131rl\u0131kla ilgili <img loading=\"lazy\" class=\"alignright wp-image-170991\" src=\"https:\/\/www.enerjigazetesi.ist\/wp-content\/uploads\/2023\/03\/akkuyu-ngs-itfaiyecileri-cok-disiplinli-spor-etkinliginde-birinci-oldu-1.jpg\" alt=\"\" width=\"320\" height=\"213\" srcset=\"https:\/\/www.enerjigazetesi.ist\/wp-content\/uploads\/2023\/03\/akkuyu-ngs-itfaiyecileri-cok-disiplinli-spor-etkinliginde-birinci-oldu-1.jpg 550w, https:\/\/www.enerjigazetesi.ist\/wp-content\/uploads\/2023\/03\/akkuyu-ngs-itfaiyecileri-cok-disiplinli-spor-etkinliginde-birinci-oldu-1-300x200.jpg 300w, https:\/\/www.enerjigazetesi.ist\/wp-content\/uploads\/2023\/03\/akkuyu-ngs-itfaiyecileri-cok-disiplinli-spor-etkinliginde-birinci-oldu-1-500x333.jpg 500w, https:\/\/www.enerjigazetesi.ist\/wp-content\/uploads\/2023\/03\/akkuyu-ngs-itfaiyecileri-cok-disiplinli-spor-etkinliginde-birinci-oldu-1-75x50.jpg 75w, https:\/\/www.enerjigazetesi.ist\/wp-content\/uploads\/2023\/03\/akkuyu-ngs-itfaiyecileri-cok-disiplinli-spor-etkinliginde-birinci-oldu-1-450x300.jpg 450w\" sizes=\"(max-width: 320px) 100vw, 320px\" \/>mevcut standartlar\u0131n olu\u015fturulmas\u0131nda belirleyici oldu.<\/p>\n<p><strong>Yang\u0131n G\u00fcvenlik Birim \u015eefi Roman Melnikov<\/strong> konuyla ilgili yapt\u0131\u011f\u0131 a\u00e7\u0131klamada, <em>\u201cAKKUYU N\u00dcKLEER Yang\u0131n G\u00fcvenlik Birimi \u00e7al\u0131\u015fanlar\u0131 devaml\u0131 olarak e\u011fitim ve antrenman s\u00fcrecindeler. Bunun antrenmanlar hem <strong>acil durum m\u00fcdahale becerilerini<\/strong> hem de <strong>fiziksel egzersizleri<\/strong> kaps\u0131yor. Bu nedenle Yunus \u00c7ift\u00e7i\u2019nin yar\u0131\u015fmada birinci, H\u00fcsn\u00fc Fil\u2019in ise ikinci olmas\u0131 hi\u00e7 \u015fa\u015f\u0131rt\u0131c\u0131 de\u011fil. Mersinli meslekta\u015flar\u0131m\u0131za davetleri ve s\u0131cak kar\u015f\u0131lamalar\u0131 i\u00e7in te\u015fekk\u00fcr ediyorum.\u201d\u00a0<\/em><\/p>\n<p>Yar\u0131\u015fmalar\u0131n ard\u0131ndan organizat\u00f6rler, kat\u0131l\u0131mc\u0131lar\u0131n sonu\u00e7lar\u0131n\u0131 de\u011ferlendirecek ve Mersin ili itfaiye te\u015fkilatlar\u0131na personel se\u00e7imi i\u00e7in giri\u015f s\u0131nav\u0131 kriterlerini d\u00fczenleyecek.<\/p>\n<p>Akkuyu NGS Yang\u0131n G\u00fcvenlik Birimi \u00e7al\u0131\u015fanlar\u0131, uluslararas\u0131 spor etkinliklerinde bir\u00e7ok kez dereceye girerek farkl\u0131 \u00f6d\u00fcllere lay\u0131k g\u00f6r\u00fcld\u00fc. AKKUYU N\u00dcKLEER itfaiyecileri son olarak <strong>2022 y\u0131l\u0131nda Lizbon\u2019daki D\u00fcnya \u0130tfaiye Oyunlar\u0131\u2019na<\/strong> kat\u0131larak <strong>38 madalya<\/strong> kazanm\u0131\u015ft\u0131.<\/p>\n<p>2015 y\u0131l\u0131nda kurulan AKKUYU N\u00dcKLEER itfaiye birimi, 2022 y\u0131l\u0131nda T\u00fcrkiye Cumhuriyeti standartlar\u0131 uyar\u0131nca uluslararas\u0131 bir \u015firket b\u00fcnyesinde faaliyet g\u00f6stererek <strong>yetkili itfaiye belgesini<\/strong> alan <strong>ilk itfaiye birimi olma \u00f6zelli\u011fi<\/strong> ta\u015f\u0131yor.<\/p>\n<p>\u00c7al\u0131\u015fanlar, <strong>ola\u011fan\u00fcst\u00fc derecede y\u00fcksek bir profesyonellik sergileyerek<\/strong> s\u00fcrekli olarak e\u011fitim programlar\u0131na ve<strong> T\u00fcrkiye Cumhuriyeti itfaiye te\u015fkilat\u0131n\u0131n tatbikatlar\u0131na<\/strong> kat\u0131l\u0131yor. Akkuyu NGS itfaiyecileri, <strong>T\u00fcrk meslekta\u015flar\u0131na da yang\u0131nlar\u0131n s\u00f6nd\u00fcr\u00fclmesinde<\/strong> bir\u00e7ok kez yard\u0131m etti.<\/p>\n<p>Birim ayr\u0131ca \u015eubat ay\u0131nda meydana gelen ve 11 ili etkileyen depremlerin ard\u0131ndan Hatay\u2019daki <strong>\u0130skenderun Liman\u0131\u2019n\u0131n kargo terminalinde<\/strong> \u00e7\u0131kan <strong>yang\u0131n\u0131n s\u00f6nd\u00fcr\u00fclmesinde<\/strong> sergiledi\u011fi <strong>cesareti<\/strong> ve <strong>\u00f6zverili \u00e7al\u0131\u015fmalar\u0131<\/strong> nedeniyle profesyonel \u00f6d\u00fcllere lay\u0131k g\u00f6r\u00fcld\u00fc.<\/p>","protected":false},"excerpt":{"rendered":"<p>Sorry, this entry is only available in Turkish. For the sake of viewer convenience, the content is shown below in the alternative language. You may click the link to switch the active language. AKKUYU N\u00dcKLEER Yang\u0131n G\u00fcvenlik Birimi \u00e7al\u0131\u015fanlar\u0131, Mersin B\u00fcy\u00fck\u015fehir Belediyesi \u0130tfaiye Daire Ba\u015fkanl\u0131\u011f\u0131\u2019n\u0131n \u00f6zel daveti \u00fczerine \u00e7ok disiplinli parkur yar\u0131\u015flar\u0131na kat\u0131ld\u0131.\u00a0Yar\u0131\u015fmalarda Akkuyu NGS\u2019yi [&hellip;]<\/p>\n","protected":false},"author":1,"featured_media":170990,"comment_status":"open","ping_status":"open","sticky":false,"template":"","format":"standard","meta":[],"categories":[53,43],"tags":[20733,108255,78490,108256],"views":39,"_links":{"self":[{"href":"https:\/\/www.enerjigazetesi.ist\/en\/wp-json\/wp\/v2\/posts\/170988"}],"collection":[{"href":"https:\/\/www.enerjigazetesi.ist\/en\/wp-json\/wp\/v2\/posts"}],"about":[{"href":"https:\/\/www.enerjigazetesi.ist\/en\/wp-json\/wp\/v2\/types\/post"}],"author":[{"embeddable":true,"href":"https:\/\/www.enerjigazetesi.ist\/en\/wp-json\/wp\/v2\/users\/1"}],"replies":[{"embeddable":true,"href":"https:\/\/www.enerjigazetesi.ist\/en\/wp-json\/wp\/v2\/comments?post=170988"}],"version-history":[{"count":0,"href":"https:\/\/www.enerjigazetesi.ist\/en\/wp-json\/wp\/v2\/posts\/170988\/revisions"}],"wp:featuredmedia":[{"embeddable":true,"href":"https:\/\/www.enerjigazetesi.ist\/en\/wp-json\/wp\/v2\/media\/170990"}],"wp:attachment":[{"href":"https:\/\/www.enerjigazetesi.ist\/en\/wp-json\/wp\/v2\/media?parent=170988"}],"wp:term":[{"taxonomy":"category","embeddable":true,"href":"https:\/\/www.enerjigazetesi.ist\/en\/wp-json\/wp\/v2\/categories?post=170988"},{"taxonomy":"post_tag","embeddable":true,"href":"https:\/\/www.enerjigazetesi.ist\/en\/wp-json\/wp\/v2\/tags?post=170988"}],"curies":[{"name":"wp","href":"https:\/\/api.w.org\/{rel}","templated":true}]}}