{"id":170972,"date":"2023-03-14T12:19:03","date_gmt":"2023-03-14T09:19:03","guid":{"rendered":"https:\/\/www.enerjigazetesi.ist\/?p=170972"},"modified":"2023-03-14T12:27:01","modified_gmt":"2023-03-14T09:27:01","slug":"ck-enerji-akdeniz-elektrikten-ozkan-celike-yesil-enerji-sertifikasi","status":"publish","type":"post","link":"https:\/\/www.enerjigazetesi.ist\/en\/ck-enerji-akdeniz-elektrikten-ozkan-celike-yesil-enerji-sertifikasi\/","title":{"rendered":"(Turkish) CK Enerji Akdeniz Elektrik\u2019ten \u00d6zkan \u00c7elik\u2019e Ye\u015fil Enerji Sertifikas\u0131"},"content":{"rendered":"<p class=\"qtranxs-available-languages-message qtranxs-available-languages-message-en\">Sorry, this entry is only available in <a href=\"https:\/\/www.enerjigazetesi.ist\/tr\/wp-json\/wp\/v2\/posts\/170972\" class=\"qtranxs-available-language-link qtranxs-available-language-link-tr\" title=\"Turkish\">Turkish<\/a>. For the sake of viewer convenience, the content is shown below in the alternative language. You may click the link to switch the active language.<\/p><p><\/p>\n<h2><strong>1953 y\u0131l\u0131ndan beri \u0130zmir\u2019de demir \u00e7elik sekt\u00f6r\u00fcnde faaliyet g\u00f6steren \u00d6zkan \u00c7elik, CK Enerji Akdeniz Elektrik arac\u0131l\u0131\u011f\u0131 ile Uluslararas\u0131 Yenilenebilir Enerji Sertifikas\u0131 (I-REC) sahibi oldu. \u00d6zkan \u00c7elik, 2023 y\u0131l\u0131 s\u00fcresince t\u00fcketece\u011fi 420 bin MWh\u2019lik elektri\u011fi, ye\u015fil enerji kaynaklar\u0131ndan sa\u011flayacak.<\/strong><\/h2>\n<p>K\u00fcresel \u0131s\u0131nma ile g\u00fcndeme gelen iklim krizi dolay\u0131s\u0131yla, yenilenebilir enerji kaynaklar\u0131n\u0131n \u00f6nemi her <img loading=\"lazy\" class=\"alignright wp-image-170976\" src=\"https:\/\/www.enerjigazetesi.ist\/wp-content\/uploads\/2023\/03\/ck-enerji-akdeniz-elektrikten-ozkan-celike-yesil-enerji-sertifikasi-2.jpg\" alt=\"\" width=\"320\" height=\"200\" srcset=\"https:\/\/www.enerjigazetesi.ist\/wp-content\/uploads\/2023\/03\/ck-enerji-akdeniz-elektrikten-ozkan-celike-yesil-enerji-sertifikasi-2.jpg 550w, https:\/\/www.enerjigazetesi.ist\/wp-content\/uploads\/2023\/03\/ck-enerji-akdeniz-elektrikten-ozkan-celike-yesil-enerji-sertifikasi-2-300x188.jpg 300w, https:\/\/www.enerjigazetesi.ist\/wp-content\/uploads\/2023\/03\/ck-enerji-akdeniz-elektrikten-ozkan-celike-yesil-enerji-sertifikasi-2-500x313.jpg 500w, https:\/\/www.enerjigazetesi.ist\/wp-content\/uploads\/2023\/03\/ck-enerji-akdeniz-elektrikten-ozkan-celike-yesil-enerji-sertifikasi-2-80x50.jpg 80w\" sizes=\"(max-width: 320px) 100vw, 320px\" \/>ge\u00e7en g\u00fcn art\u0131yor. S\u00fcrd\u00fcr\u00fclebilir bir gelecek i\u00e7in karbon ayak izini azaltmay\u0131 hedefleyen; tasarruf tedbirlerini, s\u00fcrd\u00fcr\u00fclebilir \u00e7al\u0131\u015fma stratejilerini esas alan bir anlay\u0131\u015fla 1953 y\u0131l\u0131ndan beri<strong> demir \u00e7elik sekt\u00f6r\u00fcnde<\/strong> \u00f6nc\u00fc \u00e7al\u0131\u015fmalara imza atan \u00d6zkan \u00c7elik de CK Enerji Akdeniz Elektrik arac\u0131l\u0131\u011f\u0131 ile Uluslararas\u0131 Yenilenebilir Enerji Sertifikas\u0131 (I-REC) alan kurumlar aras\u0131na kat\u0131ld\u0131. Bu sertifika ile \u00d6zkan \u00c7elik, 2023 y\u0131l\u0131 s\u00fcresince elektrik t\u00fcketimini <strong>\u201cYenilenebilir Kaynaklardan\u201d<\/strong> kar\u015f\u0131lam\u0131\u015f olacak. Bu anla\u015fma ayn\u0131 zamanda <strong>demir \u00e7elik sekt\u00f6r\u00fcnde faaliyet g\u00f6steren<\/strong> bir firman\u0131n T\u00fcrkiye\u2019de ger\u00e7ekle\u015ftirdi\u011fi en b\u00fcy\u00fck <strong>ye\u015fil enerji kullan\u0131m anla\u015fmas\u0131<\/strong> olarak dikkat \u00e7ekiyor.<\/p>\n<h3><strong>\u201cS\u00dcRD\u00dcR\u00dcLEB\u0130L\u0130RL\u0130K POL\u0130T\u0130KALARINA DESTEK VERMEKTEN MUTLULUK DUYUYORUZ\u201d<\/strong><\/h3>\n<p>Sertifika t\u00f6reninde konu\u015fan <strong>CK Enerji Akdeniz Elektrik Genel M\u00fcd\u00fcr\u00fc Fahrettin Tun\u00e7<\/strong>, <em>\u201cD\u00fcnya genelinde yenilenebilir enerjinin pay\u0131 her ge\u00e7en g\u00fcn artarken CK Enerji olarak biz de do\u011fay\u0131 ve gelecek nesilleri korumak ad\u0131na<strong> ye\u015fil enerji kullan\u0131m\u0131n\u0131n yayg\u0131nla\u015ft\u0131r\u0131lmas\u0131<\/strong> i\u00e7in \u00e7al\u0131\u015fmalar y\u00fcr\u00fct\u00fcyoruz. Bu kapsamda \u00e7evre dostu elektrik tedarik etmek isteyen<strong> sanayi<\/strong> ve <strong>ticarethane<\/strong> m\u00fc\u015fterilerimizin <strong>\u201cYenilenebilir Enerji Sertifikas\u0131\u201d (I-REC \/International Renewable Energy Certificate)<\/strong> almalar\u0131na arac\u0131l\u0131k ediyoruz. Bu s\u00fcre\u00e7te m\u00fc\u015fterilerimizin yan\u0131nda yer alarak \u00e7evresel s\u00fcrd\u00fcr\u00fclebilirlik politikalar\u0131na destek vermekten b\u00fcy\u00fck mutluluk duydu\u011fumuzu ifade ederken, \u00d6zkan \u00c7elik\u2019i att\u0131\u011f\u0131 bu de\u011ferli ad\u0131m i\u00e7in kutluyoruz\u201d<\/em> de\u011ferlendirmesinde bulundu.<\/p>\n<h3><strong>\u201c\u00d6ZKAN \u00c7EL\u0130K\u2019\u0130N 420 B\u0130N MWH\u2019L\u0130K ELEKTR\u0130K T\u00dcKET\u0130M\u0130 YEN\u0130LENEB\u0130L\u0130R ENERJ\u0130DEN KAR\u015eILANACAK\u201d<\/strong><\/h3>\n<p>2030 AB Ye\u015fil Mutabakat\u0131 ve 2050 y\u0131l\u0131 S\u0131f\u0131r Karbon hedefleri do\u011frultusunda yenilenebilir enerji kaynaklar\u0131n\u0131n kullan\u0131m\u0131 ve I-REC\u2019in \u00f6nemine i\u015faret eden <strong>\u00d6zkan \u00c7elik \u0130dari Genel M\u00fcd\u00fcr Yard\u0131mc\u0131s\u0131 ve \u0130cra Kurulu \u00dcyesi Berna \u00d6zkan Hawkins<\/strong> s\u00fcreci\u00a0<em>\u201c\u00d6zkan \u00c7elik olarak s\u00fcrd\u00fcr\u00fclebilir bir \u00fcretim, gelecek \u00f6ng\u00f6r\u00fcs\u00fc ve insanl\u0131k i\u00e7in \u00fczerimize d\u00fc\u015fen sorumlulu\u011fun fark\u0131nday\u0131z. S\u00fcrd\u00fcr\u00fclebilirlik \u00e7at\u0131s\u0131 alt\u0131nda bir\u00e7ok alanda payda\u015flar\u0131m\u0131zla projeler y\u00fcr\u00fctmekteyiz. Bu sertifika ile\u00a02023 y\u0131l\u0131 s\u00fcresince t\u00fcketece\u011fimiz elektri\u011fi<strong> \u201cYenilenebilir Ye\u015fil Enerji Kaynaklar\u0131ndan\u201d<\/strong> sa\u011flayaca\u011f\u0131z. <strong>\u00c7elikhane<\/strong> ve <strong>Haddehane<\/strong> tesislerimizde<strong> % 100<\/strong> yenilenebilir enerji kullanaca\u011f\u0131z. I-REC ile demir \u00e7elik sanayii alan\u0131nda \u00f6rnek te\u015fkil edecek bir \u00e7al\u0131\u015fmaya imza atman\u0131n gururunu ya\u015f\u0131yoruz\u201d<\/em> diye ifade etti.<\/p>\n<h3><strong>YEN\u0130LENEB\u0130L\u0130R ENERJ\u0130 SERT\u0130F\u0130KASI NED\u0130R?<\/strong><\/h3>\n<p>Son y\u0131llarda giderek yayg\u0131nla\u015fan <strong>I-REC (Yenilenebilir Enerjisi Sertifikas\u0131)<\/strong>, <strong>RECs International<\/strong> taraf\u0131ndan geli\u015ftirilen elektri\u011fin yenilenebilir enerji kaynaklar\u0131ndan \u00fcretildi\u011fini belgeleyen uluslararas\u0131 bir sertifikasyon sistemi. Uluslararas\u0131 ba\u011f\u0131ms\u0131z bir kurulu\u015f olan<strong> IREC Foundation<\/strong> taraf\u0131ndan verilen ve denetlenen bu sistemde, yenilenebilir enerji tesislerinde (g\u00fcne\u015f, r\u00fczg\u00e2r, hidroelektrik, jeotermal ve biok\u00fctle) \u00fcretilen her <strong>1 MWh<\/strong> elektrik kar\u015f\u0131l\u0131\u011f\u0131nda <strong>bir sertifika<\/strong> olu\u015fturuluyor. Yetkili enerji \u015firketleri de bu sertifikalar ile talep eden m\u00fc\u015fterilerin elektrik <strong>enerjilerinin yenilenebilir enerji kaynaklar\u0131ndan kar\u015f\u0131lanmas\u0131 sa\u011flanmas\u0131na<\/strong> destek veriyor.<\/p>\n<h3><strong>SERT\u0130F\u0130KAYA SAH\u0130P OLAN \u015e\u0130RKETLER \u00c7E\u015e\u0130TL\u0130 AVANTAJLAR ELDE ED\u0130YOR<\/strong><\/h3>\n<p>\u00dcretilen her birim elektri\u011fin, kayna\u011f\u0131ndan ba\u015flayarak takip edilmesi ve nihai t\u00fcketiciye kadar izlenebilmesini sa\u011flayan bu sistem, t\u00fcketicilerin bilin\u00e7li ve g\u00fcvenilir bir se\u00e7im yapmas\u0131n\u0131 sa\u011fl\u0131yor. Ayn\u0131 zamanda <strong>ye\u015fil enerji kullan\u0131m\u0131n\u0131n<\/strong> karbon sal\u0131n\u0131m\u0131n\u0131n engellenmesine y\u00f6nelik olumlu bir ad\u0131m olmas\u0131, t\u00fcketici davran\u0131\u015f\u0131n\u0131 ye\u015fil enerji kullanan tesisler i\u00e7in pozitif y\u00f6nde etkileyen bir unsur olarak \u00f6ne \u00e7\u0131k\u0131yor. Avrupa Birli\u011fi \u00fclkeleri ba\u015fta olmak \u00fczere, geli\u015fmekte olan \u00fclkelerdeki firmalar, sat\u0131n ald\u0131klar\u0131 \u00fcr\u00fcnleri \u00fcreten tesislerin <strong>yenilenebilir enerji sertifikas\u0131<\/strong> almas\u0131n\u0131 \u015fart ko\u015farken, kar\u015f\u0131l\u0131\u011f\u0131nda \u00e7e\u015fitli avantajlar sunabiliyorlar.<\/p>","protected":false},"excerpt":{"rendered":"<p>Sorry, this entry is only available in Turkish. For the sake of viewer convenience, the content is shown below in the alternative language. You may click the link to switch the active language. 1953 y\u0131l\u0131ndan beri \u0130zmir\u2019de demir \u00e7elik sekt\u00f6r\u00fcnde faaliyet g\u00f6steren \u00d6zkan \u00c7elik, CK Enerji Akdeniz Elektrik arac\u0131l\u0131\u011f\u0131 ile Uluslararas\u0131 Yenilenebilir Enerji Sertifikas\u0131 (I-REC) [&hellip;]<\/p>\n","protected":false},"author":1,"featured_media":170975,"comment_status":"open","ping_status":"open","sticky":false,"template":"","format":"standard","meta":[],"categories":[51,53,52],"tags":[38865,108254,27525,89403,108253,71394,80854,6379,9698,3769],"views":63,"_links":{"self":[{"href":"https:\/\/www.enerjigazetesi.ist\/en\/wp-json\/wp\/v2\/posts\/170972"}],"collection":[{"href":"https:\/\/www.enerjigazetesi.ist\/en\/wp-json\/wp\/v2\/posts"}],"about":[{"href":"https:\/\/www.enerjigazetesi.ist\/en\/wp-json\/wp\/v2\/types\/post"}],"author":[{"embeddable":true,"href":"https:\/\/www.enerjigazetesi.ist\/en\/wp-json\/wp\/v2\/users\/1"}],"replies":[{"embeddable":true,"href":"https:\/\/www.enerjigazetesi.ist\/en\/wp-json\/wp\/v2\/comments?post=170972"}],"version-history":[{"count":0,"href":"https:\/\/www.enerjigazetesi.ist\/en\/wp-json\/wp\/v2\/posts\/170972\/revisions"}],"wp:featuredmedia":[{"embeddable":true,"href":"https:\/\/www.enerjigazetesi.ist\/en\/wp-json\/wp\/v2\/media\/170975"}],"wp:attachment":[{"href":"https:\/\/www.enerjigazetesi.ist\/en\/wp-json\/wp\/v2\/media?parent=170972"}],"wp:term":[{"taxonomy":"category","embeddable":true,"href":"https:\/\/www.enerjigazetesi.ist\/en\/wp-json\/wp\/v2\/categories?post=170972"},{"taxonomy":"post_tag","embeddable":true,"href":"https:\/\/www.enerjigazetesi.ist\/en\/wp-json\/wp\/v2\/tags?post=170972"}],"curies":[{"name":"wp","href":"https:\/\/api.w.org\/{rel}","templated":true}]}}