{"id":17095,"date":"2013-11-01T18:02:42","date_gmt":"2013-11-01T15:02:42","guid":{"rendered":"https:\/\/www.enerjigazetesi.ist\/?p=17095"},"modified":"2013-11-01T18:02:42","modified_gmt":"2013-11-01T15:02:42","slug":"sena-hes-sebekeye-baglaniyor","status":"publish","type":"post","link":"https:\/\/www.enerjigazetesi.ist\/en\/sena-hes-sebekeye-baglaniyor\/","title":{"rendered":"(Turkish) Sena HES \u015eebekeye Ba\u011flan\u0131yor&#8230;"},"content":{"rendered":"<p class=\"qtranxs-available-languages-message qtranxs-available-languages-message-en\">Sorry, this entry is only available in <a href=\"https:\/\/www.enerjigazetesi.ist\/tr\/wp-json\/wp\/v2\/posts\/17095\" class=\"qtranxs-available-language-link qtranxs-available-language-link-tr\" title=\"Turkish\">Turkish<\/a>. For the sake of viewer convenience, the content is shown below in the alternative language. You may click the link to switch the active language.<\/p><p><strong>Kars Ka\u011f\u0131zman`da Aras Nehri \u00fczerinde kurulan Sena Hidroelektrik Santrali`nin \u015febekeye ba\u011flanmas\u0131 i\u00e7in gereken baz\u0131 ta\u015f\u0131nmazlar acele kamula\u015ft\u0131r\u0131lacak. Bakanlar Kurulu, Kars`\u0131n Ka\u011f\u0131zman \u0130l\u00e7esinde tesis edilen Sena Hidroelektrik Santral<a href=\"https:\/\/www.enerjigazetesi.ist\/wp-content\/uploads\/2013\/11\/sena-hes-sebekeye-baglaniyor.jpg\"><img loading=\"lazy\" class=\"alignleft size-medium wp-image-17096\" title=\"sena-hes-sebekeye-baglaniyor\" src=\"https:\/\/www.enerjigazetesi.ist\/wp-content\/uploads\/2013\/11\/sena-hes-sebekeye-baglaniyor-300x193.jpg\" alt=\"\" width=\"300\" height=\"193\" srcset=\"https:\/\/www.enerjigazetesi.ist\/wp-content\/uploads\/2013\/11\/sena-hes-sebekeye-baglaniyor-300x193.jpg 300w, https:\/\/www.enerjigazetesi.ist\/wp-content\/uploads\/2013\/11\/sena-hes-sebekeye-baglaniyor-77x50.jpg 77w, https:\/\/www.enerjigazetesi.ist\/wp-content\/uploads\/2013\/11\/sena-hes-sebekeye-baglaniyor.jpg 448w\" sizes=\"(max-width: 300px) 100vw, 300px\" \/><\/a>i ile Narinkale Havza TM aras\u0131ndaki enerji nakil hatt\u0131n\u0131n yap\u0131m\u0131 amac\u0131yla baz\u0131 ta\u015f\u0131nmazlar\u0131n acele kamula\u015ft\u0131r\u0131lmas\u0131n\u0131 kararla\u015ft\u0131rd\u0131.<\/strong><\/p>\n<p>Hazine ad\u0131na tescil edilmek \u00fczere Enerji Piyasas\u0131 D\u00fczenleme Kurumu taraf\u0131ndan kamula\u015ft\u0131r\u0131lacak s\u00f6z konusu ta\u015f\u0131nmazlar, Ka\u011f\u0131zman il\u00e7esine ba\u011fl\u0131, A\u015fa\u011f\u0131karag\u00fcney, Ayd\u0131nkavak, Ya\u011fl\u0131ca ve Yukar\u0131karag\u00fcney k\u00f6ylerinde bulunuyor.<\/p>\n<p>R\u00f6nesans Holding`e ait R\u00f6nesans Enerji taraf\u0131ndan hayata ge\u00e7irilen Sena Reg\u00fclat\u00f6r\u00fc ve HES projesi; Aras Havzas\u0131 s\u0131n\u0131rlar\u0131nda, Kars \u0130li Ka\u011f\u0131zman il\u00e7esinden yakla\u015f\u0131k 25 km mesafede, Aras Nehri \u00fczerinde yer al\u0131yor.<\/p>\n<p>Nehir tipi bir hidroelektrik santrali olarak projelendirilen Sena HES, 21 MW`lik kurulu g\u00fcce sahip. Tesislerde y\u0131lda 68 milyon kWh elektrik \u00fcretimi \u00f6ng\u00f6r\u00fcl\u00fcyor.<\/p>\n<p>Kaynak: <a href=\"http:\/\/enerjigunlugu.net\/sena-hes-sebekeye-baglaniyor_5441.html\" target=\"_blank\">Enerji G\u00fcnl\u00fc\u011f\u00fc<\/a><\/p>","protected":false},"excerpt":{"rendered":"<p>Sorry, this entry is only available in Turkish. For the sake of viewer convenience, the content is shown below in the alternative language. You may click the link to switch the active language.Kars Ka\u011f\u0131zman`da Aras Nehri \u00fczerinde kurulan Sena Hidroelektrik Santrali`nin \u015febekeye ba\u011flanmas\u0131 i\u00e7in gereken baz\u0131 ta\u015f\u0131nmazlar acele kamula\u015ft\u0131r\u0131lacak. Bakanlar Kurulu, Kars`\u0131n Ka\u011f\u0131zman \u0130l\u00e7esinde tesis [&hellip;]<\/p>\n","protected":false},"author":1,"featured_media":17096,"comment_status":"open","ping_status":"open","sticky":false,"template":"","format":"standard","meta":[],"categories":[53,47],"tags":[10044,19,63,67,1009,165,35370,1090,10043,10047,10046,10045],"views":1155,"_links":{"self":[{"href":"https:\/\/www.enerjigazetesi.ist\/en\/wp-json\/wp\/v2\/posts\/17095"}],"collection":[{"href":"https:\/\/www.enerjigazetesi.ist\/en\/wp-json\/wp\/v2\/posts"}],"about":[{"href":"https:\/\/www.enerjigazetesi.ist\/en\/wp-json\/wp\/v2\/types\/post"}],"author":[{"embeddable":true,"href":"https:\/\/www.enerjigazetesi.ist\/en\/wp-json\/wp\/v2\/users\/1"}],"replies":[{"embeddable":true,"href":"https:\/\/www.enerjigazetesi.ist\/en\/wp-json\/wp\/v2\/comments?post=17095"}],"version-history":[{"count":2,"href":"https:\/\/www.enerjigazetesi.ist\/en\/wp-json\/wp\/v2\/posts\/17095\/revisions"}],"predecessor-version":[{"id":17098,"href":"https:\/\/www.enerjigazetesi.ist\/en\/wp-json\/wp\/v2\/posts\/17095\/revisions\/17098"}],"wp:featuredmedia":[{"embeddable":true,"href":"https:\/\/www.enerjigazetesi.ist\/en\/wp-json\/wp\/v2\/media\/17096"}],"wp:attachment":[{"href":"https:\/\/www.enerjigazetesi.ist\/en\/wp-json\/wp\/v2\/media?parent=17095"}],"wp:term":[{"taxonomy":"category","embeddable":true,"href":"https:\/\/www.enerjigazetesi.ist\/en\/wp-json\/wp\/v2\/categories?post=17095"},{"taxonomy":"post_tag","embeddable":true,"href":"https:\/\/www.enerjigazetesi.ist\/en\/wp-json\/wp\/v2\/tags?post=17095"}],"curies":[{"name":"wp","href":"https:\/\/api.w.org\/{rel}","templated":true}]}}