{"id":170849,"date":"2023-03-13T09:39:25","date_gmt":"2023-03-13T06:39:25","guid":{"rendered":"https:\/\/www.enerjigazetesi.ist\/?p=170849"},"modified":"2023-03-13T09:39:25","modified_gmt":"2023-03-13T06:39:25","slug":"cevre-yonetiminde-nexus-yaklasimi","status":"publish","type":"post","link":"https:\/\/www.enerjigazetesi.ist\/en\/cevre-yonetiminde-nexus-yaklasimi\/","title":{"rendered":"(Turkish) \u00c7evre Y\u00f6netiminde Nexus Yakla\u015f\u0131m\u0131"},"content":{"rendered":"<p class=\"qtranxs-available-languages-message qtranxs-available-languages-message-en\">Sorry, this entry is only available in <a href=\"https:\/\/www.enerjigazetesi.ist\/tr\/wp-json\/wp\/v2\/posts\/170849\" class=\"qtranxs-available-language-link qtranxs-available-language-link-tr\" title=\"Turkish\">Turkish<\/a>. For the sake of viewer convenience, the content is shown below in the alternative language. You may click the link to switch the active language.<\/p><p><\/p>\n<h2>Nexus yakla\u015f\u0131m\u0131, su, enerji ve g\u0131da g\u00fcvenli\u011fi ile bu g\u00fcvenli\u011fin temelini olu\u015fturan ekosistemlerin do\u011frudan veya dolayl\u0131 olarak birbirine ba\u011f\u0131ml\u0131 oldu\u011funu belirtmektedir. Bu yakla\u015f\u0131m, su, enerji ve tar\u0131m \/ g\u0131da politikalar\u0131n\u0131n sinerjisini anlamaya dayal\u0131, kar\u015f\u0131l\u0131kl\u0131 yarar sa\u011flayan sorumluluklar\u0131 tan\u0131mlamaktad\u0131r. Ayr\u0131ca, ekosistemlerin b\u00fct\u00fcnl\u00fc\u011f\u00fcn\u00fc ve s\u00fcrd\u00fcr\u00fclebilirli\u011fini koruyan uygun dengeleri ve sinerjileri belirlemek i\u00e7in kapsaml\u0131 ve \u015feffaf bir \u00e7er\u00e7eve sa\u011flamaktad\u0131r. Nexus yakla\u015f\u0131m\u0131 ile t\u00fcm d\u00fcnyadaki su, enerji ve g\u0131da ile konular\u0131 tek tek ele almak ile hepsini kapsayan b\u00fct\u00fcnc\u00fcl bir de\u011ferlendirme yap\u0131lmaktad\u0131r.<\/h2>\n<p>D\u00fcnyadaki tatl\u0131 su kaynaklar\u0131n\u0131n b\u00fcy\u00fck bir \u00e7o\u011funlu\u011fu tar\u0131msal faaliyetler; geriye kalan k\u0131sm\u0131n \u00f6nemli bir b\u00f6l\u00fcm\u00fc de sanayi, evsel veya elektrik \u00fcretimi i\u00e7in kullan\u0131lmaktad\u0131r. Bir\u00e7ok \u00fclke, g\u0131da \u00fcretiminin sulama ihtiya\u00e7lar\u0131n\u0131 kar\u015f\u0131lamak i\u00e7in barajlar\u0131nda ve rezervuarlar\u0131nda su bulundurmak zorundad\u0131r. <img loading=\"lazy\" class=\"alignright wp-image-170854 size-full\" src=\"https:\/\/www.enerjigazetesi.ist\/wp-content\/uploads\/2023\/03\/Dilek-Asan-1-1.jpg\" alt=\"\" width=\"300\" height=\"270\" srcset=\"https:\/\/www.enerjigazetesi.ist\/wp-content\/uploads\/2023\/03\/Dilek-Asan-1-1.jpg 300w, https:\/\/www.enerjigazetesi.ist\/wp-content\/uploads\/2023\/03\/Dilek-Asan-1-1-56x50.jpg 56w\" sizes=\"(max-width: 300px) 100vw, 300px\" \/>Bunun yan\u0131 s\u0131ra elektrik \u00fcretimi de &#8211; \u00f6zellikle konvansiyonel \u00fcretim y\u00f6ntemlerinde &#8211; \u00f6nemli miktarda su gerektirmektedir. Bu durum genellikle s\u0131n\u0131rl\u0131 olan mevcut su kaynaklar\u0131 hakk\u0131nda sekt\u00f6rler ve \u00fclkeler aras\u0131nda kar\u015f\u0131lanmas\u0131 zor talepler olmas\u0131na, hatta siyasi \u00e7at\u0131\u015fmalar ya\u015fanmas\u0131na neden olabilmektedir. \u0130klim de\u011fi\u015fikli\u011fi de insanlar ve ekosistemler \u00fczerinde \u00f6nemli etkilere sahiptir. Bu etkiler, n\u00fcfusun artmas\u0131 ve ekonomilerin b\u00fcy\u00fcmesi nedeniyle artan su talebi, daha y\u00fcksek s\u0131cakl\u0131klar ve belirli b\u00f6lgelerdeki ya\u011f\u0131\u015f miktar\u0131n\u0131n azalmas\u0131 ile daha da k\u00f6t\u00fcle\u015fmektedir.<\/p>\n<p>T\u00fcm bu zorluklar\u0131n, birbiriyle ba\u011flant\u0131l\u0131 sekt\u00f6rlerin daha iyi y\u00f6netilmesini sa\u011flayarak ele al\u0131nmas\u0131 gerekmektedir. <strong>\u00c7evre y\u00f6netiminde<\/strong> \u00f6ne s\u00fcr\u00fclen Nexus yakla\u015f\u0131m\u0131 bu noktadaki kilidi a\u00e7abilme potansiyeline sahiptir. Bu yakla\u015f\u0131m, ekosistemleri destekleyen ihtiya\u00e7lar\u0131 g\u00fcvence alt\u0131na al\u0131rken taraflar\u0131n<strong> enerji, tar\u0131m ve su<\/strong> i\u00e7in ortaya koyduklar\u0131 talepleri uzla\u015ft\u0131rabilmektedir. Fakat bu yakla\u015f\u0131m\u0131n s\u00fcrd\u00fcr\u00fclebilir sonu\u00e7lar \u00fcretebilmesi i\u00e7in <strong>kapsay\u0131c\u0131, adil ve \u015feffaf i\u015f birlikleri<\/strong> geli\u015ftirilmelidir.<\/p>\n<p>Nexus yakla\u015f\u0131m\u0131n\u0131 daha iyi anlayabilmek i\u00e7in<strong> su, g\u0131da ve enerji<\/strong> konular\u0131n\u0131n birbirleriyle olan ili\u015fkilerini <span style=\"text-decoration: underline;\">\u015f\u00f6yle \u00f6zetleyebiliriz:<\/span><\/p>\n<p><strong>&#8211; Su &amp; Enerji:<\/strong> Su, enerji \u00fcretiminde yo\u011fun bir \u015fekilde kullan\u0131lmaktad\u0131r. Hidroelektrik santrallerinde, termik santrallerdeki (k\u00f6m\u00fcr, n\u00fckleer vs) so\u011futma i\u015flemlerinde ve biyoyak\u0131t yeti\u015ftirme tesislerinde en gerekli ve en \u00e7ok kullan\u0131lan maddelerden biridir. \u00d6te yandan, suyu i\u015flemek ve da\u011f\u0131tmak, at\u0131k suyu ar\u0131tmak, yeralt\u0131 sular\u0131n\u0131 pompalamak ve deniz suyunu tuzdan ar\u0131nd\u0131rmak i\u00e7in de enerji gereklidir.<\/p>\n<p><strong>&#8211; G\u0131da &amp; Enerji:<\/strong> Enerji, suyun pompalanmas\u0131ndan g\u0131dan\u0131n i\u015flenmesine, ta\u015f\u0131nmas\u0131na ve so\u011futulmas\u0131na kadar t\u00fcm tar\u0131msal g\u0131da tedarik zinciri boyunca kullan\u0131lan en temel girdidir. Bununla birlikte, biyoyak\u0131t tedariki veya b\u00fcy\u00fck g\u00fcne\u015f enerjisi santralleri kurulumlar\u0131nda, g\u0131da \u00fcretimi i\u00e7in arazi kullan\u0131m\u0131yla ilgili sorunlar ortaya \u00e7\u0131kabilmektedir.<\/p>\n<p><strong>&#8211; Su &amp; G\u0131da:<\/strong> Su, t\u00fcm tar\u0131msal g\u0131da tedarik zincirinin en temel bile\u015fendir. Fakat \u00f6te yandan tar\u0131msal faaliyetlerdeki yo\u011funla\u015fma su kalitesini olumsuz etkileyebilmektedir.<\/p>\n<p>Nexus yakla\u015f\u0131m\u0131, bu alanlar aras\u0131nda s\u00fcrd\u00fcr\u00fclebilir sinerjiler olu\u015fturmak ve aralar\u0131ndaki kar\u015f\u0131l\u0131kl\u0131 de\u011fi\u015fimleri etkin bir \u015fekilde y\u00f6netmek i\u00e7in sekt\u00f6rler aras\u0131ndaki ba\u011flant\u0131lar\u0131n analiz edilmesi gerekti\u011fini savunmaktad\u0131r Bu da sekt\u00f6rler aras\u0131nda entegre ve koordineli bir yakla\u015f\u0131m benimsenerek yap\u0131labilir. Zira, g\u0131da, su ve enerji sekt\u00f6rleri ayn\u0131 k\u0131t kaynaklar i\u00e7in bir bak\u0131ma rekabet halindedir ve mevcut f\u0131rsatlar\u0131 de\u011ferlendirmek i\u00e7in aralar\u0131nda \u00e7\u0131kar \u00e7at\u0131\u015fmas\u0131 olu\u015fabilmektedir. \u00c7evresel s\u00fcrd\u00fcr\u00fclebilirlik, bu \u00e7\u0131karlar\u0131n tamam\u0131 ayn\u0131 paydada birle\u015ftirilip uzla\u015ft\u0131r\u0131labildi\u011fi zaman ger\u00e7ekle\u015febilir.<\/p>\n<p>Nexus yakla\u015f\u0131m\u0131n\u0131n faydalar\u0131n\u0131 \u015f\u00f6yle \u00f6zetleyebiliriz:<\/p>\n<p><strong>-Ekonomik faydalar:<\/strong><\/p>\n<p>&#8211;&gt;Ekonomik faaliyetlerin orta ve uzun vadeli uygulanabilirli\u011finin artmas\u0131<\/p>\n<p>&#8211;&gt;\u0130klim de\u011fi\u015fikli\u011fi kar\u015f\u0131s\u0131nda dayan\u0131kl\u0131l\u0131k<\/p>\n<p>&#8211;&gt;Sel ve kurakl\u0131k risklerinin ve ilgili maliyetlerin azalmas\u0131<\/p>\n<p>&#8211;&gt;Tar\u0131m ve turizm sekt\u00f6rlerinde daha fazla katma de\u011fer<\/p>\n<p>&#8211;&gt;Kaynaklar\u0131n t\u00fcketiminde verimlili\u011fin artmas\u0131<\/p>\n<p>&#8211;&gt;Altyap\u0131n\u0131n kullan\u0131m\u0131 ve optimize edilmi\u015f ticaret ve inovasyon<\/p>\n<p><strong>&#8211; B\u00f6lgesel i\u015f birli\u011fi ve jeopolitik faydalar:<\/strong><\/p>\n<p>&#8211;&gt;Yeni s\u0131n\u0131r \u00f6tesi anla\u015fmalar\u0131n, ortak d\u00fczenlemelerin ve protokollerin kabul edilmesi,<\/p>\n<p>&#8211;&gt;Mal, hizmet ve i\u015f g\u00fcc\u00fc i\u00e7in b\u00f6lgesel pazarlar\u0131n geli\u015ftirilmesi<\/p>\n<p>&#8211;&gt;S\u0131n\u0131r \u00f6tesi yat\u0131r\u0131mlar dahil olmak \u00fczere ortak kaynaklar\u0131n y\u00f6netiminde g\u00fc\u00e7lendirilmi\u015f i\u015f birli\u011fi \u00e7al\u0131\u015fmalar\u0131n\u0131n artmas\u0131<\/p>\n<p><strong>&#8211; Sosyal ve \u00e7evresel faydalar:<\/strong><\/p>\n<p>&#8211;&gt;S\u00fcrd\u00fcr\u00fclebilir kalk\u0131nma hedefleriyle ilgili fark\u0131ndal\u0131\u011f\u0131n artmas\u0131 ve payda\u015flar\u0131n te\u015fviki<\/p>\n<p>&#8211;&gt;Kamu sa\u011fl\u0131\u011f\u0131n\u0131n iyile\u015ftirilmesi<\/p>\n<p>&#8211;&gt;Yeni istihdam alanlar\u0131n\u0131n yarat\u0131lmas\u0131<\/p>\n<p>&#8211;&gt;Su ve sanitasyon hizmetlerinin iyile\u015ftirilmesi<\/p>\n<p><strong>&#8211; Ekosistemlerin ve habitatlar\u0131n geri kazan\u0131lmas\u0131<\/strong><\/p>\n<p><strong>Dilek A\u015eAN<\/strong>\u00a0\u2013 Taksim Dan\u0131\u015fmanl\u0131k \/\u00a0<a href=\"mailto:dilek@taksimdanismanlik.com\" target=\"_blank\" rel=\"noopener\">dilek@taksimdanismanlik.com<\/a>\u00a0\u2013\u00a0<a href=\"http:\/\/www.dilekasan.com\/\" target=\"_blank\" rel=\"noopener\">www.dilekasan.com<\/a><\/p>","protected":false},"excerpt":{"rendered":"<p>Sorry, this entry is only available in Turkish. For the sake of viewer convenience, the content is shown below in the alternative language. You may click the link to switch the active language. Nexus yakla\u015f\u0131m\u0131, su, enerji ve g\u0131da g\u00fcvenli\u011fi ile bu g\u00fcvenli\u011fin temelini olu\u015fturan ekosistemlerin do\u011frudan veya dolayl\u0131 olarak birbirine ba\u011f\u0131ml\u0131 oldu\u011funu belirtmektedir. Bu [&hellip;]<\/p>\n","protected":false},"author":1,"featured_media":170852,"comment_status":"open","ping_status":"open","sticky":false,"template":"","format":"standard","meta":[],"categories":[53],"tags":[5246,63,36152,108222,99,5296],"views":144,"_links":{"self":[{"href":"https:\/\/www.enerjigazetesi.ist\/en\/wp-json\/wp\/v2\/posts\/170849"}],"collection":[{"href":"https:\/\/www.enerjigazetesi.ist\/en\/wp-json\/wp\/v2\/posts"}],"about":[{"href":"https:\/\/www.enerjigazetesi.ist\/en\/wp-json\/wp\/v2\/types\/post"}],"author":[{"embeddable":true,"href":"https:\/\/www.enerjigazetesi.ist\/en\/wp-json\/wp\/v2\/users\/1"}],"replies":[{"embeddable":true,"href":"https:\/\/www.enerjigazetesi.ist\/en\/wp-json\/wp\/v2\/comments?post=170849"}],"version-history":[{"count":0,"href":"https:\/\/www.enerjigazetesi.ist\/en\/wp-json\/wp\/v2\/posts\/170849\/revisions"}],"wp:featuredmedia":[{"embeddable":true,"href":"https:\/\/www.enerjigazetesi.ist\/en\/wp-json\/wp\/v2\/media\/170852"}],"wp:attachment":[{"href":"https:\/\/www.enerjigazetesi.ist\/en\/wp-json\/wp\/v2\/media?parent=170849"}],"wp:term":[{"taxonomy":"category","embeddable":true,"href":"https:\/\/www.enerjigazetesi.ist\/en\/wp-json\/wp\/v2\/categories?post=170849"},{"taxonomy":"post_tag","embeddable":true,"href":"https:\/\/www.enerjigazetesi.ist\/en\/wp-json\/wp\/v2\/tags?post=170849"}],"curies":[{"name":"wp","href":"https:\/\/api.w.org\/{rel}","templated":true}]}}