{"id":170841,"date":"2023-03-12T17:39:42","date_gmt":"2023-03-12T14:39:42","guid":{"rendered":"https:\/\/www.enerjigazetesi.ist\/?p=170841"},"modified":"2023-03-12T17:39:42","modified_gmt":"2023-03-12T14:39:42","slug":"ab-uyesi-ulkeler-enerji-tuketimini-yuzde-12-oraninda-azaltacak","status":"publish","type":"post","link":"https:\/\/www.enerjigazetesi.ist\/en\/ab-uyesi-ulkeler-enerji-tuketimini-yuzde-12-oraninda-azaltacak\/","title":{"rendered":"(Turkish) AB \u00dcyesi \u00dclkeler Enerji T\u00fcketimini % 12 Oran\u0131nda Azaltacak"},"content":{"rendered":"<p class=\"qtranxs-available-languages-message qtranxs-available-languages-message-en\">Sorry, this entry is only available in <a href=\"https:\/\/www.enerjigazetesi.ist\/tr\/wp-json\/wp\/v2\/posts\/170841\" class=\"qtranxs-available-language-link qtranxs-available-language-link-tr\" title=\"Turkish\">Turkish<\/a>. For the sake of viewer convenience, the content is shown below in the alternative language. You may click the link to switch the active language.<\/p><p><\/p>\n<h2>Avrupa Birli\u011fi (AB) \u00fcyesi \u00fclkeler 2030 y\u0131l\u0131na kadar enerji t\u00fcketimini yakla\u015f\u0131k % 12 azaltacak.<\/h2>\n<p>Avrupa Birli\u011fi (AB) \u00fcyesi \u00fclkeler ve Avrupa Parlamentosu (AP) aras\u0131nda <strong>enerji verimlili\u011fi y\u00f6netmeli\u011fi<\/strong> konusunda ger\u00e7ekle\u015ftirilen m\u00fczakerelerde anla\u015fmaya var\u0131ld\u0131. <strong>AB Konseyi<\/strong> taraf\u0131ndan yap\u0131lan a\u00e7\u0131klamaya g\u00f6re, <strong>2030 y\u0131l\u0131na<\/strong> kadar <strong>AB genelinde<\/strong> nihai enerji t\u00fcketimi <strong>% 11,7<\/strong> azalt\u0131lacak. Bu <img loading=\"lazy\" class=\"alignright wp-image-170847\" src=\"https:\/\/www.enerjigazetesi.ist\/wp-content\/uploads\/2023\/03\/ab-uyesi-ulkeler-enerji-tuketimini-yuzde-12-oraninda-azaltacak.jpg\" alt=\"\" width=\"320\" height=\"225\" srcset=\"https:\/\/www.enerjigazetesi.ist\/wp-content\/uploads\/2023\/03\/ab-uyesi-ulkeler-enerji-tuketimini-yuzde-12-oraninda-azaltacak.jpg 550w, https:\/\/www.enerjigazetesi.ist\/wp-content\/uploads\/2023\/03\/ab-uyesi-ulkeler-enerji-tuketimini-yuzde-12-oraninda-azaltacak-300x211.jpg 300w, https:\/\/www.enerjigazetesi.ist\/wp-content\/uploads\/2023\/03\/ab-uyesi-ulkeler-enerji-tuketimini-yuzde-12-oraninda-azaltacak-500x351.jpg 500w, https:\/\/www.enerjigazetesi.ist\/wp-content\/uploads\/2023\/03\/ab-uyesi-ulkeler-enerji-tuketimini-yuzde-12-oraninda-azaltacak-71x50.jpg 71w\" sizes=\"(max-width: 320px) 100vw, 320px\" \/>limit, \u00fcye \u00fclkeler i\u00e7in toplu bi\u00e7imde ba\u011flay\u0131c\u0131 olacak. Ayr\u0131ca hedefe ula\u015fabilmeleri i\u00e7in \u00fcye \u00fclkelere baz\u0131 esneklikler sa\u011flanacak.<\/p>\n<h3><strong>Enerji Tasarrufu Kademeli Art\u0131r\u0131lacak<\/strong><\/h3>\n<p>Nihai enerji t\u00fcketimi i\u00e7in y\u0131ll\u0131k enerji tasarrufu hedefi <strong>2024<\/strong>&#8216;ten <strong>2030<\/strong>&#8216;a kadar kademeli olarak art\u0131r\u0131lacak. \u00dcye \u00fclkeler, bu d\u00f6nemde nihai enerji t\u00fcketimlerinde y\u0131ll\u0131k ortalama <strong>y\u00fczde 1,49<\/strong> tasarruf sa\u011flayacak. Y\u0131ll\u0131k tasarruf oran\u0131 <strong>2030<\/strong> bitiminde<strong> y\u00fczde 1,9&#8217;a<\/strong> ula\u015facak.<\/p>\n<h3><strong>Enerji Tasarrufunda Kamu \u00d6rnek Olacak<\/strong><\/h3>\n<p>Enerji tasarrufunda <strong>kamu sekt\u00f6r\u00fc \u00f6rnek davran\u0131\u015f<\/strong> sergileyecek.\u00a0AB \u00fclkelerinde her y\u0131l kamu kurumlar\u0131na ait binalar\u0131n toplam y\u00fcz \u00f6l\u00e7\u00fcmlerinin en az <strong>% 3<\/strong>&#8216;\u00fcn\u00fcn <strong>restore edilmesi<\/strong> gerekecek.\u00a0<strong>Yeni kurallar AP<\/strong> ve<strong> \u00fcye \u00fclkelerin resmen onaylamas\u0131<\/strong> ard\u0131ndan y\u00fcr\u00fcrl\u00fc\u011fe girecek.<\/p>","protected":false},"excerpt":{"rendered":"<p>Sorry, this entry is only available in Turkish. For the sake of viewer convenience, the content is shown below in the alternative language. You may click the link to switch the active language. Avrupa Birli\u011fi (AB) \u00fcyesi \u00fclkeler 2030 y\u0131l\u0131na kadar enerji t\u00fcketimini yakla\u015f\u0131k % 12 azaltacak. Avrupa Birli\u011fi (AB) \u00fcyesi \u00fclkeler ve Avrupa Parlamentosu [&hellip;]<\/p>\n","protected":false},"author":1,"featured_media":170847,"comment_status":"open","ping_status":"open","sticky":false,"template":"","format":"standard","meta":[],"categories":[53,52],"tags":[8463,1964,3969,63,103,148,12,2505],"views":51,"_links":{"self":[{"href":"https:\/\/www.enerjigazetesi.ist\/en\/wp-json\/wp\/v2\/posts\/170841"}],"collection":[{"href":"https:\/\/www.enerjigazetesi.ist\/en\/wp-json\/wp\/v2\/posts"}],"about":[{"href":"https:\/\/www.enerjigazetesi.ist\/en\/wp-json\/wp\/v2\/types\/post"}],"author":[{"embeddable":true,"href":"https:\/\/www.enerjigazetesi.ist\/en\/wp-json\/wp\/v2\/users\/1"}],"replies":[{"embeddable":true,"href":"https:\/\/www.enerjigazetesi.ist\/en\/wp-json\/wp\/v2\/comments?post=170841"}],"version-history":[{"count":1,"href":"https:\/\/www.enerjigazetesi.ist\/en\/wp-json\/wp\/v2\/posts\/170841\/revisions"}],"predecessor-version":[{"id":170842,"href":"https:\/\/www.enerjigazetesi.ist\/en\/wp-json\/wp\/v2\/posts\/170841\/revisions\/170842"}],"wp:featuredmedia":[{"embeddable":true,"href":"https:\/\/www.enerjigazetesi.ist\/en\/wp-json\/wp\/v2\/media\/170847"}],"wp:attachment":[{"href":"https:\/\/www.enerjigazetesi.ist\/en\/wp-json\/wp\/v2\/media?parent=170841"}],"wp:term":[{"taxonomy":"category","embeddable":true,"href":"https:\/\/www.enerjigazetesi.ist\/en\/wp-json\/wp\/v2\/categories?post=170841"},{"taxonomy":"post_tag","embeddable":true,"href":"https:\/\/www.enerjigazetesi.ist\/en\/wp-json\/wp\/v2\/tags?post=170841"}],"curies":[{"name":"wp","href":"https:\/\/api.w.org\/{rel}","templated":true}]}}