{"id":170797,"date":"2023-03-12T12:51:38","date_gmt":"2023-03-12T09:51:38","guid":{"rendered":"https:\/\/www.enerjigazetesi.ist\/?p=170797"},"modified":"2023-03-12T12:56:28","modified_gmt":"2023-03-12T09:56:28","slug":"ic-tesisat-sektoru-bursada-bir-araya-geldi","status":"publish","type":"post","link":"https:\/\/www.enerjigazetesi.ist\/en\/ic-tesisat-sektoru-bursada-bir-araya-geldi\/","title":{"rendered":"(Turkish) \u0130\u00e7 Tesisat Sekt\u00f6r\u00fc Bursa&#8217;da Bir Araya Geldi"},"content":{"rendered":"<p class=\"qtranxs-available-languages-message qtranxs-available-languages-message-en\">Sorry, this entry is only available in <a href=\"https:\/\/www.enerjigazetesi.ist\/tr\/wp-json\/wp\/v2\/posts\/170797\" class=\"qtranxs-available-language-link qtranxs-available-language-link-tr\" title=\"Turkish\">Turkish<\/a>. For the sake of viewer convenience, the content is shown below in the alternative language. You may click the link to switch the active language.<\/p><p><\/p>\n<h2>ODAKLI GRUP, DEMS\u0130AD ve \u0130MS\u0130AD i\u015fbirli\u011fi ile d\u00fczenlenen &#8220;2. Bursa \u0130\u00e7 Tesisat\u00a0 ve G\u00fcvenli Do\u011falgaz \u00c7al\u0131\u015ftay\u0131&#8221;, 08 Mart 2023 tarihinde \u201cMerinos Atat\u00fcrk Kongre K\u00fclt\u00fcr Merkezi\u2019nde ger\u00e7ekle\u015ftirildi. Programa Odakl\u0131 Grup Ba\u015fkan\u0131 \u00d6zay Sa\u011f\u0131r, DEMS\u0130AD Ba\u015fkan\u0131 Alptekin \u015eahint\u00fcrk, \u0130MS\u0130AD Ba\u015fkan\u0131 \u015eeref Demir, \u0130GDA\u015e Genel M\u00fcd\u00fcr Yard\u0131mc\u0131s\u0131 Murat Odaba\u015f\u0131, SOCAR T\u00fcrkiye Do\u011fal Gaz \u0130\u015f Birimi Ba\u015fkan Yard\u0131mc\u0131s\u0131 Din\u00e7er Akbaba ve do\u011fal gaz da\u011f\u0131t\u0131m \u015firketlerinin y\u00f6neticilerinin yan\u0131 s\u0131ra 164 sertifikal\u0131 tesisat firmas\u0131 kat\u0131ld\u0131.<\/h2>\n<p>Program\u0131n a\u00e7\u0131l\u0131\u015f\u0131nda konu\u015fan\u00a0 \u00a0DEMS\u0130AD Y\u00f6netim Kurulu Ba\u015fkan\u0131 Alptekin \u015eahint\u00fcrk, <em>\u201c\u00dclkemizde ya\u015fanan ve y\u00fcz y\u0131l\u0131n felaketi olarak nitelendirilen 50 bine yak\u0131n insan\u0131m\u0131z\u0131 kaybetti\u011fimiz, 11 ilinizi ve 35 milyon insan\u0131m\u0131z\u0131 do\u011frudan etkileyen deprem afetinde hayat\u0131n\u0131 kaybeden vatanda\u015flar\u0131m\u0131za Allahtan rahmet ailelerine ba\u015fsa\u011fl\u0131\u011f\u0131, yaral\u0131lar\u0131m\u0131za acil \u015fifalar dilerim. Bu \u00e7al\u0131\u015ftay\u0131n konusunun da ne kadar \u00f6nemli ve riskli bir konuyu kapsad\u0131\u011f\u0131n\u0131 bu felakette bir kez daha g\u00f6rm\u00fc\u015f ve ne yaz\u0131k ki ac\u0131 bir \u015fekilde tecr\u00fcbe etmi\u015f olduk\u201d<\/em> dedi.<\/p>\n<p style=\"text-align: center;\"><img loading=\"lazy\" class=\"aligncenter wp-image-170800\" src=\"https:\/\/www.enerjigazetesi.ist\/wp-content\/uploads\/2023\/03\/ic-tesisat-sektoru-bursada-bir-araya-geldi-2.jpg\" alt=\"\" width=\"500\" height=\"296\" srcset=\"https:\/\/www.enerjigazetesi.ist\/wp-content\/uploads\/2023\/03\/ic-tesisat-sektoru-bursada-bir-araya-geldi-2.jpg 550w, https:\/\/www.enerjigazetesi.ist\/wp-content\/uploads\/2023\/03\/ic-tesisat-sektoru-bursada-bir-araya-geldi-2-300x178.jpg 300w, https:\/\/www.enerjigazetesi.ist\/wp-content\/uploads\/2023\/03\/ic-tesisat-sektoru-bursada-bir-araya-geldi-2-500x296.jpg 500w, https:\/\/www.enerjigazetesi.ist\/wp-content\/uploads\/2023\/03\/ic-tesisat-sektoru-bursada-bir-araya-geldi-2-80x47.jpg 80w\" sizes=\"(max-width: 500px) 100vw, 500px\" \/><\/p>\n<p>Konu\u015fmas\u0131nda dernek \u00e7al\u0131\u015fmalar\u0131 hakk\u0131nda kat\u0131l\u0131mc\u0131lara bilgiler veren \u015eahint\u00fcrk,<em>&#8220;Derne\u011fimiz t\u00fcm kamu kurum kurulu\u015f, yerel y\u00f6netim, STK, payda\u015f ve sekt\u00f6r temsilcileri ile yak\u0131ndan temas ederek dernek \u00fcyelerimize ve sekt\u00f6re fayda yaratmaya ve \u00e7at\u0131 kurulu\u015fu olma g\u00f6revini art\u0131rarak yerine getirmeye devam etmektedir. Yak\u0131n zamanda sonu\u00e7lanan BTSO se\u00e7imlerinde \u00f6nemli bir ba\u015far\u0131 ile Bursa i\u015f d\u00fcnyas\u0131nda sekt\u00f6r\u00fcm\u00fcz\u00fc 5 firma ile 25. komite ba\u015fkanl\u0131\u011f\u0131, d\u00f6n\u00fc\u015f\u00fcml\u00fc meclis \u00fcyeli\u011fi ile temsil hakk\u0131 kazan\u0131lm\u0131\u015ft\u0131r\u201d<\/em> \u015feklinde konu\u015ftu.<\/p>\n<p>\u0130MS\u0130AD Y\u00f6netim Kurulu Ba\u015fkan\u0131 \u015eeref Demir ise <em>\u201c\u00dclkemizin ya\u015fad\u0131\u011f\u0131 elim deprem felaketinde hayat\u0131n\u0131 kaybedenlere Allah\u2019tan rahmet, yaralananlara \u015fifa diliyorum. Yard\u0131mla\u015fma ile depremin yaralar\u0131n\u0131 sarma hassasiyetinin s\u00fcrmesi gerekti\u011fine inan\u0131yoruz. Bug\u00fcn ger\u00e7ekle\u015ftirece\u011fimiz \u0130\u00e7 Tesisat ve G\u00fcvenli Do\u011falgaz \u00c7al\u0131\u015ftay\u0131\u2019n\u0131n, y\u0131llard\u0131r \u0130MS\u0130AD olarak \u00f6nemle vurgulad\u0131\u011f\u0131m\u0131z nitelikli yap\u0131la\u015fma fark\u0131ndal\u0131\u011f\u0131n\u0131n artt\u0131r\u0131lmas\u0131na katk\u0131 yapaca\u011f\u0131na inan\u0131yoruz. \u0130MS\u0130AD olarak Bursa ve \u00fclkemize en iyisini lay\u0131k g\u00f6rd\u00fc\u011f\u00fcm\u00fcz i\u00e7in, hem sismik izolat\u00f6r gibi deprem dayan\u0131m\u0131 y\u00fcksek yap\u0131la\u015fma, hem de, konutlardaki enerji sarfiyat\u0131n\u0131 d\u00fc\u015f\u00fcrebilen \u00e7evre dostu ye\u015fil binalar, g\u00fcne\u015f enerjisi, \u0131s\u0131 pompalar\u0131 gibi nitelikli yap\u0131la\u015fma \u00fczerine \u00e7al\u0131\u015fmalar yapt\u0131k, yapmaya da devam edece\u011fiz\u201d<\/em> dedi.<\/p>\n<p>\u0130NGAZ yat\u0131r\u0131mlar\u0131, \u00e7al\u0131\u015fmalar\u0131 hakk\u0131nda bilgiler veren \u0130NGAZ \u0130\u015fletme M\u00fcd\u00fcr\u00fc Yavuz Seneman, <em>\u201cb\u00f6lgem \u0130neg\u00f6l ve Yeni\u015fehir\u2019de \u0130NGAZ olarak 90 personelle \u015fu an i\u00e7in 116 bin aboneye hizmet vermekteyiz. Ayr\u0131ca b\u00f6lgemizde y\u0131ll\u0131k 350 milyon metrek\u00fcpl\u00fckte bir do\u011fal gaz ticareti d\u00f6nmektedir. Y\u0131ll\u0131k ortalama 7 bin yeni abone sistemimize d\u00e2hil olmaktad\u0131r. Ve 6 bin civar\u0131 ikinci s\u00f6zle\u015fmeden gaz a\u00e7\u0131m\u0131 ger\u00e7ekle\u015ftirilmektedir. Bu zamana kadar ger\u00e7ekle\u015ftirilen i\u00e7 tesisat bulu\u015fmalar\u0131 ve benzer di\u011fer organizasyonlar\u0131n ne kadar de\u011ferli oldu\u011funu ya\u015fad\u0131\u011f\u0131m\u0131z asr\u0131n felaketinde bir kez daha anlam\u0131\u015f olduk. Bu ba\u011flamda yeme-i\u00e7me, bar\u0131nma gibi kritik organizasyonlardaki \u00e7aba ne kadar kutsalsa,\u00a0 do\u011fal gaz sekt\u00f6r\u00fcndeki gayret o kadar kutsald\u0131r. Sekt\u00f6rdeki en \u00f6zellikli kurumlarda \u00e7al\u0131\u015fan en \u00fcst d\u00fczey y\u00f6neticilerden tutunda \u015fantiyelerde \u00e7al\u0131\u015fan kazma k\u00fcrek i\u015f\u00e7isine kadar sekt\u00f6r\u00fcn t\u00fcm \u00e7al\u0131\u015fanlar\u0131n\u0131n bu elim olaya hep birlikte m\u00fcdahale etme \u00e7abas\u0131n\u0131 g\u00f6rd\u00fck\u201d<\/em> \u015feklinde konu\u015ftu.<\/p>\n<p>A\u00e7\u0131l\u0131\u015fta konu\u015fan <strong>Socar T\u00fcrkiye Do\u011falgaz \u0130\u015f Birimi Ba\u015fkan Yard\u0131mc\u0131s\u0131 Din\u00e7er Akbaba<\/strong> ise, <em>&#8220;\u00dclkemizi yasa bo\u011fan deprem felaketinde hayat\u0131n\u0131 kaybedenlere Allah\u2019tan rahmet, yaral\u0131lara acil \u015fifalar diliyorum. T\u00fcrkiye, her a\u00e7\u0131dan \u00e7ok \u00f6nemli bir \u00fclke. K\u0131talar aras\u0131nda ekonomik, politik, k\u00fclt\u00fcrel, sosyal bir k\u00f6pr\u00fc; bir enerji koridoru. Biz de SOCAR T\u00fcrkiye olarak, t\u00fcm grup \u015firketlerimiz ile \u00fclkemizin kalk\u0131nmas\u0131 i\u00e7in \u00e7al\u0131\u015f\u0131yoruz. Bu ama\u00e7la, Bursagaz\u2019\u0131 devrald\u0131\u011f\u0131m\u0131z g\u00fcnden bu yana Bursa\u2019ya 600 milyon TL\u2019ye yak\u0131n yat\u0131r\u0131m ger\u00e7ekle\u015ftirdik. Bursa\u2019n\u0131n 11 il\u00e7esinde, 7.356 kilometrelik \u015febekemiz ile yakla\u015f\u0131k 1,1 milyon abonemize 2022 y\u0131l\u0131nda 2.3 milyar metrek\u00fcp do\u011fal gaz\u0131 g\u00fcvenle ula\u015ft\u0131rd\u0131k. EPDK taraf\u0131ndan 2021 y\u0131l\u0131 i\u00e7erisinde kabul alan \u201c3D Yazd\u0131rma Teknolojisi ile Do\u011fal Gaz \u015eebeke Ekipmanlar\u0131 \u00dcretiminin Ara\u015ft\u0131r\u0131lmas\u0131\u201d ile\u00a0 \u201cVana Menhol\u00fc Denetim Sistemi\u201d projelerimizin de Ar-Ge faaliyetlerini s\u00fcrd\u00fcr\u00fcyoruz. Bursagaz olarak g\u00fcvenli ve s\u00fcrekli do\u011fal gaz arz\u0131 sa\u011flaman\u0131n yan\u0131 s\u0131ra, s\u00fcrd\u00fcr\u00fclebilir bir gelece\u011fin olu\u015fturulmas\u0131 i\u00e7in \u00fczerimize d\u00fc\u015fen sorumluluklar\u0131 da yerine getirmeye gayret ediyoruz. S\u00fcrd\u00fcr\u00fclebilir kalk\u0131nmay\u0131 t\u00fcm y\u00f6nleriyle benimsiyor, i\u015f modelimizi bu do\u011frultuda \u015fekillendiriyoruz. Ekonomik ve \u00e7evresel performans\u0131m\u0131z\u0131n yan\u0131 s\u0131ra, sosyal performans\u0131m\u0131z\u0131 da g\u00fc\u00e7lendiriyoruz. \u00c7al\u0131\u015fanlar\u0131m\u0131z\u0131n katk\u0131lar\u0131yla topluma faydal\u0131 projeleri hayata ge\u00e7iriyoruz. SOCAR T\u00fcrkiye\u2019nin i\u015ftiraki olarak do\u011fru strateji ve yenilik\u00e7i yakla\u015f\u0131mla Bursa\u2019ya de\u011fer katmaya devam edece\u011fiz\u201d<\/em> dedi.<\/p>\n<p><em>A\u00e7\u0131l\u0131\u015f konu\u015fmalar\u0131n\u0131n ard\u0131ndan Piri Reis \u00dcniversitesi \u00d6\u011fretim \u00dcyesi Prof. Dr. Ziya S\u00f6\u011f\u00fct moderat\u00f6rl\u00fc\u011f\u00fcn de d\u00fczenlenen Yeni Teknolojiler ve \u0130novatif Uygulamalar oturumunda,\u00a0 SOCAR T\u00fcrkiye Do\u011falgaz \u0130\u015f Birimi Proje Y\u00f6netimi ve \u0130\u00e7 Tesisat Direkt\u00f6r\u00fc \u00d6zhun \u00d6zbirlik, Bursagaz\u2019\u0131n i\u00e7 tesisat uygulamalar\u0131, i\u00e7 tesisat ile ilgili \u00f6n\u00fcm\u00fczde ki d\u00f6nemde devreye al\u0131nacak geli\u015ftirilen projeler, Baymak Sat\u0131\u015f ve Pazarlama Direkt\u00f6r\u00fc P\u0131nar \u00d6zt\u00fcrk iklimlendirme sekt\u00f6r\u00fcnde ki geli\u015fmeler ve Baymak\u2019\u0131n faaliyetleri ile ilgili, Tekhnelogos \u00dcr\u00fcn ve M\u00fc\u015fteri \u0130li\u015fkileri Koordinat\u00f6r\u00fc \u0130smail Kayar, d\u00fcnden bug\u00fcne Tekhnelogos\u2019un sekt\u00f6rdeki yolculu\u011fu ve D\u0130POS hakk\u0131nda, GAZB\u0130R-GAZMER AR-GE ve Proje Uzman\u0131 \u0130clal G\u00fcney Arslan ise hidrojenli do\u011fal gaz sistemlerinin kullan\u0131m\u0131 <\/em>konusunda \u00e7ok detayl\u0131 bilgiler aktard\u0131lar.<\/p>\n<p>2. Bursa \u0130\u00e7 Tesisat ve G\u00fcvenli Do\u011falgaz \u00c7al\u0131\u015ftay\u0131\u2019n da \u00f6\u011fleden sonra iki oturum ger\u00e7ekle\u015ftirildi. \u00d6\u011fleden sonraki \u0130lk oturumda TES\u0130DER Y\u00f6netim Kurulu Ba\u015fkan\u0131 Y\u00fccel Yorulmaz moderat\u00f6rl\u00fc\u011f\u00fcn de \u0130\u00e7 Tesisat Sekt\u00f6r\u00fc ve Do\u011fal Afetler oturumu ger\u00e7ekle\u015ftirildi. <a href=\"https:\/\/www.turkiye.gov.tr\/sanayi-ve-teknoloji-bakanligi\">Sanayi ve Teknoloji Bakanl\u0131\u011f\u0131<\/a> Sanayi Genel M\u00fcd\u00fcrl\u00fc\u011f\u00fc Makine Daire Ba\u015fkanl\u0131\u011f\u0131\u2019ndan Abdullah Karahan, gaz yakan cihazlara dair mevcut y\u00f6netmelikleri ve bakanl\u0131k \u00e7al\u0131\u015fmalar\u0131na ili\u015fkin bilgiler payla\u015ft\u0131. Mekanik Proje Genel M\u00fcd\u00fcr\u00fc Hamit Mutlu ise mekanik tesisat sistemlerinde sismik \u00f6nlemler ve mekanik tesisat sistemlerin \u00e7al\u0131\u015fma sistemleri hakk\u0131nda bilgiler verdi. BACADER Y\u00f6netim Kurulu Ba\u015fkan Yard\u0131mc\u0131s\u0131 \u0130rfan Durak\u2019ta yapt\u0131\u011f\u0131 sunumda deprem sonras\u0131 az hasarl\u0131 ve orta hasarl\u0131 binalarda baca kontrol\u00fc ve \u00e7ad\u0131r konteyner vb yerle\u015fim yerlerinde \u0131s\u0131t\u0131c\u0131lar i\u00e7in g\u00fcvenli bacalar\u0131n nas\u0131l olmas\u0131 konusunda kat\u0131l\u0131mc\u0131lar\u0131 bilgilendirdi. Oturum son konu\u015fmac\u0131s\u0131 sertifikal\u0131 i\u00e7 tesisat firmas\u0131 sahibi \u00d6mer Faruk Ayd\u0131nl\u0131, do\u011fal gaz\u0131n kullan\u0131c\u0131lara ula\u015ft\u0131r\u0131lmas\u0131nda \u00f6nemli bir alan olan i\u00e7 tesisat sekt\u00f6r\u00fcnde sertifikal\u0131 olarak faaliyet g\u00f6steren i\u00e7 tesisat firmalar\u0131n\u0131n d\u00fcn\u00fc bug\u00fcn\u00fc ve yar\u0131n\u0131 ile tesisatlar\u0131n mevcut durumunu hakk\u0131nda kat\u0131l\u0131mc\u0131lar\u0131 bilgilendirdi.<\/p>\n<p>G\u00fcn\u00fcn son oturumunda MMO Bursa \u015eubesi SMM ve Tesisat Komisyonu Ba\u015fkan\u0131 Bilal \u00c7etinkaya\u2019n\u0131n moderat\u00f6rl\u00fc\u011f\u00fcn de Yasal D\u00fczenlemeler, Uygulamalar ve Sekt\u00f6r\u00fcn Gelece\u011fi oturumu ger\u00e7ekle\u015ftirildi. Enerji \u0130\u015fverenleri Sendikas\u0131 Ba\u015fkanvekili Dr. M\u00fch. Mustafa Uysal kat\u0131l\u0131mc\u0131lara <strong>yeni y\u00f6netmelikler \u0131\u015f\u0131\u011f\u0131n da ye\u015fil bina uygulamalar\u0131, ye\u015fil binalar\u0131n<\/strong> di\u011fer binalardan fark\u0131 ve avantajlar\u0131 konusunda kat\u0131l\u0131mc\u0131lara bilgiler verdi. Bursa Valili\u011fi Enerji Biriminden <strong>Ercan Ba\u015f<\/strong> ise Valilik enerji birimi \u00e7al\u0131\u015fmalar\u0131 ve <strong>EVeP16 Yaz\u0131l\u0131m\u0131<\/strong> hakk\u0131nda bilgiler verdi. Bursa Uluda\u011f \u00dcniversitesi Teknik Bilimler MYO Do\u011falgaz ve Tesisat\u0131 Program Ba\u015fkan\u0131 \u00d6\u011fr. G\u00f6r. S. Hakan G\u00fcl ise Y\u00fcksek\u00f6\u011fretimde <strong>do\u011falgaz teknikerli\u011fi e\u011fitimi program\u0131<\/strong> ve \u00f6zel sekt\u00f6r i\u015fbirli\u011fi \u00e7al\u0131\u015fmalar\u0131 ile kat\u0131l\u0131mc\u0131lar\u0131 bilgilendirdi. DEMS\u0130AD Y\u00f6netim Kurulu \u00dcyesi G\u00f6khan Yavuz ise dernek olarak ger\u00e7ekle\u015ftirdikleri faaliyetler ve hedeflerine ili\u015fikin a\u00e7\u0131klamalarda bulundu. Mesleki Yeterlilik Kurum\u2019undan Mesleki Yeterlilik Uzman\u0131 Mustafa \u00d6zgen taraf\u0131ndan <strong>\u201cUlusal Yeterlilik Sistemi ve Nitelikli \u0130\u015fg\u00fcc\u00fcn\u00fcn Belgelendirilmesi\u201d<\/strong> konulu sunum ile sekt\u00f6re ili\u015fkin d\u00fczenlemeler ve g\u00fcncel veriler payla\u015f\u0131ld\u0131.<\/p>\n<p><em>Program, panelist ve sponsor firmalara plaket t\u00f6reni ve tatil \u00e7ekili\u015fi ile son buldu.<\/em><\/p>","protected":false},"excerpt":{"rendered":"<p>Sorry, this entry is only available in Turkish. For the sake of viewer convenience, the content is shown below in the alternative language. You may click the link to switch the active language. ODAKLI GRUP, DEMS\u0130AD ve \u0130MS\u0130AD i\u015fbirli\u011fi ile d\u00fczenlenen &#8220;2. Bursa \u0130\u00e7 Tesisat\u00a0 ve G\u00fcvenli Do\u011falgaz \u00c7al\u0131\u015ftay\u0131&#8221;, 08 Mart 2023 tarihinde \u201cMerinos Atat\u00fcrk [&hellip;]<\/p>\n","protected":false},"author":1,"featured_media":170799,"comment_status":"open","ping_status":"open","sticky":false,"template":"","format":"standard","meta":[],"categories":[46,53],"tags":[23219,108212],"views":59,"_links":{"self":[{"href":"https:\/\/www.enerjigazetesi.ist\/en\/wp-json\/wp\/v2\/posts\/170797"}],"collection":[{"href":"https:\/\/www.enerjigazetesi.ist\/en\/wp-json\/wp\/v2\/posts"}],"about":[{"href":"https:\/\/www.enerjigazetesi.ist\/en\/wp-json\/wp\/v2\/types\/post"}],"author":[{"embeddable":true,"href":"https:\/\/www.enerjigazetesi.ist\/en\/wp-json\/wp\/v2\/users\/1"}],"replies":[{"embeddable":true,"href":"https:\/\/www.enerjigazetesi.ist\/en\/wp-json\/wp\/v2\/comments?post=170797"}],"version-history":[{"count":0,"href":"https:\/\/www.enerjigazetesi.ist\/en\/wp-json\/wp\/v2\/posts\/170797\/revisions"}],"wp:featuredmedia":[{"embeddable":true,"href":"https:\/\/www.enerjigazetesi.ist\/en\/wp-json\/wp\/v2\/media\/170799"}],"wp:attachment":[{"href":"https:\/\/www.enerjigazetesi.ist\/en\/wp-json\/wp\/v2\/media?parent=170797"}],"wp:term":[{"taxonomy":"category","embeddable":true,"href":"https:\/\/www.enerjigazetesi.ist\/en\/wp-json\/wp\/v2\/categories?post=170797"},{"taxonomy":"post_tag","embeddable":true,"href":"https:\/\/www.enerjigazetesi.ist\/en\/wp-json\/wp\/v2\/tags?post=170797"}],"curies":[{"name":"wp","href":"https:\/\/api.w.org\/{rel}","templated":true}]}}