{"id":170768,"date":"2023-03-10T15:02:44","date_gmt":"2023-03-10T12:02:44","guid":{"rendered":"https:\/\/www.enerjigazetesi.ist\/?p=170768"},"modified":"2023-03-10T15:02:44","modified_gmt":"2023-03-10T12:02:44","slug":"dogal-gaz-ticaret-merkezinin-yasal-altyapisinda-sona-yaklasildi","status":"publish","type":"post","link":"https:\/\/www.enerjigazetesi.ist\/en\/dogal-gaz-ticaret-merkezinin-yasal-altyapisinda-sona-yaklasildi\/","title":{"rendered":"(Turkish) Do\u011fal gaz Ticaret Merkezinin Yasal Altyap\u0131s\u0131nda Sona Yakla\u015f\u0131ld\u0131"},"content":{"rendered":"<p class=\"qtranxs-available-languages-message qtranxs-available-languages-message-en\">Sorry, this entry is only available in <a href=\"https:\/\/www.enerjigazetesi.ist\/tr\/wp-json\/wp\/v2\/posts\/170768\" class=\"qtranxs-available-language-link qtranxs-available-language-link-tr\" title=\"Turkish\">Turkish<\/a>. For the sake of viewer convenience, the content is shown below in the alternative language. You may click the link to switch the active language.<\/p><p><\/p>\n<h2>Enerji ve Tabii Kaynaklar Bakan\u0131\u00a0Fatih\u00a0D\u00f6nmez, kurulmas\u0131 planlanan do\u011fal gaz ticaret merkezine ili\u015fkin yasal altyap\u0131ya y\u00f6nelik \u00e7al\u0131\u015fmalar\u0131n s\u00fcrd\u00fc\u011f\u00fcn\u00fc belirterek, &#8220;Bir iki kanunda de\u011fi\u015fiklik ihtiyac\u0131 var. O da \u00f6n\u00fcm\u00fczdeki g\u00fcnlerde Meclis g\u00fcndemine gelecek.&#8221; dedi.<\/h2>\n<p>Bakan D\u00f6nmez, <strong>Cumhurba\u015fkanl\u0131\u011f\u0131 K\u00fclliyesi<\/strong>&#8216;nde ger\u00e7ekle\u015ftirilen <strong>Kabine Toplant\u0131s\u0131 sonras\u0131<\/strong> gazetecilerin sorular\u0131n\u0131 yan\u0131tlad\u0131.<\/p>\n<p><strong><img loading=\"lazy\" class=\"alignright wp-image-170770\" src=\"https:\/\/www.enerjigazetesi.ist\/wp-content\/uploads\/2023\/03\/dogal-gaz-ticaret-merkezinin-yasal-altyapisinda-sona-yaklasildi.jpg\" alt=\"\" width=\"320\" height=\"211\" srcset=\"https:\/\/www.enerjigazetesi.ist\/wp-content\/uploads\/2023\/03\/dogal-gaz-ticaret-merkezinin-yasal-altyapisinda-sona-yaklasildi.jpg 550w, https:\/\/www.enerjigazetesi.ist\/wp-content\/uploads\/2023\/03\/dogal-gaz-ticaret-merkezinin-yasal-altyapisinda-sona-yaklasildi-300x197.jpg 300w, https:\/\/www.enerjigazetesi.ist\/wp-content\/uploads\/2023\/03\/dogal-gaz-ticaret-merkezinin-yasal-altyapisinda-sona-yaklasildi-500x329.jpg 500w, https:\/\/www.enerjigazetesi.ist\/wp-content\/uploads\/2023\/03\/dogal-gaz-ticaret-merkezinin-yasal-altyapisinda-sona-yaklasildi-76x50.jpg 76w\" sizes=\"(max-width: 320px) 100vw, 320px\" \/>Do\u011fal gaz ticaret merkezinde<\/strong> son duruma ili\u015fkin bir soru \u00fczerine\u00a0D\u00f6nmez, <em>&#8220;\u00c7al\u0131\u015fmalar s\u00fcr\u00fcyor. Hedefimiz bir y\u0131l i\u00e7erisinde oray\u0131 tam i\u015fler hale getirmek.&#8221;<\/em> dedi.<\/p>\n<p>Son d\u00f6nemde depreme odaklan\u0131ld\u0131\u011f\u0131na i\u015faret eden\u00a0D\u00f6nmez, &#8220;Ayr\u0131ca bir iki kanunda de\u011fi\u015fiklik ihtiyac\u0131 var. O da \u00f6n\u00fcm\u00fczdeki g\u00fcnlerde Meclis g\u00fcndemine gelecek. Ondan sonra da yasal altyap\u0131 b\u00fcy\u00fck oranda tamamlanm\u0131\u015f olacak.&#8221; ifadelerini kulland\u0131.<\/p>\n<p>Bakan\u00a0D\u00f6nmez, Karadeniz gaz\u0131n\u0131n devreye al\u0131naca\u011f\u0131 tarihe ili\u015fkin &#8220;\u00c7ok de\u011fil, bir miktar gecikme olabilir.&#8221; de\u011ferlendirmesinde bulundu.<\/p>\n<p>\u00c7al\u0131\u015fanlar\u0131n bir k\u0131sm\u0131n\u0131n deprem b\u00f6lgesinden geldi\u011fine ve aileleriyle ilgilenmeleri gerekti\u011fine dikkati \u00e7eken\u00a0D\u00f6nmez, <em>&#8220;Bir k\u0131sm\u0131 geri d\u00f6nmeye ba\u015flad\u0131. Bu biraz etkileyecek ama b\u00f6lgeye gidece\u011fim, de\u011ferlendirece\u011fiz. Muhtemelen nisana kal\u0131r gibi g\u00f6r\u00fcn\u00fcyor.&#8221;<\/em> diye konu\u015ftu.<\/p>","protected":false},"excerpt":{"rendered":"<p>Sorry, this entry is only available in Turkish. For the sake of viewer convenience, the content is shown below in the alternative language. You may click the link to switch the active language. Enerji ve Tabii Kaynaklar Bakan\u0131\u00a0Fatih\u00a0D\u00f6nmez, kurulmas\u0131 planlanan do\u011fal gaz ticaret merkezine ili\u015fkin yasal altyap\u0131ya y\u00f6nelik \u00e7al\u0131\u015fmalar\u0131n s\u00fcrd\u00fc\u011f\u00fcn\u00fc belirterek, &#8220;Bir iki kanunda de\u011fi\u015fiklik [&hellip;]<\/p>\n","protected":false},"author":1,"featured_media":170770,"comment_status":"open","ping_status":"open","sticky":false,"template":"","format":"standard","meta":[],"categories":[46,53],"tags":[31755,23219,108205],"views":36,"_links":{"self":[{"href":"https:\/\/www.enerjigazetesi.ist\/en\/wp-json\/wp\/v2\/posts\/170768"}],"collection":[{"href":"https:\/\/www.enerjigazetesi.ist\/en\/wp-json\/wp\/v2\/posts"}],"about":[{"href":"https:\/\/www.enerjigazetesi.ist\/en\/wp-json\/wp\/v2\/types\/post"}],"author":[{"embeddable":true,"href":"https:\/\/www.enerjigazetesi.ist\/en\/wp-json\/wp\/v2\/users\/1"}],"replies":[{"embeddable":true,"href":"https:\/\/www.enerjigazetesi.ist\/en\/wp-json\/wp\/v2\/comments?post=170768"}],"version-history":[{"count":0,"href":"https:\/\/www.enerjigazetesi.ist\/en\/wp-json\/wp\/v2\/posts\/170768\/revisions"}],"wp:featuredmedia":[{"embeddable":true,"href":"https:\/\/www.enerjigazetesi.ist\/en\/wp-json\/wp\/v2\/media\/170770"}],"wp:attachment":[{"href":"https:\/\/www.enerjigazetesi.ist\/en\/wp-json\/wp\/v2\/media?parent=170768"}],"wp:term":[{"taxonomy":"category","embeddable":true,"href":"https:\/\/www.enerjigazetesi.ist\/en\/wp-json\/wp\/v2\/categories?post=170768"},{"taxonomy":"post_tag","embeddable":true,"href":"https:\/\/www.enerjigazetesi.ist\/en\/wp-json\/wp\/v2\/tags?post=170768"}],"curies":[{"name":"wp","href":"https:\/\/api.w.org\/{rel}","templated":true}]}}