{"id":170694,"date":"2023-03-10T09:51:42","date_gmt":"2023-03-10T06:51:42","guid":{"rendered":"https:\/\/www.enerjigazetesi.ist\/?p=170694"},"modified":"2023-03-10T09:56:17","modified_gmt":"2023-03-10T06:56:17","slug":"elder-basin-aciklamasi","status":"publish","type":"post","link":"https:\/\/www.enerjigazetesi.ist\/en\/elder-basin-aciklamasi\/","title":{"rendered":"(Turkish) Elder Bas\u0131n A\u00e7\u0131klamas\u0131"},"content":{"rendered":"<p class=\"qtranxs-available-languages-message qtranxs-available-languages-message-en\">Sorry, this entry is only available in <a href=\"https:\/\/www.enerjigazetesi.ist\/tr\/wp-json\/wp\/v2\/posts\/170694\" class=\"qtranxs-available-language-link qtranxs-available-language-link-tr\" title=\"Turkish\">Turkish<\/a>. For the sake of viewer convenience, the content is shown below in the alternative language. You may click the link to switch the active language.<\/p><p><\/p>\n<h2 style=\"margin: 0cm; margin-bottom: .0001pt; text-align: justify;\"><strong><u><span style=\"color: #1c2b28;\">DEPREM B\u00d6LGES\u0130NDEK\u0130 \u00c7ADIRLARDAK\u0130 SAYA\u00c7LAR, ELEKTR\u0130K \u015eEBEKES\u0130N\u0130N TAK\u0130B\u0130 VE \u0130\u015eLETMES\u0130 AMA\u00c7LI OLUP FATURALANDIRMA S\u00d6Z KONUSU DE\u011e\u0130LD\u0130R<\/span><\/u><\/strong><\/h2>\n<p style=\"margin: 0cm; margin-bottom: .0001pt; text-align: justify;\"><span style=\"color: #1c2b28;\">\u00a0<\/span><\/p>\n<p style=\"margin: 0cm; margin-bottom: .0001pt; text-align: justify;\">Baz\u0131 gazete ve internet sitelerinde \u201cKahramanmara\u015f&#8217;ta depremzedelerin kald\u0131\u011f\u0131 \u00e7ad\u0131ra <strong>&#8216;elektrik sayac\u0131&#8217;<\/strong> tak\u0131ld\u0131\u011f\u0131 ve <strong>saya\u00e7 tak\u0131lmayan \u00e7ad\u0131rlara elektrik yok iddias\u0131<\/strong>\u201d ba\u015fl\u0131\u011f\u0131 ile yer alan haberlerde yan\u0131lt\u0131c\u0131 bilgiler yer ald\u0131\u011f\u0131ndan <strong>21 da\u011f\u0131t\u0131m \u015firketinin<\/strong> \u00e7at\u0131 kurulu\u015fu Elder olarak a\u00e7\u0131klama yapma gere\u011fi do\u011fmu\u015ftur.<\/p>\n<p style=\"margin: 0cm; margin-bottom: .0001pt; text-align: justify;\"><span style=\"color: #1c2b28;\">\u00a0<\/span><\/p>\n<p style=\"margin: 0cm; margin-bottom: .0001pt; text-align: justify;\"><img loading=\"lazy\" class=\"alignright wp-image-170696\" src=\"https:\/\/www.enerjigazetesi.ist\/wp-content\/uploads\/2023\/03\/elder-basin-aciklamasi.jpg\" alt=\"\" width=\"320\" height=\"226\" srcset=\"https:\/\/www.enerjigazetesi.ist\/wp-content\/uploads\/2023\/03\/elder-basin-aciklamasi.jpg 550w, https:\/\/www.enerjigazetesi.ist\/wp-content\/uploads\/2023\/03\/elder-basin-aciklamasi-300x212.jpg 300w, https:\/\/www.enerjigazetesi.ist\/wp-content\/uploads\/2023\/03\/elder-basin-aciklamasi-500x354.jpg 500w, https:\/\/www.enerjigazetesi.ist\/wp-content\/uploads\/2023\/03\/elder-basin-aciklamasi-71x50.jpg 71w\" sizes=\"(max-width: 320px) 100vw, 320px\" \/>6 \u015eubat tarihine meydana gelen depremler sonras\u0131nda elektrik da\u011f\u0131t\u0131m \u015firketlerimiz hem sahada hem de arama kurtarma \u00e7al\u0131\u015fmalar\u0131nda afetzedelerimizin yan\u0131nda yer alarak, a\u011f\u0131r hasar alan b\u00f6lgenin yeniden aya\u011fa kalkmas\u0131 i\u00e7in yo\u011fun \u00e7al\u0131\u015fma g\u00f6stermi\u015ftir. Bu s\u0131rada her an ula\u015f\u0131l\u0131r olmak, olas\u0131 sorunlara an\u0131nda m\u00fcdahale edebilmek i\u00e7in <strong>elektrik da\u011f\u0131t\u0131m \u015firketlerimiz<\/strong> AFAD kriz merkezlerinde <strong>24 saat y\u00f6netici<\/strong> bulundurmaktad\u0131r.<\/p>\n<p style=\"margin: 0cm; margin-bottom: .0001pt; text-align: justify;\"><span style=\"color: #1c2b28;\">\u00a0<\/span><\/p>\n<p style=\"margin: 0cm; margin-bottom: .0001pt; text-align: justify;\">Kriz merkezlerinin alm\u0131\u015f oldu\u011fu kararlar do\u011frultusunda depremzedeler i\u00e7in AFAD, kamu kurum ve kurulu\u015flar, STK ve vatanda\u015flar\u0131m\u0131z taraf\u0131ndan kurulan <strong>\u00e7ad\u0131r kent<\/strong> ve <strong>konteyner kent<\/strong> gibi ge\u00e7ici bar\u0131nma alanlar\u0131 i\u00e7in <strong>elektrik enerjisi talepleri da\u011f\u0131t\u0131m \u015firketleri<\/strong> <strong>taraf\u0131ndan kar\u015f\u0131lanarak elektrik verilmektedir.<\/strong><\/p>\n<p style=\"margin: 0cm; margin-bottom: .0001pt; text-align: justify;\"><span style=\"color: #1c2b28;\">\u00a0<\/span><\/p>\n<p style=\"margin: 0cm; margin-bottom: .0001pt; text-align: justify;\">Bu noktada \u00f6nemle belirtmek isteriz ki, haberlere konu edilen <strong>\u00e7ad\u0131r<\/strong> ve <strong>konteynerlere<\/strong> <strong>tak\u0131lan saya\u00e7lardan \u00f6l\u00e7\u00fclen elektrik t\u00fcketimi<\/strong> tamamen elektrik \u015febekesinin takibi ve i\u015fletilmesi amac\u0131na y\u00f6nelik olup depremzedelere y\u00f6nelik herhangi bir<strong> faturaland\u0131rma yap\u0131lmas\u0131 hi\u00e7bir \u015fekilde s\u00f6z konusu de\u011fildir.<\/strong><\/p>\n<p style=\"margin: 0cm; margin-bottom: .0001pt; text-align: justify;\"><span style=\"color: #1c2b28;\">\u00a0<\/span><\/p>\n<p style=\"margin: 0cm; margin-bottom: .0001pt; text-align: justify;\"><span style=\"color: #1c2b28;\">Durumu bilgilerinize sunar\u0131z.<\/span><\/p>\n<p style=\"margin: 0cm; margin-bottom: .0001pt; text-align: justify;\"><span style=\"color: #1c2b28;\">\u00a0<\/span><\/p>\n<p style=\"margin: 0cm; margin-bottom: .0001pt; text-align: justify;\"><strong><span style=\"color: #1c2b28;\">Elektrik Da\u011f\u0131t\u0131m Hizmetleri Derne\u011fi (Elder)<\/span><\/strong><\/p>\n<p><\/p>","protected":false},"excerpt":{"rendered":"<p>Sorry, this entry is only available in Turkish. For the sake of viewer convenience, the content is shown below in the alternative language. You may click the link to switch the active language. DEPREM B\u00d6LGES\u0130NDEK\u0130 \u00c7ADIRLARDAK\u0130 SAYA\u00c7LAR, ELEKTR\u0130K \u015eEBEKES\u0130N\u0130N TAK\u0130B\u0130 VE \u0130\u015eLETMES\u0130 AMA\u00c7LI OLUP FATURALANDIRMA S\u00d6Z KONUSU DE\u011e\u0130LD\u0130R \u00a0 Baz\u0131 gazete ve internet sitelerinde \u201cKahramanmara\u015f&#8217;ta [&hellip;]<\/p>\n","protected":false},"author":1,"featured_media":170696,"comment_status":"open","ping_status":"open","sticky":false,"template":"","format":"standard","meta":[],"categories":[51,53],"tags":[],"views":29,"_links":{"self":[{"href":"https:\/\/www.enerjigazetesi.ist\/en\/wp-json\/wp\/v2\/posts\/170694"}],"collection":[{"href":"https:\/\/www.enerjigazetesi.ist\/en\/wp-json\/wp\/v2\/posts"}],"about":[{"href":"https:\/\/www.enerjigazetesi.ist\/en\/wp-json\/wp\/v2\/types\/post"}],"author":[{"embeddable":true,"href":"https:\/\/www.enerjigazetesi.ist\/en\/wp-json\/wp\/v2\/users\/1"}],"replies":[{"embeddable":true,"href":"https:\/\/www.enerjigazetesi.ist\/en\/wp-json\/wp\/v2\/comments?post=170694"}],"version-history":[{"count":0,"href":"https:\/\/www.enerjigazetesi.ist\/en\/wp-json\/wp\/v2\/posts\/170694\/revisions"}],"wp:featuredmedia":[{"embeddable":true,"href":"https:\/\/www.enerjigazetesi.ist\/en\/wp-json\/wp\/v2\/media\/170696"}],"wp:attachment":[{"href":"https:\/\/www.enerjigazetesi.ist\/en\/wp-json\/wp\/v2\/media?parent=170694"}],"wp:term":[{"taxonomy":"category","embeddable":true,"href":"https:\/\/www.enerjigazetesi.ist\/en\/wp-json\/wp\/v2\/categories?post=170694"},{"taxonomy":"post_tag","embeddable":true,"href":"https:\/\/www.enerjigazetesi.ist\/en\/wp-json\/wp\/v2\/tags?post=170694"}],"curies":[{"name":"wp","href":"https:\/\/api.w.org\/{rel}","templated":true}]}}