{"id":170674,"date":"2023-03-09T13:26:54","date_gmt":"2023-03-09T10:26:54","guid":{"rendered":"https:\/\/www.enerjigazetesi.ist\/?p=170674"},"modified":"2023-03-09T13:51:43","modified_gmt":"2023-03-09T10:51:43","slug":"solar3gw-turkiyenin-ilk-tarim-gunes-enerji-santralleri-raporunu-acikladi","status":"publish","type":"post","link":"https:\/\/www.enerjigazetesi.ist\/en\/solar3gw-turkiyenin-ilk-tarim-gunes-enerji-santralleri-raporunu-acikladi\/","title":{"rendered":"(Turkish) &#8217;Solar3GW&#8217;den T\u00fcrkiye\u2019nin \u0130lk Tar\u0131m-G\u00fcne\u015f Enerji Santralleri Raporu"},"content":{"rendered":"<p class=\"qtranxs-available-languages-message qtranxs-available-languages-message-en\">Sorry, this entry is only available in <a href=\"https:\/\/www.enerjigazetesi.ist\/tr\/wp-json\/wp\/v2\/posts\/170674\" class=\"qtranxs-available-language-link qtranxs-available-language-link-tr\" title=\"Turkish\">Turkish<\/a>. For the sake of viewer convenience, the content is shown below in the alternative language. You may click the link to switch the active language.<\/p><p><\/p>\n<h2>T\u00fcrkiye\u2019de her y\u0131l \u2018g\u00fcne\u015fte 3 GW kurulu g\u00fc\u00e7\u2019 misyonuyla yola \u00e7\u0131kan d\u00fc\u015f\u00fcnce kurulu\u015fu Solar3GW, \u2018T\u00fcrkiye G\u00fcne\u015f Enerjisi Sekt\u00f6r\u00fc: Tar\u0131mGES\u2019 raporunu yay\u0131nlad\u0131.<\/h2>\n<p><em>Solar3GW Y\u00f6netim Kurulu Ba\u015fkan\u0131<\/em><strong> Yusuf Bahad\u0131r Turhan<\/strong> ve y\u00f6netim kurulu \u00fcyelerinin ev sahipli\u011finde, <strong>\u0130stanbul\u2019da<\/strong> d\u00fczenlenen toplant\u0131da tan\u0131t\u0131lan raporda,<strong> Tar\u0131m-G\u00fcne\u015f Enerji Santralleri<\/strong> ile enerjide d\u0131\u015fa ba\u011f\u0131ml\u0131l\u0131\u011f\u0131 ve iklim de\u011fi\u015fikli\u011finin tar\u0131ma etkisini nas\u0131l azaltaca\u011f\u0131 inceleniyor.<\/p>\n<p>Raporda, d\u00fcnyadaki pek \u00e7ok \u00fclke gibi T\u00fcrkiye\u2019nin de pandeminin etkisiyle daha derin hissedilen ekonomik krizle m\u00fccadele ederken, di\u011fer yandan enerji arz krizinden de etkilendi\u011fi belirtiliyor. Enerjide<img loading=\"lazy\" class=\"alignright wp-image-170682\" src=\"https:\/\/www.enerjigazetesi.ist\/wp-content\/uploads\/2023\/03\/solar3gw-turkiyenin-ilk-tarim-gunes-enerji-santralleri-raporunu-acikladi-2.jpg\" alt=\"\" width=\"320\" height=\"217\" srcset=\"https:\/\/www.enerjigazetesi.ist\/wp-content\/uploads\/2023\/03\/solar3gw-turkiyenin-ilk-tarim-gunes-enerji-santralleri-raporunu-acikladi-2.jpg 550w, https:\/\/www.enerjigazetesi.ist\/wp-content\/uploads\/2023\/03\/solar3gw-turkiyenin-ilk-tarim-gunes-enerji-santralleri-raporunu-acikladi-2-300x203.jpg 300w, https:\/\/www.enerjigazetesi.ist\/wp-content\/uploads\/2023\/03\/solar3gw-turkiyenin-ilk-tarim-gunes-enerji-santralleri-raporunu-acikladi-2-500x339.jpg 500w, https:\/\/www.enerjigazetesi.ist\/wp-content\/uploads\/2023\/03\/solar3gw-turkiyenin-ilk-tarim-gunes-enerji-santralleri-raporunu-acikladi-2-74x50.jpg 74w\" sizes=\"(max-width: 320px) 100vw, 320px\" \/> d\u0131\u015fa ba\u011f\u0131ml\u0131l\u0131k ve ekonomik krizle ba\u015f etmenin en ak\u0131lc\u0131 yolunun<strong> \u2018\u00f6z kaynaklarla en fazla \u00fcretimi yapmak\u2019<\/strong> oldu\u011fu i\u015faret edilirken, T\u00fcrkiye\u2019nin buna imkan veren <strong>Tar\u0131mGes<\/strong>\u2019ten faydalanmas\u0131 gerekti\u011fi vurgulan\u0131yor.<\/p>\n<h3><strong>TARIMGES\u2019LE \u00dc\u00c7L\u00dc KAZAN\u00c7<\/strong><\/h3>\n<p><em>Solar3GW Y\u00f6netim Kurulu Ba\u015fkan\u0131<\/em> <strong>Yusuf Bahad\u0131r Turhan<\/strong> a\u00e7\u0131l\u0131\u015f konu\u015fmas\u0131nda, <strong>11 ili etkileyen deprem felaketi<\/strong> nedeniyle ya\u015fad\u0131klar\u0131 \u00fcz\u00fcnt\u00fcy\u00fc dile getirdi. Depremin ard\u0131ndan sekt\u00f6r\u00fcn b\u00f6lgeye yard\u0131m i\u00e7in seferber oldu\u011funu hem malzeme hem de kurulum ve onar\u0131m i\u00e7in ekip g\u00f6nderdi\u011fini s\u00f6yleyen Turhan, s\u00f6zlerini \u015f\u00f6yle s\u00fcrd\u00fcrd\u00fc: <em>\u201cEn az\u0131ndan ileti\u015fim cihazlar\u0131n\u0131n \u015farj edilmesi, gece basit led ayd\u0131nlatmalar i\u00e7in mikro d\u00fczenekler kuruldu. \u00c7ok ac\u0131 bir olay ya\u015fad\u0131k, ya\u015f\u0131yoruz ama bu bize elektrik \u00fcretiminde yenilenebilir enerji kaynaklar\u0131n\u0131n \u00f6zellikle g\u00fcne\u015fin \u015febeke arz g\u00fcvenli\u011fi a\u00e7\u0131s\u0131ndan ne kadar \u00f6nemli oldu\u011funu bir kez daha g\u00f6sterdi. Biz bug\u00fcne kadar g\u00fcne\u015f enerjisinin da\u011f\u0131t\u0131k \u00fcretime imkan vermesini verimlilik a\u00e7\u0131s\u0131ndan ele al\u0131yorduk ama <strong>deprem, afet sonras\u0131nda<\/strong> enerjiye ula\u015f\u0131m a\u00e7\u0131s\u0131ndan da <strong>da\u011f\u0131t\u0131k \u00fcretimin<\/strong> <strong>ne kadar \u00f6nemli oldu\u011funu<\/strong> ortaya koydu. K\u00fc\u00e7\u00fck alanlarda t\u00fcketicinin kendi enerjisini \u00fcretmesi, olas\u0131 sorunlara \u00e7ok h\u0131zl\u0131 \u00e7\u00f6z\u00fcm bulunmas\u0131n\u0131 sa\u011fl\u0131yor. Bunun i\u00e7in<strong> MikroGES\u2019ler, K\u00f6yGES\u2019ler<\/strong> kurulmas\u0131n\u0131 \u00f6neriyoruz.\u201d<\/em><\/p>\n<p>Turhan ard\u0131ndan rapor hakk\u0131nda bilgi verdi. Tar\u0131mGES raporunda, tar\u0131m alanlar\u0131 \u00fczerinde kurulacak g\u00fcne\u015f enerjisi santralleriyle ayn\u0131 alanda hem <strong>elektrik<\/strong> hem de <strong>tar\u0131m \u00fcretimi yap\u0131labilece\u011fini<\/strong> vurgulayan Turhan, <em>\u201cTar\u0131mGES projeleri azalan kaynaklar\u0131n y\u00f6netimine yenilik\u00e7i bir \u00e7\u00f6z\u00fcm sunan bir uygulama. Tarlalara kurulacak yeni g\u00fcne\u015f enerjisi santralleri sayesinde, sertle\u015fen iklim ko\u015fullar\u0131na kar\u015f\u0131 mahs\u00fcller korunacak ve y\u00fcksek verimli \u00fcr\u00fcn elde edilebilecek ayn\u0131 zamanda elektrik gibi y\u00fcksek bir maliyet girdisi optimize edilebilecek. Hatta elektrik \u00fcretiminin, t\u00fcketimden arta kalan k\u0131sm\u0131 \u015febekeye sat\u0131larak <strong>\u00fc\u00e7\u00fcnc\u00fc bir gelir kayna\u011f\u0131<\/strong> elde edilebilir\u201d<\/em> dedi.<\/p>\n<p>Turhan, d\u00fcnyada ve T\u00fcrkiye\u2019de ya\u015fanan kurakl\u0131\u011fa, giderek daralan kullan\u0131labilir arazilere kar\u015f\u0131 da Tar\u0131mGES\u2019lerin kullanabilece\u011fini ifade ederek \u015funlar\u0131 s\u00f6yledi: <em>\u201c\u00dclkelerin ekonomik politikalar\u0131na g\u00f6re farkl\u0131 \u015fekilde uygulama olana\u011f\u0131 sa\u011flayabilecek <strong>Tar\u0131mGES<\/strong>\u2019ler <strong>iklim de\u011fi\u015fikli\u011fine kar\u015f\u0131 m\u00fccadele<\/strong> ederken \u00f6nemli bir ara\u00e7 olacak. \u00d6nemli olan \u00fclkenin ihtiya\u00e7lar\u0131 do\u011frultusunda bu arac\u0131 en do\u011fru \u015fekilde, uzun vadeli ak\u0131lc\u0131 planlama ile kullanabilmesi.\u201d<\/em><\/p>\n<h3><strong>TARIM ALANLARINDAN 11 GW ELEKTR\u0130K<\/strong><\/h3>\n<p>Raporda, T\u00fcrkiye\u2019nin toplam 234 bin kilometrekare tar\u0131m alan\u0131na sahip oldu\u011fu vurgulan\u0131yor. Bu alanlar\u0131n binde 1\u2019ine bug\u00fcn\u00fcn teknolojisiyle <strong>g\u00fcne\u015f panelleri kuruldu\u011funda<\/strong> toplamda <strong>11 GW<\/strong>\u2019nin \u00fczerinde g\u00fc\u00e7 elde etmek m\u00fcmk\u00fcn olacak. Turhan, <em>\u201cSolar3GW\u2019nin de slogan\u0131 olan \u2018her y\u0131l en az 3 GW g\u00fcne\u015f g\u00fcc\u00fc\u2019n\u00fcn, araziye kurulacak k\u0131sm\u0131 olan <strong>1.350 MW<\/strong>\u2019\u0131n <strong>Tar\u0131mGES uygulamas\u0131<\/strong> \u015feklinde kurulmas\u0131, her y\u0131l tar\u0131m alanlar\u0131m\u0131z\u0131n sadece <strong>10 binde 1\u2019ine<\/strong> kurulum ger\u00e7ekle\u015ftirmemiz anlam\u0131na gelir. Bu yolla temiz ve ucuz elektrik \u00fcretirken, gittik\u00e7e artan ekstrem hava ko\u015fullar\u0131na kar\u015f\u0131 ilgili tar\u0131m \u00fcr\u00fcn\u00fcne ek bir koruma sa\u011flan\u0131p, tar\u0131msal verim art\u0131r\u0131l\u0131r\u201d<\/em> dedi.<\/p>\n<h3><strong>ELEKTR\u0130K \u00dcRET\u0130RKEN TOPRA\u011eIN VER\u0130M\u0130 ARTACAK<\/strong><\/h3>\n<p>G\u00fcne\u015f enerjisi ile tar\u0131m arazilerinin e\u015f zamanl\u0131 kullan\u0131m\u0131na y\u00f6nelik entegre bir sistem olan Tar\u0131mGES\u2019ler, t\u00fcm tar\u0131m alanlar\u0131nda, \u00e7ay\u0131rlar, otlaklar, seralar, hatta bal\u0131k \u00e7iftliklerinde kurulabiliyor. Kenya gibi yoksul Afrika \u00fclkelerinden \u0130sve\u00e7 gibi, g\u00fcne\u015fin en az g\u00f6r\u00fcnd\u00fc\u011f\u00fc topraklara kadar d\u00fcnyan\u0131n her k\u00f6\u015fesinde <strong>Tar\u0131mGES projeleri<\/strong> uygulan\u0131yor. <strong>2012\u2019de<\/strong> t\u00fcm d\u00fcnyada <strong>5 MW<\/strong> olan Tar\u0131mGES kurulu g\u00fcc\u00fc, 2022\u2019de<strong> 14 GW<\/strong>\u2019\u0131 ge\u00e7ti. D\u00fcnyada bu konuda ba\u015f\u0131 \u00e7eken \u00fclke Japonya\u2019da bug\u00fcne kadar 3 binden fazla uygulama yap\u0131ld\u0131.<\/p>\n<p>Yap\u0131lan <strong>AR-GE \u00e7al\u0131\u015fmalar\u0131nda<\/strong> se\u00e7ilen \u00f6rnek co\u011frafyada g\u00fcne\u015f santrali kurulan tarlalarda ac\u0131 biber \u00fcretiminin \u00fc\u00e7e katland\u0131\u011f\u0131 ortaya konuluyor. <strong>\u00c7eri domates \u00fcretiminde<\/strong> ise su kullan\u0131m\u0131n\u0131n <strong>y\u00fczde 65 azald\u0131\u011f\u0131<\/strong> ve toplam \u00fcretimin <strong>ikiye katland\u0131\u011f\u0131<\/strong> g\u00f6zlendi. Di\u011fer yandan Tar\u0131mGES uygulamalar\u0131nda iki g\u00fcnde bir yap\u0131lan sulamalarda topra\u011f\u0131n nemi <strong>y\u00fczde 15<\/strong> oran\u0131nda, her g\u00fcn yap\u0131lan sulamalarda <strong>y\u00fczde 5<\/strong> daha fazla korunuyor.<\/p>\n<p>Raporda, Tar\u0131mGES projelerinin maliyet olarak k\u00fc\u00e7\u00fck \u00f6l\u00e7ekli <strong>GES \u00e7at\u0131 projelerine<\/strong> g\u00f6re daha avantajl\u0131 oldu\u011funa dikkat \u00e7ekiliyor. \u00c7ift\u00e7inin tarlas\u0131nda \u00fcretece\u011fi elektri\u011fin fazlas\u0131n\u0131 satarak \u00f6zt\u00fcketim harcamalar\u0131n\u0131 b\u00fcy\u00fck \u00f6l\u00e7\u00fcde d\u00fc\u015f\u00fcrece\u011fi vurgulan\u0131yor. Proje sadece enerjide de\u011fil tar\u0131mda da d\u0131\u015fa ba\u011f\u0131ml\u0131l\u0131\u011f\u0131n \u00f6n\u00fcne ge\u00e7ebilecek. <strong>Tar\u0131mGES<\/strong>\u2019ler yerinde <strong>\u00fcretim-t\u00fcketim konusunda<\/strong> enerji d\u00f6n\u00fc\u015f\u00fcm\u00fcne uygun \u00e7\u00f6z\u00fcm sunuyor. \u00d6ncelikle elektrik \u00fcretimini, t\u00fcketimin oldu\u011fu alana yakla\u015ft\u0131r\u0131larak artan \u015febeke verimi sa\u011fl\u0131yor, i\u015fletme maliyetlerini a\u015fa\u011f\u0131ya \u00e7ekiyor. Bu arada tar\u0131m i\u00e7in gereken sulama pompas\u0131, ayd\u0131nlatma, \u0131s\u0131tma vb. faaliyetlerde gerekli olan enerji en ucuz \u015fekilde yerinde \u00fcretilebiliyor.<\/p>\n<h3><strong>MEVZUATTA DE\u011e\u0130\u015e\u0130KL\u0130K GEREK\u0130YOR<\/strong><\/h3>\n<p>Raporda, T\u00fcrkiye\u2019de Tar\u0131mGES\u2019ler \u00f6n\u00fcndeki en \u00f6nemli zorlu\u011fun yasal mevzuatta iki ama\u00e7l\u0131 alan kullan\u0131m\u0131n\u0131n yer almamas\u0131 oldu\u011fu vurgulan\u0131yor. <strong>Tar\u0131mGES uygulamalar\u0131<\/strong>n\u0131n tar\u0131m alanlar\u0131n\u0131n b\u00fct\u00fcnl\u00fc\u011f\u00fcn\u00fc bozmamakla birlikte, ayn\u0131 alan\u0131 daha verimli kullanmay\u0131 ama\u00e7layan ve \u00e7ift\u00e7inin ekonomisine katk\u0131 sa\u011flayan uygulamalar oldu\u011funun alt\u0131 \u00e7izilerek, <em>\u201cBu konuda yap\u0131lacak olan uygulamalarda at\u0131l, \u00fcretim yap\u0131lmayan tar\u0131m arazilerinden yararlan\u0131labilece\u011fi gibi, \u00fcretim yap\u0131lan araziler i\u00e7in ise toprak sahiplerinin inisiyatifinde olacak \u015fekilde<strong> Tar\u0131mGES projeleri<\/strong> geli\u015ftirilebilir\u201d<\/em> tespiti yap\u0131l\u0131yor.<\/p>\n<p><strong>Hibrit santraller<\/strong> gibi <strong>Tar\u0131mGES projelerinin de<\/strong> tan\u0131m ve<strong> kota<\/strong> olarak mevzuatta yer almas\u0131, T\u00fcrkiye\u2019nin enerji ba\u011f\u0131ms\u0131zl\u0131\u011f\u0131 konusunda bir kanal\u0131 daha kullan\u0131labilir hale getirece\u011fi ve tar\u0131m ekonomisine fayda sa\u011flayaca\u011f\u0131na dikkat \u00e7ekiliyor.<\/p>\n<h3><strong>TE\u015eV\u0130K G\u00dcNDEME GET\u0130R\u0130LMEL\u0130<\/strong><\/h3>\n<p>\u00c7al\u0131\u015fmada, T\u00fcrkiye\u2019de Tar\u0131mGES\u2019lerin \u00f6n\u00fcn\u00fcn a\u00e7\u0131lmas\u0131 i\u00e7in acil olarak mevzuatta d\u00fczenlenme gerekti\u011fi belirtiliyor. Tar\u0131mGES kurulacak alanlarda acil kamula\u015ft\u0131rma yap\u0131labilmesi ve kapasite tan\u0131mlanmas\u0131 \u00f6ncelikli ba\u015fl\u0131klar aras\u0131nda yer al\u0131yor. Ayn\u0131 zamanda Marmara b\u00f6lgesi gibi arazi s\u0131k\u0131nt\u0131s\u0131 olan b\u00f6lgelerde k\u00fc\u00e7\u00fck \u00f6l\u00e7ekli tesisler i\u00e7in <strong>destek tarifesi olu\u015fturabilece\u011fi<\/strong>, b\u00fcy\u00fck \u00f6l\u00e7ekli <strong>Tar\u0131mGES<\/strong>\u2019ler i\u00e7in ise <strong>YEKA benzeri ihale y\u00f6ntemleri<\/strong> uygulanabilece\u011fi \u00f6neriliyor. <strong>Tar\u0131mGES<\/strong>\u2019ler i\u00e7in kapsaml\u0131 <strong>AR-GE programlar\u0131 geli\u015ftirilmesi<\/strong> ve <strong>\u00e7ift\u00e7ilerin bilin\u00e7lendirilmesi<\/strong> tavsiye ediliyor.<\/p>\n<p>Toplant\u0131da, <em>Solar3GW Genel Sekreteri<\/em> <strong>\u00d6zge \u00d6zeke<\/strong>\u2019nin rapor sunumunun ard\u0131ndan panel d\u00fczenlendi. <em>Solar3GW Y\u00f6netim Kurulu \u00fcyesi<\/em> <strong>Gonca D\u00fclge Bedelo\u011flu<\/strong> moderat\u00f6rl\u00fc\u011f\u00fcn\u00fc \u00fcstlendi\u011fi panelin konu\u015fmac\u0131lar\u0131 Solar3GW Y\u00f6netim Kurulu Ba\u015fkan\u0131 Yusuf Bahad\u0131r Turhan ve ODT\u00dc-G\u00dcNAM (G\u00fcne\u015f Enerjsi Ara\u015ft\u0131rma ve Uygulama Merkezi) Ba\u015fkan Yard\u0131mc\u0131s\u0131 Do\u00e7. Dr. Sel\u00e7uk Yerci T\u00fcrkiye\u2019de Tar\u0131mGES\u2019i tart\u0131\u015ft\u0131.<\/p>\n<p>Raporun tamam\u0131na ula\u015fmak i\u00e7in: <a href=\"https:\/\/www.solar3gw.org\/raporlar\/\" target=\"_blank\" rel=\"noopener\" data-saferedirecturl=\"https:\/\/www.google.com\/url?q=https:\/\/www.solar3gw.org\/raporlar\/&amp;source=gmail&amp;ust=1678445355144000&amp;usg=AOvVaw0FRbThZKswvIONYZimwbGx\">https:\/\/www.<wbr><\/wbr>solar3gw.org\/raporlar\/<\/a>\u00a0adresini ziyaret edebilirsiniz.<\/p>","protected":false},"excerpt":{"rendered":"<p>Sorry, this entry is only available in Turkish. For the sake of viewer convenience, the content is shown below in the alternative language. You may click the link to switch the active language. T\u00fcrkiye\u2019de her y\u0131l \u2018g\u00fcne\u015fte 3 GW kurulu g\u00fc\u00e7\u2019 misyonuyla yola \u00e7\u0131kan d\u00fc\u015f\u00fcnce kurulu\u015fu Solar3GW, \u2018T\u00fcrkiye G\u00fcne\u015f Enerjisi Sekt\u00f6r\u00fc: Tar\u0131mGES\u2019 raporunu yay\u0131nlad\u0131. Solar3GW [&hellip;]<\/p>\n","protected":false},"author":1,"featured_media":170681,"comment_status":"open","ping_status":"open","sticky":false,"template":"","format":"standard","meta":[],"categories":[53,49],"tags":[108173,108170,108169,91738,108167,108168,108172,108171,108174,6854,47065],"views":73,"_links":{"self":[{"href":"https:\/\/www.enerjigazetesi.ist\/en\/wp-json\/wp\/v2\/posts\/170674"}],"collection":[{"href":"https:\/\/www.enerjigazetesi.ist\/en\/wp-json\/wp\/v2\/posts"}],"about":[{"href":"https:\/\/www.enerjigazetesi.ist\/en\/wp-json\/wp\/v2\/types\/post"}],"author":[{"embeddable":true,"href":"https:\/\/www.enerjigazetesi.ist\/en\/wp-json\/wp\/v2\/users\/1"}],"replies":[{"embeddable":true,"href":"https:\/\/www.enerjigazetesi.ist\/en\/wp-json\/wp\/v2\/comments?post=170674"}],"version-history":[{"count":0,"href":"https:\/\/www.enerjigazetesi.ist\/en\/wp-json\/wp\/v2\/posts\/170674\/revisions"}],"wp:featuredmedia":[{"embeddable":true,"href":"https:\/\/www.enerjigazetesi.ist\/en\/wp-json\/wp\/v2\/media\/170681"}],"wp:attachment":[{"href":"https:\/\/www.enerjigazetesi.ist\/en\/wp-json\/wp\/v2\/media?parent=170674"}],"wp:term":[{"taxonomy":"category","embeddable":true,"href":"https:\/\/www.enerjigazetesi.ist\/en\/wp-json\/wp\/v2\/categories?post=170674"},{"taxonomy":"post_tag","embeddable":true,"href":"https:\/\/www.enerjigazetesi.ist\/en\/wp-json\/wp\/v2\/tags?post=170674"}],"curies":[{"name":"wp","href":"https:\/\/api.w.org\/{rel}","templated":true}]}}