{"id":170615,"date":"2023-03-09T09:26:38","date_gmt":"2023-03-09T06:26:38","guid":{"rendered":"https:\/\/www.enerjigazetesi.ist\/?p=170615"},"modified":"2023-03-09T09:27:14","modified_gmt":"2023-03-09T06:27:14","slug":"igdas-altin-bilezik-egitim-programi-basladi","status":"publish","type":"post","link":"https:\/\/www.enerjigazetesi.ist\/en\/igdas-altin-bilezik-egitim-programi-basladi\/","title":{"rendered":"(Turkish) &#8221;\u0130GDA\u015e Alt\u0131n Bilezik E\u011fitim Program\u0131&#8221; Ba\u015flad\u0131"},"content":{"rendered":"<p class=\"qtranxs-available-languages-message qtranxs-available-languages-message-en\">Sorry, this entry is only available in <a href=\"https:\/\/www.enerjigazetesi.ist\/tr\/wp-json\/wp\/v2\/posts\/170615\" class=\"qtranxs-available-language-link qtranxs-available-language-link-tr\" title=\"Turkish\">Turkish<\/a>. For the sake of viewer convenience, the content is shown below in the alternative language. You may click the link to switch the active language.<\/p><p><\/p>\n<h2>\u201c\u0130GDA\u015e Genel M\u00fcd\u00fcr\u00fc <strong>Dr. Mithat B\u00fclent \u00d6zmen<\/strong>, <strong><em>\u201cOkul-istihdam i\u015fbirli\u011fi alan\u0131nda \u00f6rnek te\u015fkil edebilecek bir program haz\u0131rlad\u0131k. S\u00fcrd\u00fcrd\u00fc\u011f\u00fcm\u00fcz <\/em><\/strong><em>\u2018Alt\u0131n Bilezik E\u011fitim Program\u0131\u2019<strong> sonunda, ba\u015far\u0131l\u0131 \u00f6\u011frencileri \u0130GDA\u015e\u2019ta <\/strong>\u2018i\u015f ba\u015f\u0131\u2019<strong> i\u00e7in bekliyor olaca\u011f\u0131z. \u00c7ekirdekten yeti\u015fecek bu gen\u00e7ler, b\u00f6ylelikle okul bitince i\u015f g\u00fcvencesine kavu\u015furken; biz de \u0130stanbul i\u00e7in \u0130GDA\u015e\u2019ta daha emin bir gelecek haz\u0131rlayabilece\u011fiz\u201d <\/strong><\/em>diye konu\u015ftu.<\/h2>\n<p>\u0130GDA\u015e Genel M\u00fcd\u00fcr\u00fc <strong>Dr. Mithat B\u00fclent \u00d6zmen, <\/strong>6 Mart 2023 tarihinde \u0130stanbul\u2019da <strong>6 Mesleki ve Teknik Anadolu Lisesi <\/strong>i\u00e7in ba\u015flatt\u0131klar\u0131 <strong>\u201c\u0130GDA\u015e Alt\u0131n Bilezik E\u011fitim Program\u0131\u201d<\/strong>n\u0131n ayr\u0131nt\u0131lar\u0131n\u0131, yaz\u0131l\u0131 bir a\u00e7\u0131klama ile kamuoyuna payla\u015ft\u0131.<\/p>\n<p><img loading=\"lazy\" class=\"alignright wp-image-170618\" src=\"https:\/\/www.enerjigazetesi.ist\/wp-content\/uploads\/2023\/03\/igdas-altin-bilezik-egitim-programi-basladi.jpg\" alt=\"\" width=\"320\" height=\"214\" srcset=\"https:\/\/www.enerjigazetesi.ist\/wp-content\/uploads\/2023\/03\/igdas-altin-bilezik-egitim-programi-basladi.jpg 550w, https:\/\/www.enerjigazetesi.ist\/wp-content\/uploads\/2023\/03\/igdas-altin-bilezik-egitim-programi-basladi-300x200.jpg 300w, https:\/\/www.enerjigazetesi.ist\/wp-content\/uploads\/2023\/03\/igdas-altin-bilezik-egitim-programi-basladi-500x334.jpg 500w, https:\/\/www.enerjigazetesi.ist\/wp-content\/uploads\/2023\/03\/igdas-altin-bilezik-egitim-programi-basladi-75x50.jpg 75w, https:\/\/www.enerjigazetesi.ist\/wp-content\/uploads\/2023\/03\/igdas-altin-bilezik-egitim-programi-basladi-450x300.jpg 450w\" sizes=\"(max-width: 320px) 100vw, 320px\" \/>Genel M\u00fcd\u00fcr Dr. \u00d6zmen a\u00e7\u0131klamas\u0131nda, sekt\u00f6r\u00fcn nitelikli teknik personel ihtiyac\u0131n\u0131n kar\u015f\u0131lanmas\u0131 i\u00e7in bir s\u00fcredir \u00e7e\u015fitli projeler geli\u015ftirdiklerini belirtti.<\/p>\n<p>Mesleki ve teknik liselerle de bu ba\u011flamda \u00e7al\u0131\u015fmalar\u0131n\u0131n <strong>\u201ce\u011fitim-istihdam\u201d <\/strong>i\u015fbirli\u011fi alan\u0131nda \u00f6rnek te\u015fkil edebilecek bir d\u00fczeye ilerledi\u011fini belirten Dr. \u00d6zmen, a\u00e7\u0131klamas\u0131na <span style=\"text-decoration: underline;\">\u015f\u00f6yle devam etti:<\/span><\/p>\n<p><strong><em>&#8220;Ge\u00e7ti\u011fimiz y\u0131l May\u0131s ay\u0131nda \u0130stanbul\u2019da 16 Mesleki ve Teknik Anadolu Lisesi \u00f6\u011frencilerine uygulamal\u0131 teknik e\u011fitimi kapsayan <\/em><\/strong><em>\u201c\u0130GDA\u015e E\u011fitim G\u00fcnleri\u201d<strong> projemizi, bir ad\u0131m daha ileriye ta\u015f\u0131d\u0131k. \u00a0<\/strong><\/em><\/p>\n<p><em>\u2018\u0130GDA\u015e Alt\u0131n Bilezik E\u011fitim Program\u0131\u2019<strong> ad\u0131n\u0131 verdi\u011fimiz yeni projemizle, bu kez biz okullara giderek; \u00f6\u011frencilere kendi s\u0131ralar\u0131nda e\u011fitim veriyoruz. Program\u0131n ikinci a\u015famas\u0131nda ise uygulamal\u0131 e\u011fitimler ba\u015flayacak. Bu e\u011fitimler ise yak\u0131n zamanda hayata ge\u00e7irdi\u011fimiz \u0130GDA\u015e \u00dcnalan Uygulamal\u0131 E\u011fitim Merkezimizde ger\u00e7ekle\u015ftirilecek. <\/strong><\/em><\/p>\n<p><strong><em>B\u00f6ylece deneyimli m\u00fchendis ve teknisyenlerimizden, yani usta \u00f6\u011freticilerimizden olu\u015fan 32 ki\u015filik e\u011fitmen kadromuz, kritik <\/em><\/strong><em>\u2018saha\u2019<strong> bilgilerini \u00f6\u011frencilerimize yine sahada aktarabilecekler.&#8221;<\/strong><\/em><\/p>\n<h3><strong>\u201cGen\u00e7 istihdama katk\u0131 sunaca\u011f\u0131z\u201d<\/strong><\/h3>\n<p>Program kapsam\u0131nda e\u011fitim alan \u00f6\u011frencilerin daha sonra \u0130GDA\u015e\u2019ta staj program\u0131na al\u0131nacaklar\u0131n\u0131 ifade eden Dr. \u00d6zmen, a\u00e7\u0131klamas\u0131na <span style=\"text-decoration: underline;\">\u015f\u00f6yle devam etti:<\/span><\/p>\n<p><strong><em>\u0130GDA\u015e Alt\u0131n Bilezik E\u011fitim Program\u0131m\u0131z\u0131n iki temel amac\u0131 var. \u00d6ncelikle do\u011fal gaz sekt\u00f6r\u00fcne teknik kapasitesi ve donan\u0131m\u0131 y\u00fcksek kalifiye insan g\u00fcc\u00fc kazand\u0131rmak istiyoruz. Bunu da \u0130GDA\u015e\u2019\u0131n uzmanl\u0131\u011f\u0131 ve teknik akl\u0131yla peki\u015ftirerek yapmay\u0131 \u00f6nemsiyoruz. Bir di\u011fer amac\u0131m\u0131z ise gen\u00e7 istihdama katk\u0131 sunmak. Ama bundan da \u00f6te t\u00fcm sekt\u00f6rlere bu y\u00f6nde \u00f6rnek olabilecek bir modeli hayata ge\u00e7irmek. <\/em><\/strong><\/p>\n<h3><strong>\u201c5 y\u0131ll\u0131k protokoller \u00fczerinden projemizin ufkunu gelece\u011fe ta\u015f\u0131d\u0131k\u201d<\/strong><\/h3>\n<p><strong><em>\u00a0\u201cPrograma dahil olan 6 okulumuzla yapt\u0131\u011f\u0131m\u0131z 5 y\u0131ll\u0131k protokollerle de projeyi resmile\u015ftirdik ve b\u00f6ylece ufkumuzu \u015fimdiden gelece\u011fe ta\u015f\u0131d\u0131k\u201d <\/em><\/strong>diyen Dr. \u00d6zmen, e\u011fitimin programa kat\u0131lan okullardaki \u00a0<strong>\u201cTesisat Teknolojisi ve \u0130klimlendirme\u201d <\/strong>alan\u0131n\u0131n, <strong>\u201cTesisat ve Enerji Sistemleri\u201d <\/strong>dal\u0131n\u0131 se\u00e7mi\u015f 10. 11. ve 12. s\u0131n\u0131flara devam eden \u00f6\u011frencilere y\u00f6nelik oldu\u011funu kaydetti.<\/p>\n<p>12. s\u0131n\u0131f \u00f6\u011frencilerinin s\u00f6mestr sonunda staj program\u0131na al\u0131naca\u011f\u0131n\u0131 ve yaz sonunda program\u0131n ba\u015far\u0131l\u0131 ilk mezunlar\u0131n\u0131n, <strong><em>\u2018i\u015f ba\u015f\u0131\u2019<\/em><\/strong> yapabileceklerini ifade eden Dr. \u00d6zmen\u2019in verdi\u011fi bilgiye g\u00f6re, Alt\u0131n Bilezik E\u011fitim Program\u0131\u2019na <span style=\"text-decoration: underline;\">dahil olan okullar \u015f\u00f6yle:<\/span><\/p>\n<p><strong>1- Ba\u011fc\u0131lar Mesleki ve Teknik Anadolu Lisesi, <\/strong><\/p>\n<p><strong>2- Avc\u0131lar Mesleki ve Teknik Anadolu Lisesi, <\/strong><\/p>\n<p><strong>3- \u00dcmraniye Mesleki ve Teknik Anadolu Lisesi,<\/strong><\/p>\n<p><strong>4- Pendik Borsa Mesleki ve Teknik Anadolu Lisesi,<\/strong><\/p>\n<p><strong>5- Zincirlikuyu \u0130SOV Mesleki ve Teknik Anadolu Lisesi,<\/strong><\/p>\n<p><strong>6- Sultanbeyli Sultan Alparslan Mesleki ve Teknik Anadolu Lisesi<\/strong><\/p>","protected":false},"excerpt":{"rendered":"<p>Sorry, this entry is only available in Turkish. For the sake of viewer convenience, the content is shown below in the alternative language. You may click the link to switch the active language. \u201c\u0130GDA\u015e Genel M\u00fcd\u00fcr\u00fc Dr. Mithat B\u00fclent \u00d6zmen, \u201cOkul-istihdam i\u015fbirli\u011fi alan\u0131nda \u00f6rnek te\u015fkil edebilecek bir program haz\u0131rlad\u0131k. S\u00fcrd\u00fcrd\u00fc\u011f\u00fcm\u00fcz \u2018Alt\u0131n Bilezik E\u011fitim Program\u0131\u2019 sonunda, [&hellip;]<\/p>\n","protected":false},"author":1,"featured_media":170619,"comment_status":"open","ping_status":"open","sticky":false,"template":"","format":"standard","meta":[],"categories":[46,53],"tags":[108151,23219,1690],"views":44,"_links":{"self":[{"href":"https:\/\/www.enerjigazetesi.ist\/en\/wp-json\/wp\/v2\/posts\/170615"}],"collection":[{"href":"https:\/\/www.enerjigazetesi.ist\/en\/wp-json\/wp\/v2\/posts"}],"about":[{"href":"https:\/\/www.enerjigazetesi.ist\/en\/wp-json\/wp\/v2\/types\/post"}],"author":[{"embeddable":true,"href":"https:\/\/www.enerjigazetesi.ist\/en\/wp-json\/wp\/v2\/users\/1"}],"replies":[{"embeddable":true,"href":"https:\/\/www.enerjigazetesi.ist\/en\/wp-json\/wp\/v2\/comments?post=170615"}],"version-history":[{"count":0,"href":"https:\/\/www.enerjigazetesi.ist\/en\/wp-json\/wp\/v2\/posts\/170615\/revisions"}],"wp:featuredmedia":[{"embeddable":true,"href":"https:\/\/www.enerjigazetesi.ist\/en\/wp-json\/wp\/v2\/media\/170619"}],"wp:attachment":[{"href":"https:\/\/www.enerjigazetesi.ist\/en\/wp-json\/wp\/v2\/media?parent=170615"}],"wp:term":[{"taxonomy":"category","embeddable":true,"href":"https:\/\/www.enerjigazetesi.ist\/en\/wp-json\/wp\/v2\/categories?post=170615"},{"taxonomy":"post_tag","embeddable":true,"href":"https:\/\/www.enerjigazetesi.ist\/en\/wp-json\/wp\/v2\/tags?post=170615"}],"curies":[{"name":"wp","href":"https:\/\/api.w.org\/{rel}","templated":true}]}}