{"id":170564,"date":"2023-03-08T13:15:40","date_gmt":"2023-03-08T10:15:40","guid":{"rendered":"https:\/\/www.enerjigazetesi.ist\/?p=170564"},"modified":"2023-03-08T13:22:10","modified_gmt":"2023-03-08T10:22:10","slug":"italya-da-iveco-nun-elektrikli-otobusu-e-way-tercih-edildi","status":"publish","type":"post","link":"https:\/\/www.enerjigazetesi.ist\/en\/italya-da-iveco-nun-elektrikli-otobusu-e-way-tercih-edildi\/","title":{"rendered":"(Turkish) &#8217;\u0130talya\u2019da IVECO\u2019nun Elektrikli Otob\u00fcs\u00fc E-Way Tercih Edildi"},"content":{"rendered":"<p class=\"qtranxs-available-languages-message qtranxs-available-languages-message-en\">Sorry, this entry is only available in <a href=\"https:\/\/www.enerjigazetesi.ist\/tr\/wp-json\/wp\/v2\/posts\/170564\" class=\"qtranxs-available-language-link qtranxs-available-language-link-tr\" title=\"Turkish\">Turkish<\/a>. For the sake of viewer convenience, the content is shown below in the alternative language. You may click the link to switch the active language.<\/p><p><\/p>\n<h2><strong>IVECO\u2019nun yeni elektrikli otob\u00fcs\u00fc E-WAY, \u0130talya\u2019n\u0131n en b\u00fcy\u00fck yerel toplu ta\u015f\u0131ma firmas\u0131 Autoguidovie Group\u2019un a\u00e7t\u0131\u011f\u0131 ihaleyi kazand\u0131. Avrupa\u2019n\u0131n lider otob\u00fcs ve tur otob\u00fcs\u00fc \u00fcreticileri aras\u0131nda yer alan IVECO BUS, \u00f6zel kentsel ve banliy\u00f6 toplu ta\u015f\u0131mac\u0131l\u0131\u011f\u0131 yapan Autoguidovie Group\u2019un tercihi oldu. \u0130ki grup aras\u0131nda yap\u0131lan anla\u015fma kapsam\u0131nda yer alan 120 adet E- WAY \u015fehir i\u00e7i otob\u00fcs\u00fc, 2023 y\u0131l\u0131n\u0131n ikinci yar\u0131s\u0131nda teslim edilecek.<\/strong><\/h2>\n<p>IVECO, Autoguidovie Group ile yapt\u0131\u011f\u0131 anla\u015fma gere\u011fi, \u00fc\u00e7 y\u0131l boyunca \u0130talya\u2019n\u0131n en b\u00fcy\u00fck yerel toplu ta\u015f\u0131ma firmas\u0131 i\u00e7in 120 adet al\u00e7ak zeminli plug-in E-WAY \u00fcretecek. <strong>IVECO E-WAY<\/strong> elektrikli otob\u00fcsler, Autoguidovie Grubu\u2019nun hizmet verdi\u011fi <strong>46 milyon otob\u00fcs-km<\/strong>&#8216;lik bir alanda kullan\u0131l\u0131yor olacak.<img loading=\"lazy\" class=\"alignright wp-image-170568\" src=\"https:\/\/www.enerjigazetesi.ist\/wp-content\/uploads\/2023\/03\/italyada-iveco-nun-elektrikli-otobusu-e-way-tercih-edildi.jpg\" alt=\"\" width=\"320\" height=\"226\" srcset=\"https:\/\/www.enerjigazetesi.ist\/wp-content\/uploads\/2023\/03\/italyada-iveco-nun-elektrikli-otobusu-e-way-tercih-edildi.jpg 550w, https:\/\/www.enerjigazetesi.ist\/wp-content\/uploads\/2023\/03\/italyada-iveco-nun-elektrikli-otobusu-e-way-tercih-edildi-300x212.jpg 300w, https:\/\/www.enerjigazetesi.ist\/wp-content\/uploads\/2023\/03\/italyada-iveco-nun-elektrikli-otobusu-e-way-tercih-edildi-500x354.jpg 500w, https:\/\/www.enerjigazetesi.ist\/wp-content\/uploads\/2023\/03\/italyada-iveco-nun-elektrikli-otobusu-e-way-tercih-edildi-71x50.jpg 71w\" sizes=\"(max-width: 320px) 100vw, 320px\" \/><\/p>\n<p>Autoguidovie Genel M\u00fcd\u00fcr\u00fc<strong> Stefano Rossi<\/strong>, IVECO ile yap\u0131lan anla\u015fma sonras\u0131 yapt\u0131\u011f\u0131 a\u00e7\u0131klamada, \u0130talya&#8217;daki en modern ve ekolojik filolardan birine sahip olacaklar\u0131n\u0131 belirtti. \u0130talya\u2019daki toplu ta\u015f\u0131ma alan\u0131ndaki en b\u00fcy\u00fck gruplardan biri olan <strong>Autoguidovie<\/strong>, yakla\u015f\u0131k<strong> 65 milyon avroluk<\/strong> bu anla\u015fmayla, \u0130talyan halk\u0131na hizmet edecek.<\/p>\n<p>Faaliyetlerini m\u00fc\u015fteri odakl\u0131 bir anlay\u0131\u015fla s\u00fcrd\u00fcrd\u00fcklerini ifade eden Rossi, elektrikli ara\u00e7lar arac\u0131l\u0131\u011f\u0131 ile s\u0131f\u0131r emisyonlu ta\u015f\u0131mac\u0131l\u0131k ger\u00e7ekle\u015ftireceklerini belirtti. Elektrikli ara\u00e7lar\u0131n \u00e7evre ve insan sa\u011fl\u0131\u011f\u0131 bak\u0131m\u0131ndan ne kadar \u00f6nemli oldu\u011funu belirten Rossi, bu konuda insanlar\u0131n daha fazla te\u015fvik edilmesi gerekti\u011fini dile getirdi. \u00c7evreci bir i\u015f birli\u011fine \u00f6nc\u00fcl\u00fck etmekten memnuniyet duyan Rossi, tam elektrikli \u015fehir i\u00e7i otob\u00fcslerle, ula\u015f\u0131m operat\u00f6rlerini, s\u00fcr\u00fcc\u00fcleri, yolcular\u0131, yani toplumun her kesimini, s\u00fcrd\u00fcr\u00fclebilir bir hayata ta\u015f\u0131d\u0131klar\u0131n\u0131 s\u00f6yledi.<\/p>\n<p>A\u011f\u0131r, orta ve hafif ticari ara\u00e7lar \u00fcretici s\u0131n\u0131f\u0131nda Avrupa lider firmalardan biri olan IVECO\u2019nun yeni elektrikli otob\u00fcsleri, <strong>2023 y\u0131l\u0131n\u0131n ikinci yar\u0131s\u0131ndan itibaren<\/strong> \u0130talyanlar i\u00e7in hizmet vermeye ba\u015flayacak.<\/p>\n<p><strong>IVECO Otob\u00fcsleri Sat\u0131\u015f ve \u00dcr\u00fcnler M\u00fcd\u00fcr\u00fc<\/strong> <strong>St\u00e9phane Espinasse<\/strong> sat\u0131\u015fa dair duygular\u0131n\u0131 \u015f\u00f6yle ifade etti.<\/p>\n<p><em>&#8220;E-WAY otob\u00fcslerimizle \u00fclkedeki toplu ta\u015f\u0131ma ara\u00e7lar\u0131n\u0131n karbondan ar\u0131nd\u0131r\u0131lmas\u0131na katk\u0131da bulunaca\u011f\u0131m\u0131z i\u00e7in olduk\u00e7a heyecanl\u0131y\u0131z. E-WAY, sorunsuz, sessiz ve titre\u015fimsiz s\u00fcr\u00fc\u015f \u00f6zellikleriyle hem s\u00fcr\u00fcc\u00fclere hem de yolculara son derece konforlu bir deneyim sunacak. <strong>IVECO BUS<\/strong>&#8216;un geli\u015ftirip \u00fcretti\u011fi E-WAY elektrikli ara\u00e7lar enerji kapasiteleriyle g\u00fcn boyu yolcu ta\u015f\u0131yacak g\u00fcce sahip ara\u00e7lard\u0131r.&#8221;<\/em><\/p>","protected":false},"excerpt":{"rendered":"<p>Sorry, this entry is only available in Turkish. For the sake of viewer convenience, the content is shown below in the alternative language. You may click the link to switch the active language. IVECO\u2019nun yeni elektrikli otob\u00fcs\u00fc E-WAY, \u0130talya\u2019n\u0131n en b\u00fcy\u00fck yerel toplu ta\u015f\u0131ma firmas\u0131 Autoguidovie Group\u2019un a\u00e7t\u0131\u011f\u0131 ihaleyi kazand\u0131. Avrupa\u2019n\u0131n lider otob\u00fcs ve tur [&hellip;]<\/p>\n","protected":false},"author":1,"featured_media":170568,"comment_status":"open","ping_status":"open","sticky":false,"template":"","format":"standard","meta":[],"categories":[51,53],"tags":[108135,108137,108134,13859,107022,108138,108136],"views":45,"_links":{"self":[{"href":"https:\/\/www.enerjigazetesi.ist\/en\/wp-json\/wp\/v2\/posts\/170564"}],"collection":[{"href":"https:\/\/www.enerjigazetesi.ist\/en\/wp-json\/wp\/v2\/posts"}],"about":[{"href":"https:\/\/www.enerjigazetesi.ist\/en\/wp-json\/wp\/v2\/types\/post"}],"author":[{"embeddable":true,"href":"https:\/\/www.enerjigazetesi.ist\/en\/wp-json\/wp\/v2\/users\/1"}],"replies":[{"embeddable":true,"href":"https:\/\/www.enerjigazetesi.ist\/en\/wp-json\/wp\/v2\/comments?post=170564"}],"version-history":[{"count":1,"href":"https:\/\/www.enerjigazetesi.ist\/en\/wp-json\/wp\/v2\/posts\/170564\/revisions"}],"predecessor-version":[{"id":170565,"href":"https:\/\/www.enerjigazetesi.ist\/en\/wp-json\/wp\/v2\/posts\/170564\/revisions\/170565"}],"wp:featuredmedia":[{"embeddable":true,"href":"https:\/\/www.enerjigazetesi.ist\/en\/wp-json\/wp\/v2\/media\/170568"}],"wp:attachment":[{"href":"https:\/\/www.enerjigazetesi.ist\/en\/wp-json\/wp\/v2\/media?parent=170564"}],"wp:term":[{"taxonomy":"category","embeddable":true,"href":"https:\/\/www.enerjigazetesi.ist\/en\/wp-json\/wp\/v2\/categories?post=170564"},{"taxonomy":"post_tag","embeddable":true,"href":"https:\/\/www.enerjigazetesi.ist\/en\/wp-json\/wp\/v2\/tags?post=170564"}],"curies":[{"name":"wp","href":"https:\/\/api.w.org\/{rel}","templated":true}]}}