{"id":170552,"date":"2023-03-08T11:17:02","date_gmt":"2023-03-08T08:17:02","guid":{"rendered":"https:\/\/www.enerjigazetesi.ist\/?p=170552"},"modified":"2023-03-08T11:22:35","modified_gmt":"2023-03-08T08:22:35","slug":"systemair-ab-depremzedeler-icin-1000-isitici-uretti","status":"publish","type":"post","link":"https:\/\/www.enerjigazetesi.ist\/en\/systemair-ab-depremzedeler-icin-1000-isitici-uretti\/","title":{"rendered":"(Turkish) &#8217;Systemair AB&#8217; Depremzedeler \u0130\u00e7in 1000 Is\u0131t\u0131c\u0131 \u00dcretti"},"content":{"rendered":"<p class=\"qtranxs-available-languages-message qtranxs-available-languages-message-en\">Sorry, this entry is only available in <a href=\"https:\/\/www.enerjigazetesi.ist\/tr\/wp-json\/wp\/v2\/posts\/170552\" class=\"qtranxs-available-language-link qtranxs-available-language-link-tr\" title=\"Turkish\">Turkish<\/a>. For the sake of viewer convenience, the content is shown below in the alternative language. You may click the link to switch the active language.<\/p><p><\/p>\n<h2><strong>\u00dclkemizde ya\u015fanan deprem felaketlerinin ard\u0131ndan T\u00fcrkiye\u2019de de faaliyet g\u00f6steren bir\u00e7ok global \u015firket yard\u0131m seferberli\u011fi ba\u015flatt\u0131. Bu \u015firketlerin ba\u015f\u0131nda gelen \u0130sve\u00e7li iklimlendirme firmas\u0131 Systemair AB, \u0131s\u0131tma \u00fcr\u00fcnleri alan\u0131ndaki i\u015ftiraki olan Frico AB ile \u00f6nemli bir yard\u0131ma imza att\u0131. \u015eirket, Better Shelter taraf\u0131ndan \u00fcretilen ve deprem b\u00f6lgesine g\u00f6nderilen mini evlerdeki \u0131s\u0131nma sorununa bir hafta gibi k\u0131sa s\u00fcrede \u00fcretti\u011fi ta\u015f\u0131nabilir, sa\u011flam ve kompakt fanl\u0131 \u0131s\u0131t\u0131c\u0131 Tiger ile \u00e7\u00f6z\u00fcm sundu. Systemair AB, ilk teslimat adedi olan bin \u0131s\u0131t\u0131c\u0131y\u0131 b\u00f6lgeye ula\u015ft\u0131r\u0131rken 800 adet \u0131s\u0131t\u0131c\u0131n\u0131n da yak\u0131n zamanda b\u00f6lgeye ula\u015ft\u0131r\u0131laca\u011f\u0131 bilgisini payla\u015ft\u0131. <\/strong><\/h2>\n<p>T\u00fcrkiye\u2019de meydana gelen y\u0131k\u0131c\u0131 depremlerde milyonlarca ki\u015finin evini kaybetmesi \u00fczerine harekete<img loading=\"lazy\" class=\"alignright wp-image-170555\" src=\"https:\/\/www.enerjigazetesi.ist\/wp-content\/uploads\/2023\/03\/systemair-ab-depremzedeler-icin-1000-isitici-uretti.jpg\" alt=\"\" width=\"320\" height=\"224\" srcset=\"https:\/\/www.enerjigazetesi.ist\/wp-content\/uploads\/2023\/03\/systemair-ab-depremzedeler-icin-1000-isitici-uretti.jpg 550w, https:\/\/www.enerjigazetesi.ist\/wp-content\/uploads\/2023\/03\/systemair-ab-depremzedeler-icin-1000-isitici-uretti-300x210.jpg 300w, https:\/\/www.enerjigazetesi.ist\/wp-content\/uploads\/2023\/03\/systemair-ab-depremzedeler-icin-1000-isitici-uretti-500x350.jpg 500w, https:\/\/www.enerjigazetesi.ist\/wp-content\/uploads\/2023\/03\/systemair-ab-depremzedeler-icin-1000-isitici-uretti-71x50.jpg 71w\" sizes=\"(max-width: 320px) 100vw, 320px\" \/> ge\u00e7en Systemair AB, Better Shelter\u2019\u0131n deprem b\u00f6lgesine g\u00f6nderdi\u011fi, alet kullanmadan birka\u00e7 saat i\u00e7inde monte edilebilen ve sert hava ko\u015fullar\u0131na kar\u015f\u0131 koruma sa\u011flayan k\u00fc\u00e7\u00fck evlerin \u0131s\u0131nma sorunu \u00e7\u00f6zebilmek ad\u0131na h\u0131zl\u0131ca aksiyon ald\u0131. \u015eirket, Skinnskatteberg&#8217;deki \u00fcretim merkezinde bir hafta kadar k\u0131sa bir s\u00fcrede <strong>bin adet Tiger fanl\u0131 \u0131s\u0131t\u0131c\u0131y\u0131<\/strong> \u00fcreterek b\u00f6lgeye ula\u015ft\u0131rd\u0131. \u00c7al\u0131\u015fmalar\u0131na ara vermeden devam eden Systemair AB, \u00e7ok yak\u0131n zamanda <strong>800 adet daha fanl\u0131 \u0131s\u0131t\u0131c\u0131y\u0131<\/strong> b\u00f6lgeye g\u00f6ndermeye haz\u0131rlan\u0131yor.<\/p>\n<p>Systemair AB\u2019nin \u0131s\u0131tma \u00fcr\u00fcnleri alan\u0131ndaki i\u015ftiraki olan <strong>Frico\u2019nun Genel M\u00fcd\u00fcr\u00fc Peter Caban<\/strong> konuyla ilgili yapt\u0131\u011f\u0131 a\u00e7\u0131klamada; <em>\u201c\u00c7ok say\u0131da portatif fanl\u0131 \u0131s\u0131t\u0131c\u0131y\u0131 k\u0131sa s\u00fcrede teslim edip edemeyece\u011fimiz soruldu\u011funda hemen kapasitemize bakt\u0131k ve Skinnskatteberg&#8217;deki \u00fcretimimizi h\u0131zland\u0131rmaya ba\u015flad\u0131k. Yard\u0131mc\u0131 olabilmek bizi \u00e7ok mutlu etti, bir hafta i\u00e7inde ilk teslimat i\u00e7in \u00e7al\u0131\u015fmaya ba\u015flad\u0131k\u201d<\/em> dedi.<\/p>\n<p>Depremden etkilenenlerin acil ihtiya\u00e7lar\u0131na katk\u0131da bulunabildikleri i\u00e7in mutlu ve gururlu olduklar\u0131n\u0131 belirten <strong>Systemair AB Genel M\u00fcd\u00fcr\u00fc Sofia Rask<\/strong> ise<em> \u201cBiz sekt\u00f6rde b\u00fcy\u00fck bir oyuncuyuz ancak bu gibi durumlarda karar verme yollar\u0131n\u0131n k\u0131sa olmas\u0131 \u00f6nemli\u201d<\/em> de\u011ferlendirmesinde bulundu.<\/p>\n<p>Systemair<strong> AB\u2019nin fanl\u0131 \u0131s\u0131t\u0131c\u0131lar\u0131<\/strong> ile \u0131s\u0131nacak <strong>Better Shelter\u2019in<\/strong> mini evleri, <strong>IKEA Vakf\u0131&#8217;<\/strong>n\u0131n destek sa\u011flad\u0131\u011f\u0131 alanda kurulacak.<\/p>","protected":false},"excerpt":{"rendered":"<p>Sorry, this entry is only available in Turkish. For the sake of viewer convenience, the content is shown below in the alternative language. You may click the link to switch the active language. \u00dclkemizde ya\u015fanan deprem felaketlerinin ard\u0131ndan T\u00fcrkiye\u2019de de faaliyet g\u00f6steren bir\u00e7ok global \u015firket yard\u0131m seferberli\u011fi ba\u015flatt\u0131. Bu \u015firketlerin ba\u015f\u0131nda gelen \u0130sve\u00e7li iklimlendirme firmas\u0131 [&hellip;]<\/p>\n","protected":false},"author":1,"featured_media":170555,"comment_status":"open","ping_status":"open","sticky":false,"template":"","format":"standard","meta":[],"categories":[53],"tags":[108130,108129,3172,108127,108128,108126],"views":43,"_links":{"self":[{"href":"https:\/\/www.enerjigazetesi.ist\/en\/wp-json\/wp\/v2\/posts\/170552"}],"collection":[{"href":"https:\/\/www.enerjigazetesi.ist\/en\/wp-json\/wp\/v2\/posts"}],"about":[{"href":"https:\/\/www.enerjigazetesi.ist\/en\/wp-json\/wp\/v2\/types\/post"}],"author":[{"embeddable":true,"href":"https:\/\/www.enerjigazetesi.ist\/en\/wp-json\/wp\/v2\/users\/1"}],"replies":[{"embeddable":true,"href":"https:\/\/www.enerjigazetesi.ist\/en\/wp-json\/wp\/v2\/comments?post=170552"}],"version-history":[{"count":0,"href":"https:\/\/www.enerjigazetesi.ist\/en\/wp-json\/wp\/v2\/posts\/170552\/revisions"}],"wp:featuredmedia":[{"embeddable":true,"href":"https:\/\/www.enerjigazetesi.ist\/en\/wp-json\/wp\/v2\/media\/170555"}],"wp:attachment":[{"href":"https:\/\/www.enerjigazetesi.ist\/en\/wp-json\/wp\/v2\/media?parent=170552"}],"wp:term":[{"taxonomy":"category","embeddable":true,"href":"https:\/\/www.enerjigazetesi.ist\/en\/wp-json\/wp\/v2\/categories?post=170552"},{"taxonomy":"post_tag","embeddable":true,"href":"https:\/\/www.enerjigazetesi.ist\/en\/wp-json\/wp\/v2\/tags?post=170552"}],"curies":[{"name":"wp","href":"https:\/\/api.w.org\/{rel}","templated":true}]}}