{"id":170479,"date":"2023-03-07T10:24:59","date_gmt":"2023-03-07T07:24:59","guid":{"rendered":"https:\/\/www.enerjigazetesi.ist\/?p=170479"},"modified":"2023-03-07T10:33:00","modified_gmt":"2023-03-07T07:33:00","slug":"eic-yenilenebilir-enerji-2022-yilinda-kuresel-sebekeye-66-gw-ekledi","status":"publish","type":"post","link":"https:\/\/www.enerjigazetesi.ist\/en\/eic-yenilenebilir-enerji-2022-yilinda-kuresel-sebekeye-66-gw-ekledi\/","title":{"rendered":"(Turkish) EIC: \u201cYenilenebilir Enerji, 2022 Y\u0131l\u0131nda K\u00fcresel \u015eebekeye 66 GW Ekledi\u201d"},"content":{"rendered":"<p class=\"qtranxs-available-languages-message qtranxs-available-languages-message-en\">Sorry, this entry is only available in <a href=\"https:\/\/www.enerjigazetesi.ist\/tr\/wp-json\/wp\/v2\/posts\/170479\" class=\"qtranxs-available-language-link qtranxs-available-language-link-tr\" title=\"Turkish\">Turkish<\/a>. For the sake of viewer convenience, the content is shown below in the alternative language. You may click the link to switch the active language.<\/p><p><\/p>\n<h2><a href=\"https:\/\/www.the-eic.com\/MediaCentre\/Publications\/Reports\" target=\"_blank\" rel=\"noopener\"><strong>Energy Industries Council (EIC) taraf\u0131ndan haz\u0131rlanan yeni bir rapora<\/strong><\/a>\u00a0g\u00f6re, yenilenebilir ve temiz enerji projeleri, 2022\u2019de k\u00fcresel elektrik \u015febekesine yakla\u015f\u0131k 66 GW ekleyerek d\u00fcnyay\u0131 \u00e7evre hedeflerine yakla\u015ft\u0131rd\u0131. Ancak Energy Industries Council\u2019e (EIC) g\u00f6re, proje da\u011f\u0131t\u0131m h\u0131z\u0131n\u0131n 2050 net s\u0131f\u0131r hedefine ula\u015fmak i\u00e7in \u00e7ok daha h\u0131zl\u0131 ilerlemesi gerekiyor.<\/h2>\n<p>EIC\u2019nin bu hafta yay\u0131nlanan<strong> ilk k\u00fcresel i\u015fletme harcamalar\u0131 (OPEX) raporu<\/strong>, 2022\u2019de toplam <strong>335<\/strong> <strong>yenilenebilir<\/strong> ve<strong> temiz enerji projesinin<\/strong> devreye al\u0131nd\u0131\u011f\u0131n\u0131 ortaya koyuyor.<\/p>\n<p><img loading=\"lazy\" class=\"alignright wp-image-170482\" src=\"https:\/\/www.enerjigazetesi.ist\/wp-content\/uploads\/2023\/03\/eic-yenilenebilir-enerji-2022-yilinda-kuresel-sebekeye-66-gw-ekledi.jpg\" alt=\"\" width=\"320\" height=\"240\" srcset=\"https:\/\/www.enerjigazetesi.ist\/wp-content\/uploads\/2023\/03\/eic-yenilenebilir-enerji-2022-yilinda-kuresel-sebekeye-66-gw-ekledi.jpg 550w, https:\/\/www.enerjigazetesi.ist\/wp-content\/uploads\/2023\/03\/eic-yenilenebilir-enerji-2022-yilinda-kuresel-sebekeye-66-gw-ekledi-300x225.jpg 300w, https:\/\/www.enerjigazetesi.ist\/wp-content\/uploads\/2023\/03\/eic-yenilenebilir-enerji-2022-yilinda-kuresel-sebekeye-66-gw-ekledi-500x375.jpg 500w, https:\/\/www.enerjigazetesi.ist\/wp-content\/uploads\/2023\/03\/eic-yenilenebilir-enerji-2022-yilinda-kuresel-sebekeye-66-gw-ekledi-67x50.jpg 67w\" sizes=\"(max-width: 320px) 100vw, 320px\" \/>\u00c7in ve Rusya haricinde \u00e7e\u015fitli enerji projelerini kapsayan rapora g\u00f6re, <strong>g\u00fcne\u015f enerjisi, di\u011fer temiz enerji bi\u00e7imlerine k\u0131yasla<\/strong> k\u00fcresel elektrik \u015febekesine <strong>25,7 GW<\/strong> ekleyerek en \u00e7ok katk\u0131da bulunan enerji olurken, g\u00fcne\u015f enerjisini <strong>3,7 GW<\/strong> ve <strong>22 GW<\/strong> \u00fcreten a\u00e7\u0131k deniz ve kara r\u00fczg\u00e2r projeleri yak\u0131ndan takip ediyor.<\/p>\n<p>EIC\u2019nin Piyasa \u0130stihbarat Ba\u015fkan\u0131 Neil Golding, <em>\u201cD\u00fcnyan\u0131n, enerji g\u00fcvenli\u011fi ve sat\u0131n al\u0131nabilirlik gibi zorluklar\u0131 ele al\u0131rken ayn\u0131 zamanda s\u00fcrd\u00fcr\u00fclebilirli\u011fe \u00f6ncelik veren dengeli ve \u00e7e\u015fitlendirilmi\u015f bir enerji kar\u0131\u015f\u0131m\u0131na ihtiyac\u0131 var.\u201d<\/em> a\u00e7\u0131klamas\u0131n\u0131 yap\u0131yor.<\/p>\n<p>Golding, <em>\u201c<strong>A\u00e7\u0131k deniz y\u00fczer r\u00fczg\u00e2r sekt\u00f6r\u00fcne<\/strong> bakarsak, iddial\u0131 hedeflere sahip olman\u0131n pratikte ne anlama geldi\u011fini g\u00f6rebiliriz\u201d diyerek a\u00e7\u0131klamas\u0131n\u0131 \u015f\u00f6yle s\u00fcrd\u00fcr\u00fcyor:\u00a0\u201cVerilerimiz, 2035 y\u0131l\u0131na kadar <strong>140 megavat<\/strong> enerji \u00fcretme planlar\u0131n\u0131n oldu\u011funu g\u00f6steriyor, ancak bu hedeflere ula\u015fmak i\u00e7in<strong> t\u00fcrbin<\/strong> ve<strong> ihracat kablolar\u0131 \u00fcretmek<\/strong> i\u00e7in yeterli kapasitenin olu\u015fturulmas\u0131 ve daha h\u0131zl\u0131 teslimat i\u00e7in proje y\u00fcr\u00fctmenin modernle\u015ftirilmesi dahil olmak \u00fczere tedarik zincirinde \u00f6nemli de\u011fi\u015fiklikler yap\u0131lmas\u0131 gerekecek.\u201d<\/em><\/p>\n<p>Kaynak: <a href=\"https:\/\/temizenerji.org\/2023\/03\/06\/eic-yenilenebilir-enerji-2022de-kuresel-sebekeye-66-gw-ekledi\/\" target=\"_blank\" rel=\"nofollow noopener\">TemizEnerji<\/a><\/p>","protected":false},"excerpt":{"rendered":"<p>Sorry, this entry is only available in Turkish. For the sake of viewer convenience, the content is shown below in the alternative language. You may click the link to switch the active language. Energy Industries Council (EIC) taraf\u0131ndan haz\u0131rlanan yeni bir rapora\u00a0g\u00f6re, yenilenebilir ve temiz enerji projeleri, 2022\u2019de k\u00fcresel elektrik \u015febekesine yakla\u015f\u0131k 66 GW ekleyerek [&hellip;]<\/p>\n","protected":false},"author":1,"featured_media":170482,"comment_status":"open","ping_status":"open","sticky":false,"template":"","format":"standard","meta":[],"categories":[53,49,50],"tags":[108088,108090,108089,842,105],"views":123,"_links":{"self":[{"href":"https:\/\/www.enerjigazetesi.ist\/en\/wp-json\/wp\/v2\/posts\/170479"}],"collection":[{"href":"https:\/\/www.enerjigazetesi.ist\/en\/wp-json\/wp\/v2\/posts"}],"about":[{"href":"https:\/\/www.enerjigazetesi.ist\/en\/wp-json\/wp\/v2\/types\/post"}],"author":[{"embeddable":true,"href":"https:\/\/www.enerjigazetesi.ist\/en\/wp-json\/wp\/v2\/users\/1"}],"replies":[{"embeddable":true,"href":"https:\/\/www.enerjigazetesi.ist\/en\/wp-json\/wp\/v2\/comments?post=170479"}],"version-history":[{"count":0,"href":"https:\/\/www.enerjigazetesi.ist\/en\/wp-json\/wp\/v2\/posts\/170479\/revisions"}],"wp:featuredmedia":[{"embeddable":true,"href":"https:\/\/www.enerjigazetesi.ist\/en\/wp-json\/wp\/v2\/media\/170482"}],"wp:attachment":[{"href":"https:\/\/www.enerjigazetesi.ist\/en\/wp-json\/wp\/v2\/media?parent=170479"}],"wp:term":[{"taxonomy":"category","embeddable":true,"href":"https:\/\/www.enerjigazetesi.ist\/en\/wp-json\/wp\/v2\/categories?post=170479"},{"taxonomy":"post_tag","embeddable":true,"href":"https:\/\/www.enerjigazetesi.ist\/en\/wp-json\/wp\/v2\/tags?post=170479"}],"curies":[{"name":"wp","href":"https:\/\/api.w.org\/{rel}","templated":true}]}}