{"id":170427,"date":"2023-03-06T16:42:58","date_gmt":"2023-03-06T13:42:58","guid":{"rendered":"https:\/\/www.enerjigazetesi.ist\/?p=170427"},"modified":"2023-03-06T16:43:32","modified_gmt":"2023-03-06T13:43:32","slug":"bursa-2-ic-tesisat-ve-guvenli-dogalgaz-calistayi-icin-geri-sayim-basladi","status":"publish","type":"post","link":"https:\/\/www.enerjigazetesi.ist\/en\/bursa-2-ic-tesisat-ve-guvenli-dogalgaz-calistayi-icin-geri-sayim-basladi\/","title":{"rendered":"(Turkish) \u201cBursa 2. \u0130\u00e7 Tesisat ve G\u00fcvenli Do\u011falgaz \u00c7al\u0131\u015ftay\u0131\u201d \u0130\u00e7in Geri Say\u0131m Ba\u015flad\u0131"},"content":{"rendered":"<p class=\"qtranxs-available-languages-message qtranxs-available-languages-message-en\">Sorry, this entry is only available in <a href=\"https:\/\/www.enerjigazetesi.ist\/tr\/wp-json\/wp\/v2\/posts\/170427\" class=\"qtranxs-available-language-link qtranxs-available-language-link-tr\" title=\"Turkish\">Turkish<\/a>. For the sake of viewer convenience, the content is shown below in the alternative language. You may click the link to switch the active language.<\/p><p><\/p>\n<h2><strong>\u201cBursa 2. \u0130\u00e7 Tesisat ve G\u00fcvenli Do\u011falgaz \u00c7al\u0131\u015ftay\u0131\u201d <\/strong>8 Mart 2023 tarihinde Merinos Atat\u00fcrk Kongre ve K\u00fclt\u00fcr Merkezi\u2019nde ger\u00e7ekle\u015ftirilecek.<\/h2>\n<p><em>Do\u011falgaz, Enerji, Mekanik M\u00fchendisli\u011fi Sanayici \u0130\u015fadamlar\u0131 Derne\u011fi (DEMS\u0130AD),\u00a0\u0130n\u015faat M\u00fcteahhitleri Sanayici ve \u0130\u015f \u0130nsanlar\u0131 Derne\u011fi (\u0130MS\u0130AD)<\/em> ve <em>Odakl\u0131 Grup i\u015fbirli\u011fi<\/em> ile d\u00fczenlenecek olan <strong>\u201cBursa 2. \u0130\u00e7 Tesisat ve G\u00fcvenli Do\u011falgaz \u00c7al\u0131\u015ftay\u0131\u201d 8 Mart 2023<\/strong> tarihinde Merinos Atat\u00fcrk Kongre ve K\u00fclt\u00fcr Merkezi\u2019nde ger\u00e7ekle\u015ftirilecek.<\/p>\n<p style=\"text-align: center;\"><img loading=\"lazy\" class=\"aligncenter wp-image-170429\" src=\"https:\/\/www.enerjigazetesi.ist\/wp-content\/uploads\/2023\/03\/bursa-2-ic-tesisat-ve-guvenli-dogalgaz-calistayi-icin-geri-sayim-basladi.jpg\" alt=\"\" width=\"500\" height=\"250\" srcset=\"https:\/\/www.enerjigazetesi.ist\/wp-content\/uploads\/2023\/03\/bursa-2-ic-tesisat-ve-guvenli-dogalgaz-calistayi-icin-geri-sayim-basladi.jpg 550w, https:\/\/www.enerjigazetesi.ist\/wp-content\/uploads\/2023\/03\/bursa-2-ic-tesisat-ve-guvenli-dogalgaz-calistayi-icin-geri-sayim-basladi-300x150.jpg 300w, https:\/\/www.enerjigazetesi.ist\/wp-content\/uploads\/2023\/03\/bursa-2-ic-tesisat-ve-guvenli-dogalgaz-calistayi-icin-geri-sayim-basladi-500x250.jpg 500w, https:\/\/www.enerjigazetesi.ist\/wp-content\/uploads\/2023\/03\/bursa-2-ic-tesisat-ve-guvenli-dogalgaz-calistayi-icin-geri-sayim-basladi-80x40.jpg 80w\" sizes=\"(max-width: 500px) 100vw, 500px\" \/><\/p>\n<p>Etkinlikte <strong>BURSAGAZ, \u0130NGAZ, Bursa Ticaret ve Sanayi Odas\u0131, Uluda\u011f \u00dcniversitesi MYO ve GAZB\u0130R- GAZMER\u2019den<\/strong> konu\u015fmac\u0131lar yer alacak. Ayr\u0131ca \u00e7al\u0131\u015ftay kapsam\u0131nda,<em> sekt\u00f6rel derneklerin, sekt\u00f6re mal ve hizmet \u00fcreten firma temsilcilerinin, sertifikal\u0131 firmalar ve gaz da\u011f\u0131t\u0131m \u015firketi yetkililerinin kat\u0131l\u0131mlar\u0131yla<\/em> sekt\u00f6re ili\u015fkin son geli\u015fmeler, yasal d\u00fczenlemeler, yeni teknolojiler, ya\u015fanan sorunlar ve \u00e7\u00f6z\u00fcm yollar\u0131 ele al\u0131nacak.<\/p>\n<p><strong>\u201cG\u00fcvenli Do\u011falgaz ve \u0130novasyon\u201d<\/strong> ana temas\u0131yla ger\u00e7ekle\u015fecek olan <strong>\u201cBursa 2. \u0130\u00e7 Tesisat ve G\u00fcvenli Do\u011falgaz \u00c7al\u0131\u015ftay\u0131\u201d<\/strong> <em>Baymak, De Dietrich, Bosch Termoteknik, Buderus, Tos\u00e7elik, Zetacad, ECA, Gasline, Warmhaus, Alarko Carrier, Copa, Inspecco, Wolf, Sancak End\u00fcstri, Pegi Teknik, Bacamarket<\/em> \u00a0gibi sekt\u00f6r\u00fcn \u00f6nde gelen firmalar\u0131n\u0131n sponsorlu\u011funda d\u00fczenlenecektir.<\/p>","protected":false},"excerpt":{"rendered":"<p>Sorry, this entry is only available in Turkish. For the sake of viewer convenience, the content is shown below in the alternative language. You may click the link to switch the active language. \u201cBursa 2. \u0130\u00e7 Tesisat ve G\u00fcvenli Do\u011falgaz \u00c7al\u0131\u015ftay\u0131\u201d 8 Mart 2023 tarihinde Merinos Atat\u00fcrk Kongre ve K\u00fclt\u00fcr Merkezi\u2019nde ger\u00e7ekle\u015ftirilecek. Do\u011falgaz, Enerji, Mekanik [&hellip;]<\/p>\n","protected":false},"author":1,"featured_media":170431,"comment_status":"open","ping_status":"open","sticky":false,"template":"","format":"standard","meta":[],"categories":[46,53],"tags":[108077],"views":64,"_links":{"self":[{"href":"https:\/\/www.enerjigazetesi.ist\/en\/wp-json\/wp\/v2\/posts\/170427"}],"collection":[{"href":"https:\/\/www.enerjigazetesi.ist\/en\/wp-json\/wp\/v2\/posts"}],"about":[{"href":"https:\/\/www.enerjigazetesi.ist\/en\/wp-json\/wp\/v2\/types\/post"}],"author":[{"embeddable":true,"href":"https:\/\/www.enerjigazetesi.ist\/en\/wp-json\/wp\/v2\/users\/1"}],"replies":[{"embeddable":true,"href":"https:\/\/www.enerjigazetesi.ist\/en\/wp-json\/wp\/v2\/comments?post=170427"}],"version-history":[{"count":0,"href":"https:\/\/www.enerjigazetesi.ist\/en\/wp-json\/wp\/v2\/posts\/170427\/revisions"}],"wp:featuredmedia":[{"embeddable":true,"href":"https:\/\/www.enerjigazetesi.ist\/en\/wp-json\/wp\/v2\/media\/170431"}],"wp:attachment":[{"href":"https:\/\/www.enerjigazetesi.ist\/en\/wp-json\/wp\/v2\/media?parent=170427"}],"wp:term":[{"taxonomy":"category","embeddable":true,"href":"https:\/\/www.enerjigazetesi.ist\/en\/wp-json\/wp\/v2\/categories?post=170427"},{"taxonomy":"post_tag","embeddable":true,"href":"https:\/\/www.enerjigazetesi.ist\/en\/wp-json\/wp\/v2\/tags?post=170427"}],"curies":[{"name":"wp","href":"https:\/\/api.w.org\/{rel}","templated":true}]}}