{"id":170372,"date":"2023-03-04T14:40:03","date_gmt":"2023-03-04T11:40:03","guid":{"rendered":"https:\/\/www.enerjigazetesi.ist\/?p=170372"},"modified":"2023-03-04T14:40:03","modified_gmt":"2023-03-04T11:40:03","slug":"maski-temiz-bir-cevre-ve-enerji-tasarrufu-icin-ges-insa-ediyor","status":"publish","type":"post","link":"https:\/\/www.enerjigazetesi.ist\/en\/maski-temiz-bir-cevre-ve-enerji-tasarrufu-icin-ges-insa-ediyor\/","title":{"rendered":"(Turkish) &#8217;MASK\u0130&#8217; Temiz Bir \u00c7evre ve Enerji Tasarrufu \u0130\u00e7in GES \u0130n\u015fa Ediyor"},"content":{"rendered":"<p class=\"qtranxs-available-languages-message qtranxs-available-languages-message-en\">Sorry, this entry is only available in <a href=\"https:\/\/www.enerjigazetesi.ist\/tr\/wp-json\/wp\/v2\/posts\/170372\" class=\"qtranxs-available-language-link qtranxs-available-language-link-tr\" title=\"Turkish\">Turkish<\/a>. For the sake of viewer convenience, the content is shown below in the alternative language. You may click the link to switch the active language.<\/p><p><\/p>\n<header>\n<h3 class=\"summary\">MASK\u0130 Genel M\u00fcd\u00fcrl\u00fc\u011f\u00fc, deprem b\u00f6lgesindeki g\u00f6revine devam ederken Manisa\u2019da da yat\u0131r\u0131mlar\u0131n\u0131 s\u00fcrd\u00fcr\u00fcyor.<\/h3>\n<\/header>\n<div class=\"content\">\n<p>MASK\u0130 Genel M\u00fcd\u00fcrl\u00fc\u011f\u00fc, deprem b\u00f6lgesindeki g\u00f6revine devam ederken Manisa&#8217;da da yat\u0131r\u0131mlar\u0131n\u0131 <img loading=\"lazy\" class=\"alignright wp-image-170374\" src=\"https:\/\/www.enerjigazetesi.ist\/wp-content\/uploads\/2023\/03\/maski-temiz-bir-cevre-ve-enerji-tasarrufu-icin-ges-insa-ediyor.jpg\" alt=\"\" width=\"320\" height=\"198\" srcset=\"https:\/\/www.enerjigazetesi.ist\/wp-content\/uploads\/2023\/03\/maski-temiz-bir-cevre-ve-enerji-tasarrufu-icin-ges-insa-ediyor.jpg 550w, https:\/\/www.enerjigazetesi.ist\/wp-content\/uploads\/2023\/03\/maski-temiz-bir-cevre-ve-enerji-tasarrufu-icin-ges-insa-ediyor-300x186.jpg 300w, https:\/\/www.enerjigazetesi.ist\/wp-content\/uploads\/2023\/03\/maski-temiz-bir-cevre-ve-enerji-tasarrufu-icin-ges-insa-ediyor-500x310.jpg 500w, https:\/\/www.enerjigazetesi.ist\/wp-content\/uploads\/2023\/03\/maski-temiz-bir-cevre-ve-enerji-tasarrufu-icin-ges-insa-ediyor-80x50.jpg 80w\" sizes=\"(max-width: 320px) 100vw, 320px\" \/>s\u00fcrd\u00fcr\u00fcyor. \u0130dare,<strong> Ala\u015fehir \u0130leri Biyolojik At\u0131ksu Ar\u0131tma Tesisi<\/strong> i\u00e7erisine<strong> 25 milyon TL<\/strong> yat\u0131r\u0131m bedeliyle kazand\u0131raca\u011f\u0131 <strong>1 megavatl\u0131k<\/strong> g\u00fcne\u015f enerji santralinde panellerin tak\u0131laca\u011f\u0131 ayaklar\u0131n montajlar\u0131n\u0131 tamamlad\u0131. Tesiste k\u0131sa bir s\u00fcre sonra<strong> 2 bin 895 panelin<\/strong> montaj\u0131na ba\u015flanacak.<\/p>\n<p><strong>Manisa B\u00fcy\u00fck\u015fehir Belediyesi<\/strong> ve <strong>MASK\u0130 Genel M\u00fcd\u00fcrl\u00fc\u011f\u00fc<\/strong>, deprem b\u00f6lgesindeki aktif hizmetlerine devam ediyor. Kurumlar Manisa&#8217;daki g\u00f6revlerini de aksatmadan s\u00fcrd\u00fcr\u00fcyor. Ge\u00e7ti\u011fimiz aylarda <strong>25 milyon TL<\/strong> yat\u0131r\u0131m bedeliyle ihalesi yap\u0131lan <strong>1 megavatl\u0131k Ala\u015fehir G\u00fcne\u015f Enerji Santralinde<\/strong> \u00e7al\u0131\u015fmalar h\u0131z kazand\u0131. <strong>2 bin 895 adet<\/strong> panelin kurulaca\u011f\u0131 alanda panellerin tak\u0131laca\u011f\u0131 ayaklar\u0131n montajlar\u0131 noktaland\u0131. K\u0131sa bir s\u00fcre i\u00e7erisinde<strong> panel montajlar\u0131na ge\u00e7ilece\u011fi<\/strong> belirtildi.<\/p>\n<h3>Yenilenebilir enerji kaynaklar\u0131 ile \u00e7evre dostu tesisler kuruluyor<\/h3>\n<p>Yat\u0131r\u0131m ve \u0130n\u015faat Dairesi Ba\u015fkan\u0131 Hilmi Serkan Emir, MASK\u0130 Genel M\u00fcd\u00fcrl\u00fc\u011f\u00fc olarak yenilenebilir enerji kaynaklar\u0131na b\u00fcy\u00fck \u00f6nem verdiklerini belirterek,<em> \u201cManisam\u0131z\u0131n do\u011fas\u0131n\u0131 korumak i\u00e7in ge\u00e7ti\u011fimiz y\u0131llarda B\u00fcy\u00fck\u015fehir Belediye Ba\u015fkan\u0131m\u0131z Say\u0131n Cengiz Erg\u00fcn&#8217;\u00fcn \u00f6nc\u00fcl\u00fc\u011f\u00fcnde yat\u0131r\u0131m program\u0131m\u0131za ekledi\u011fimiz <strong>g\u00fcne\u015f enerji santrali kurulumlar\u0131na<\/strong> h\u0131zla devam ediyoruz. Ge\u00e7ti\u011fimiz y\u0131llarda <strong>Ala\u015fehir il\u00e7e merkezi<\/strong> i\u00e7in<strong> 43 milyon TL<\/strong> yat\u0131r\u0131m bedeliyle in\u015fa etti\u011fimiz<strong> ileri biyolojik at\u0131ksu ar\u0131tma tesisine<\/strong> \u015fimdi de g\u00fcne\u015f enerji santrali kuruyoruz. <strong>25 milyon TL<\/strong> yat\u0131r\u0131m bedeliyle ba\u015flad\u0131\u011f\u0131m\u0131z projede panellerin kurulaca\u011f\u0131 ayaklar\u0131n montaj\u0131n\u0131 noktalad\u0131k. <strong>2 bin 895 panelin kurulaca\u011f\u0131<\/strong> bu \u00e7al\u0131\u015fmam\u0131z ile hem <strong>enerji tasarrufu<\/strong> sa\u011flayaca\u011f\u0131z hem de buradan elde edece\u011fimiz gelir ile Manisam\u0131za yeni yat\u0131r\u0131mlar yap\u0131lacak\u201d<\/em> dedi.<\/p>\n<\/div>\n<p><\/p>","protected":false},"excerpt":{"rendered":"<p>Sorry, this entry is only available in Turkish. For the sake of viewer convenience, the content is shown below in the alternative language. You may click the link to switch the active language. MASK\u0130 Genel M\u00fcd\u00fcrl\u00fc\u011f\u00fc, deprem b\u00f6lgesindeki g\u00f6revine devam ederken Manisa\u2019da da yat\u0131r\u0131mlar\u0131n\u0131 s\u00fcrd\u00fcr\u00fcyor. MASK\u0130 Genel M\u00fcd\u00fcrl\u00fc\u011f\u00fc, deprem b\u00f6lgesindeki g\u00f6revine devam ederken Manisa&#8217;da da [&hellip;]<\/p>\n","protected":false},"author":1,"featured_media":170374,"comment_status":"open","ping_status":"open","sticky":false,"template":"","format":"standard","meta":[],"categories":[51,53,49],"tags":[108053,2326,2401],"views":39,"_links":{"self":[{"href":"https:\/\/www.enerjigazetesi.ist\/en\/wp-json\/wp\/v2\/posts\/170372"}],"collection":[{"href":"https:\/\/www.enerjigazetesi.ist\/en\/wp-json\/wp\/v2\/posts"}],"about":[{"href":"https:\/\/www.enerjigazetesi.ist\/en\/wp-json\/wp\/v2\/types\/post"}],"author":[{"embeddable":true,"href":"https:\/\/www.enerjigazetesi.ist\/en\/wp-json\/wp\/v2\/users\/1"}],"replies":[{"embeddable":true,"href":"https:\/\/www.enerjigazetesi.ist\/en\/wp-json\/wp\/v2\/comments?post=170372"}],"version-history":[{"count":0,"href":"https:\/\/www.enerjigazetesi.ist\/en\/wp-json\/wp\/v2\/posts\/170372\/revisions"}],"wp:featuredmedia":[{"embeddable":true,"href":"https:\/\/www.enerjigazetesi.ist\/en\/wp-json\/wp\/v2\/media\/170374"}],"wp:attachment":[{"href":"https:\/\/www.enerjigazetesi.ist\/en\/wp-json\/wp\/v2\/media?parent=170372"}],"wp:term":[{"taxonomy":"category","embeddable":true,"href":"https:\/\/www.enerjigazetesi.ist\/en\/wp-json\/wp\/v2\/categories?post=170372"},{"taxonomy":"post_tag","embeddable":true,"href":"https:\/\/www.enerjigazetesi.ist\/en\/wp-json\/wp\/v2\/tags?post=170372"}],"curies":[{"name":"wp","href":"https:\/\/api.w.org\/{rel}","templated":true}]}}