{"id":170312,"date":"2023-03-04T10:32:45","date_gmt":"2023-03-04T07:32:45","guid":{"rendered":"https:\/\/www.enerjigazetesi.ist\/?p=170312"},"modified":"2023-03-04T10:35:02","modified_gmt":"2023-03-04T07:35:02","slug":"kalekim-gunes-enerjisi-icin-6-milyon-dolarlik-yatirim-karari-aldi","status":"publish","type":"post","link":"https:\/\/www.enerjigazetesi.ist\/en\/kalekim-gunes-enerjisi-icin-6-milyon-dolarlik-yatirim-karari-aldi\/","title":{"rendered":"(Turkish) &#8217;Kalekim&#8217; G\u00fcne\u015f Enerjisi \u0130\u00e7in 6 Milyon Dolarl\u0131k Yat\u0131r\u0131m Karar\u0131 Ald\u0131"},"content":{"rendered":"<p class=\"qtranxs-available-languages-message qtranxs-available-languages-message-en\">Sorry, this entry is only available in <a href=\"https:\/\/www.enerjigazetesi.ist\/tr\/wp-json\/wp\/v2\/posts\/170312\" class=\"qtranxs-available-language-link qtranxs-available-language-link-tr\" title=\"Turkish\">Turkish<\/a>. For the sake of viewer convenience, the content is shown below in the alternative language. You may click the link to switch the active language.<\/p><p><\/p>\n<h2><strong>T\u00fcrkiye Yap\u0131 kimyasallar\u0131 sekt\u00f6r\u00fcn\u00fcn \u00f6nc\u00fc markas\u0131 Kalekim, 2022 y\u0131l\u0131 finansal sonu\u00e7lar\u0131n\u0131 a\u00e7\u0131klad\u0131. Y\u0131l genelindeki istikrarl\u0131 ba\u015far\u0131s\u0131n\u0131 y\u0131l sonuna da ta\u015f\u0131yan Kalekim, k\u00fcresel pazarlarda ya\u015fanan pandemi, sava\u015f ve enerji krizine ra\u011fmen 2022 y\u0131l\u0131n\u0131 hedeflerinin \u00fcst\u00fcnde bir ba\u015far\u0131yla tamamlad\u0131. 2021 y\u0131l\u0131nda yakla\u015f\u0131k 213,2 milyon TL olan net kar\u0131n\u0131 2022 sonu itibariyle %146 oran\u0131nda art\u0131ran Kalekim, yeni yat\u0131r\u0131mlar\u0131n\u0131n da katk\u0131s\u0131yla toplamda 524,7 milyon TL\u2019lik net kara ula\u015ft\u0131. Yurt i\u00e7i sat\u0131\u015flar\u0131n\u0131 bir \u00f6nceki y\u0131la g\u00f6re, %161, yurt d\u0131\u015f\u0131 sat\u0131\u015flar\u0131n\u0131 da %171 oran\u0131nda art\u0131ran Kalekim, b\u00f6ylece \u00e7eyrek bazlardaki ba\u015far\u0131l\u0131 performans\u0131n\u0131 y\u0131l sonu rakamlar\u0131yla ta\u00e7land\u0131rm\u0131\u015f oldu.<\/strong><\/h2>\n<p>Yap\u0131 kimyasallar\u0131 alan\u0131nda yenilik\u00e7i \u00fcr\u00fcnleri ile ba\u015far\u0131s\u0131n\u0131 her y\u0131l bir ad\u0131m ileri ta\u015f\u0131yan Kalekim, 2022 y\u0131l\u0131 Ocak-Aral\u0131k d\u00f6nemine ait finansal sonu\u00e7lar\u0131n\u0131 Kamuoyu Ayd\u0131nlatma Platformu \u00fczerinden payla\u015ft\u0131. Y\u0131l genelindeki istikrarl\u0131 performans\u0131n\u0131 y\u0131l sonuna da ta\u015f\u0131yarak, g\u00fc\u00e7l\u00fc bir b\u00fcy\u00fcme performans\u0131 ortaya koyan Kalekim, 2022 y\u0131l\u0131n\u0131 hedeflerinin \u00fcst\u00fcnde bir ba\u015far\u0131yla tamamlad\u0131. 2022 y\u0131l\u0131nda yurt i\u00e7inde ve yurt d\u0131\u015f\u0131nda yapt\u0131\u011f\u0131 yeni yat\u0131r\u0131m ve g\u00fc\u00e7l\u00fc i\u015f birlikleri \u00fcretim g\u00fcc\u00fcn\u00fc ve pazarlama a\u011f\u0131n\u0131 daha da geni\u015fleten Kalekim, Rusya-Ukrayna sava\u015f\u0131 nedeniyle k\u00fcresel pazarlarda derinle\u015fen enerji krizine ra\u011fmen 2021 y\u0131l\u0131nda yakla\u015f\u0131k 213,2 milyon TL olan net kar\u0131n\u0131 2022 sonu itibariyle %146 oran\u0131nda art\u0131rarak, toplamda 524,7 milyon TL\u2019lik net kara ula\u015ft\u0131.<\/p>\n<h3><strong>\u201c2022 y\u0131l\u0131, yat\u0131r\u0131m ve i\u015f birliklerine odakland\u0131\u011f\u0131m\u0131z bir y\u0131l oldu\u201d<\/strong><\/h3>\n<p>2022 y\u0131l\u0131nda b\u00fcy\u00fcme hedefleri do\u011frultusunda yurt i\u00e7inde ve yurt d\u0131\u015f\u0131nda yat\u0131r\u0131m planlar\u0131na odakland\u0131klar\u0131n\u0131 belirten <strong>Kale Holding CFO\u2019su Haluk Alperat<\/strong>, T\u00fcrkiye\u2019nin i\u00e7inden ge\u00e7ti\u011fi s\u00fcrece ve bu s\u00fcre\u00e7teki destekleri ile y\u0131l i\u00e7inde yapt\u0131klar\u0131 yat\u0131r\u0131mlara ili\u015fkin <span style=\"text-decoration: underline;\">\u015funlar\u0131 s\u00f6yledi:<\/span><\/p>\n<p><em>\u201c\u00dclke olarak, zor bir s\u00fcre\u00e7ten ge\u00e7iyoruz. 6 \u015eubat g\u00fcn\u00fc Kahramanmara\u015f ilimizde pe\u015f pe\u015fe meydana gelen iki depremde, on binlerce can\u0131m\u0131z\u0131 yitirdik. Milletimizin ba\u015f\u0131 sa\u011f olsun. Bu felaket kar\u015f\u0131s\u0131nda da yine tek y\u00fcrek olup, yaralar\u0131m\u0131z\u0131 sarmaya devam ediyoruz. Kalekim de ilk g\u00fcnden itibaren Kale<img loading=\"lazy\" class=\"alignright wp-image-170318\" src=\"https:\/\/www.enerjigazetesi.ist\/wp-content\/uploads\/2023\/03\/1677857513_Kale_Holding_CFO_su_Haluk_Alperat.jpg\" alt=\"\" width=\"320\" height=\"359\" srcset=\"https:\/\/www.enerjigazetesi.ist\/wp-content\/uploads\/2023\/03\/1677857513_Kale_Holding_CFO_su_Haluk_Alperat.jpg 403w, https:\/\/www.enerjigazetesi.ist\/wp-content\/uploads\/2023\/03\/1677857513_Kale_Holding_CFO_su_Haluk_Alperat-267x300.jpg 267w, https:\/\/www.enerjigazetesi.ist\/wp-content\/uploads\/2023\/03\/1677857513_Kale_Holding_CFO_su_Haluk_Alperat-357x400.jpg 357w, https:\/\/www.enerjigazetesi.ist\/wp-content\/uploads\/2023\/03\/1677857513_Kale_Holding_CFO_su_Haluk_Alperat-45x50.jpg 45w\" sizes=\"(max-width: 320px) 100vw, 320px\" \/> Grubu b\u00fcnyesindeki grup \u015firketleri ile birlikte g\u00f6n\u00fcll\u00fc \u00e7al\u0131\u015fanlar\u0131, yurt i\u00e7i ve yurt d\u0131\u015f\u0131 bayileri, tedarik\u00e7ileri ile birlikte destek i\u00e7in hareket ge\u00e7ti. Ayni ve nakdi desteklerimizi Kaleseramik E\u011fitim, Sa\u011fl\u0131k ve Sosyal Yard\u0131m Vakf\u0131 \u00fczerinden organize ederek, AFAD ba\u015fta olmak \u00fczere ilgili resmi ve \u00f6zel kurulu\u015flar\u0131n koordinesinde ihtiya\u00e7 sahiplerine ula\u015ft\u0131rd\u0131k. Yine afet b\u00f6lgesindeki valiliklerimiz taraf\u0131ndan belirlenen ihtiya\u00e7lar do\u011frultusunda, \u00f6zel yap\u0131m engelli bireyler i\u00e7in eri\u015filebilir tuvalet, hem du\u015f hem de tuvalet kullan\u0131m\u0131na uygun toplam 170 hijyen konteyneri ve 79\u2019u ya\u015fam ve 4\u2019\u00fc kre\u015f olmak \u00fczere toplamda 253 konteyneri b\u00f6lgeye sevk ettik. Ayr\u0131ca, ihtiya\u00e7 g\u00f6r\u00fclmesi halinde ise, Kalekim\u2019in Mersin ve Mardin lokasyonlar\u0131ndaki tesislerimizi kullan\u0131ma a\u00e7abilece\u011fimizi s\u00f6yledik.<\/em><\/p>\n<p><em>Bizim i\u00e7in 2022 y\u0131l\u0131, b\u00fcy\u00fcme hedeflerimiz do\u011frultusunda yat\u0131r\u0131m ve i\u015f birliklerine odakland\u0131\u011f\u0131m\u0131z bir y\u0131l oldu. Y\u0131l\u0131n ba\u015f\u0131nda yurt i\u00e7i pazarda yap\u0131 kimyasallar\u0131 ve beton teknolojileri alan\u0131nda faaliyet g\u00f6steren\u00a0Lyksor Kimya A.\u015e.\u2019nin %75\u2019lik hissesini yakla\u015f\u0131k 140 milyon TL kar\u015f\u0131l\u0131\u011f\u0131nda sat\u0131n ald\u0131k. Yapt\u0131\u011f\u0131m\u0131z bu yat\u0131r\u0131m, 2022 y\u0131l\u0131ndaki ciromuza, 439 milyon TL\u2019lik bir katk\u0131 sa\u011flad\u0131.\u00a0<\/em><\/p>\n<p><em>Bununla birlikte yurt d\u0131\u015f\u0131nda b\u00fcy\u00fcme hedeflerimiz kapsam\u0131nda, ge\u00e7en y\u0131ldan beri \u00fczerinde \u00e7al\u0131\u015ft\u0131\u011f\u0131m\u0131z Romanya\u2019daki yat\u0131r\u0131m\u0131m\u0131z\u0131 da bu y\u0131l\u0131n hemen ba\u015f\u0131nda olumlu \u015fekilde sonu\u00e7land\u0131rd\u0131k. Romanya\u2019da in\u015faat sekt\u00f6r\u00fcnde faaliyet g\u00f6steren g\u00fc\u00e7l\u00fc bir yerel ortak ile ortakla\u015fa kurdu\u011fumuz Kalekim Romania SA, bu \u00fclkedeki faaliyetlerine ba\u015flad\u0131. K\u00f6stence ve B\u00fckre\u015f\u2019te a\u00e7t\u0131\u011f\u0131m\u0131z depo ve sat\u0131\u015f yerlerimiz ile faaliyetlerimize devam etmekteyiz. Yine Irak\u2019\u0131n Duhok \u015fehrinde yeni bir \u015fube a\u00e7may\u0131 planl\u0131yoruz. Bu \u015fubemiz ile hem Kuzey Irak\u2019ta hem de Irak\u2019\u0131n geri kalan b\u00f6lgelerinde t\u00fcketicilere daha h\u0131zl\u0131 ula\u015fmay\u0131 ama\u00e7l\u0131yoruz. Ayr\u0131ca artan enerji maliyetleri ve s\u00fcrd\u00fcr\u00fclebilirlik hedeflerimiz do\u011frultusunda \u00f6n\u00fcm\u00fczdeki s\u00fcre\u00e7te, g\u00fcne\u015f enerjisine yakla\u015f\u0131k 6 milyon dolarl\u0131k bir yat\u0131r\u0131m\u0131 yapma karar\u0131 ald\u0131k.\u201d<\/em><\/p>\n<h3><strong>\u201cZorluklar\u0131 ba\u015far\u0131ya d\u00f6n\u00fc\u015ft\u00fcrd\u00fc\u011f\u00fcm\u00fcz bir y\u0131l oldu\u201d<\/strong><\/h3>\n<p><strong>Kalekim Genel M\u00fcd\u00fcr\u00fc Timur Karao\u011flu<\/strong> ise, 2022 y\u0131l\u0131nda g\u00fc\u00e7l\u00fc performanslar\u0131 ile zorluklar\u0131 ba\u015far\u0131ya d\u00f6n\u00fc\u015ft\u00fcrd\u00fcklerini belirterek, <span style=\"text-decoration: underline;\">\u015funlar\u0131 kaydetti:<\/span><\/p>\n<p><em>\u201cYa\u015fad\u0131\u011f\u0131m\u0131z deprem felaketleri nedeniyle zor bir s\u00fcre\u00e7ten ge\u00e7iyoruz. Ama zorluklar kar\u015f\u0131s\u0131nda birlik olmay\u0131, dayan\u0131\u015fma ruhu i\u00e7inde hareket etmeyi \u00e7ok iyi bilen ve ge\u00e7mi\u015fi bunun \u00f6rnekleri ile dolu olan <img loading=\"lazy\" class=\"alignleft wp-image-170319\" src=\"https:\/\/www.enerjigazetesi.ist\/wp-content\/uploads\/2023\/03\/1677857514_Kalekim_Genel_M__d__r___Timur_Karaoglu.jpg\" alt=\"\" width=\"320\" height=\"385\" srcset=\"https:\/\/www.enerjigazetesi.ist\/wp-content\/uploads\/2023\/03\/1677857514_Kalekim_Genel_M__d__r___Timur_Karaoglu.jpg 345w, https:\/\/www.enerjigazetesi.ist\/wp-content\/uploads\/2023\/03\/1677857514_Kalekim_Genel_M__d__r___Timur_Karaoglu-249x300.jpg 249w, https:\/\/www.enerjigazetesi.ist\/wp-content\/uploads\/2023\/03\/1677857514_Kalekim_Genel_M__d__r___Timur_Karaoglu-333x400.jpg 333w, https:\/\/www.enerjigazetesi.ist\/wp-content\/uploads\/2023\/03\/1677857514_Kalekim_Genel_M__d__r___Timur_Karaoglu-42x50.jpg 42w\" sizes=\"(max-width: 320px) 100vw, 320px\" \/>bir milletiz. Bu deprem felaketinde de yine ayn\u0131 dayan\u0131\u015fma ruhu ile yaralar\u0131m\u0131z\u0131 sar\u0131p, yeniden aya\u011fa kalkaca\u011f\u0131z. Kalekim olarak, Kale Grubu\u2019nun i\u015ftiraki \u015firketlerle birlikte ilk g\u00fcnden itibaren harekete ge\u00e7erek, ayni ve nakdi yard\u0131mlarla b\u00f6lgeye destek olduk. Yitirdi\u011fimiz t\u00fcm canlar i\u00e7in bir kez daha t\u00fcm milletimize ba\u015f sa\u011fl\u0131\u011f\u0131 diliyorum. \u015eirket olarak, ilk g\u00fcn oldu\u011fu gibi bundan sonra da \u00fczerimize d\u00fc\u015fen sorumluluk do\u011frultusunda hem b\u00f6lgeye hem de depremzedelerimize destek olmaya devam edece\u011fiz.<\/em><\/p>\n<p><em>Kalekim olarak, 2022 y\u0131l\u0131n\u0131n i\u00e7erisinde her \u00e7eyrek bir ad\u0131m daha ileri ta\u015f\u0131d\u0131\u011f\u0131m\u0131z finansal ba\u015far\u0131m\u0131z\u0131, y\u0131l sonu itibariyle hedeflerimizin de \u00fcst\u00fcne \u00e7\u0131karak, ta\u00e7land\u0131rd\u0131k. Pandemi, sava\u015f, enerji krizi ve k\u00fcresel resesyon endi\u015felerinin g\u00f6lgesinde ge\u00e7en bir y\u0131lda, yapt\u0131\u011f\u0131m\u0131z do\u011fru yat\u0131r\u0131m ve i\u015f birli\u011fi hamleleri ile zorluklar\u0131 ba\u015far\u0131ya d\u00f6n\u00fc\u015ft\u00fcrd\u00fck. Y\u0131l sonu itibariyle net sat\u0131\u015f gelirimizi, bir \u00f6nceki y\u0131la g\u00f6re, %165 art\u0131rarak, 2,14 milyar TL \u2019ye \u00e7\u0131kard\u0131k. Bu s\u00fcre\u00e7te net d\u00f6nem kar\u0131m\u0131z da ge\u00e7en y\u0131la oranla %146 artarak, 524,7 milyon TL olarak ger\u00e7ekle\u015fti. 2022 y\u0131l\u0131nda ayr\u0131ca esas faaliyet kar marj\u0131m\u0131z\u0131 420 baz puan iyile\u015ftirerek, %15,6\u2019dan %19,8\u2019e y\u00fckselttik. Ayn\u0131 \u015fekilde yurt i\u00e7i sat\u0131\u015flar\u0131m\u0131z\u0131 bir \u00f6nceki y\u0131la g\u00f6re %161, yurt d\u0131\u015f\u0131 sat\u0131\u015flar\u0131m\u0131z\u0131 da %171 oran\u0131nda artt\u0131rarak hem ulusal hem de uluslararas\u0131 pazarda \u00f6nemli bir ba\u015far\u0131ya imza att\u0131k. \u00d6n\u00fcm\u00fczdeki s\u00fcre\u00e7te de yine yeni yat\u0131r\u0131m ve i\u015f birlikleri ile bu ba\u015far\u0131m\u0131z\u0131 daha da ileri ta\u015f\u0131may\u0131 hedefliyoruz.<\/em><\/p>\n<h3><em><strong>\u201cG\u00fcne\u015f enerjisi i\u00e7in 6 milyon dolarl\u0131k yat\u0131r\u0131m karar\u0131 ald\u0131k\u201d<\/strong><\/em><\/h3>\n<p><em>\u00d6n\u00fcm\u00fczdeki s\u00fcre\u00e7te en \u00f6nemli yat\u0131r\u0131m hedeflerimizden biri de temiz enerji olacak. Gerek artan enerji maliyetleri gerekse de s\u00fcrd\u00fcr\u00fclebilirlik hedeflerimiz do\u011frultusunda temiz enerjiye d\u00f6n\u00fck \u00f6nemli bir yat\u0131r\u0131m karar\u0131 ald\u0131k. \u00dcretimde daha fazla temiz enerjiden yararlanmak ad\u0131na \u00f6zellikle \u00f6n\u00fcm\u00fczdeki d\u00f6nemde g\u00fcne\u015f enerjisine d\u00f6n\u00fck yat\u0131r\u0131mlar yapmay\u0131 planl\u0131yoruz. Bu kapsamda, <strong>Yozgat Yerk\u00f6y<\/strong>\u2019deki Kaleseramik \u00d6zel Organize Sanayi B\u00f6lgesi\u2019ndeki 5 farkl\u0131 parselde bulunan 171.477 metrekare alan\u0131n, <strong>99.520<\/strong> metrekaresinde <strong>5 MW<\/strong>\u00a0yine Bal\u0131kesir\u2019deki fabrikam\u0131z\u0131n \u00e7at\u0131s\u0131na da <strong>0,96 MW<\/strong>\u2019e olmak \u00fczere <strong>toplam 5,96 MW<\/strong>\u2019e kurma karar\u0131 ald\u0131k. Yerk\u00f6y\u2019deki yat\u0131r\u0131m\u0131m\u0131z\u0131n <strong>\u00c7ED uygunluk ba\u015fvuru s\u00fcrecini<\/strong> de tamamlad\u0131k. <strong>G\u00fcne\u015f enerjisi alan\u0131nda<\/strong>, alternatif teklifleri de de\u011ferlendirerek, \u00f6n\u00fcm\u00fczdeki s\u00fcre\u00e7te <strong>\u015firket kaynaklar\u0131<\/strong> ve<strong> ye\u015fil finansman imkanlar\u0131yla<\/strong> yakla\u015f\u0131k <strong>6 milyon dolarl\u0131k<\/strong> bir yat\u0131r\u0131m yapmay\u0131 hedefliyoruz. Bu yat\u0131r\u0131m\u0131n, \u00f6zellikle bizim \u015firket olarak <strong>ye\u015fil d\u00f6n\u00fc\u015f\u00fcm\u00fcm\u00fcze<\/strong> katk\u0131 yapmas\u0131n\u0131n yan\u0131nda, \u00fclkemizin <strong>2053 Net S\u0131f\u0131r emisyon hedeflerine<\/strong> de \u00e7ok \u00f6nemli katk\u0131lar yapaca\u011f\u0131na inan\u0131yoruz.\u201d<\/em><\/p>","protected":false},"excerpt":{"rendered":"<p>Sorry, this entry is only available in Turkish. For the sake of viewer convenience, the content is shown below in the alternative language. You may click the link to switch the active language. T\u00fcrkiye Yap\u0131 kimyasallar\u0131 sekt\u00f6r\u00fcn\u00fcn \u00f6nc\u00fc markas\u0131 Kalekim, 2022 y\u0131l\u0131 finansal sonu\u00e7lar\u0131n\u0131 a\u00e7\u0131klad\u0131. Y\u0131l genelindeki istikrarl\u0131 ba\u015far\u0131s\u0131n\u0131 y\u0131l sonuna da ta\u015f\u0131yan Kalekim, k\u00fcresel [&hellip;]<\/p>\n","protected":false},"author":1,"featured_media":170315,"comment_status":"open","ping_status":"open","sticky":false,"template":"","format":"standard","meta":[],"categories":[53,49],"tags":[431,83070,34017,107183,8499],"views":64,"_links":{"self":[{"href":"https:\/\/www.enerjigazetesi.ist\/en\/wp-json\/wp\/v2\/posts\/170312"}],"collection":[{"href":"https:\/\/www.enerjigazetesi.ist\/en\/wp-json\/wp\/v2\/posts"}],"about":[{"href":"https:\/\/www.enerjigazetesi.ist\/en\/wp-json\/wp\/v2\/types\/post"}],"author":[{"embeddable":true,"href":"https:\/\/www.enerjigazetesi.ist\/en\/wp-json\/wp\/v2\/users\/1"}],"replies":[{"embeddable":true,"href":"https:\/\/www.enerjigazetesi.ist\/en\/wp-json\/wp\/v2\/comments?post=170312"}],"version-history":[{"count":1,"href":"https:\/\/www.enerjigazetesi.ist\/en\/wp-json\/wp\/v2\/posts\/170312\/revisions"}],"predecessor-version":[{"id":170313,"href":"https:\/\/www.enerjigazetesi.ist\/en\/wp-json\/wp\/v2\/posts\/170312\/revisions\/170313"}],"wp:featuredmedia":[{"embeddable":true,"href":"https:\/\/www.enerjigazetesi.ist\/en\/wp-json\/wp\/v2\/media\/170315"}],"wp:attachment":[{"href":"https:\/\/www.enerjigazetesi.ist\/en\/wp-json\/wp\/v2\/media?parent=170312"}],"wp:term":[{"taxonomy":"category","embeddable":true,"href":"https:\/\/www.enerjigazetesi.ist\/en\/wp-json\/wp\/v2\/categories?post=170312"},{"taxonomy":"post_tag","embeddable":true,"href":"https:\/\/www.enerjigazetesi.ist\/en\/wp-json\/wp\/v2\/tags?post=170312"}],"curies":[{"name":"wp","href":"https:\/\/api.w.org\/{rel}","templated":true}]}}