{"id":170266,"date":"2023-03-03T11:24:50","date_gmt":"2023-03-03T08:24:50","guid":{"rendered":"https:\/\/www.enerjigazetesi.ist\/?p=170266"},"modified":"2023-03-03T11:31:06","modified_gmt":"2023-03-03T08:31:06","slug":"turkiye-imsadin-yeni-donem-baskani-yeniden-tayfun-kucukoglu-oldu","status":"publish","type":"post","link":"https:\/\/www.enerjigazetesi.ist\/en\/turkiye-imsadin-yeni-donem-baskani-yeniden-tayfun-kucukoglu-oldu\/","title":{"rendered":"(Turkish) &#8217;T\u00fcrkiye \u0130MSAD&#8217;\u0131n Yeni D\u00f6nem Ba\u015fkan\u0131 Yeniden &#8216;Tayfun K\u00fc\u00e7\u00fcko\u011flu&#8217; Oldu"},"content":{"rendered":"<p class=\"qtranxs-available-languages-message qtranxs-available-languages-message-en\">Sorry, this entry is only available in <a href=\"https:\/\/www.enerjigazetesi.ist\/tr\/wp-json\/wp\/v2\/posts\/170266\" class=\"qtranxs-available-language-link qtranxs-available-language-link-tr\" title=\"Turkish\">Turkish<\/a>. For the sake of viewer convenience, the content is shown below in the alternative language. You may click the link to switch the active language.<\/p><p><\/p>\n<h2><strong>\u0130n\u015faat malzemesi sekt\u00f6r\u00fcn\u00fcn \u00e7at\u0131 kurulu\u015fu\u00a0<\/strong><strong>T\u00fcrkiye \u0130MSAD\u2019\u0131n 38. Ola\u011fan Se\u00e7imli Genel Kurulu\u2019nda, yeni y\u00f6netim belirlendi. T\u00fcrkiye \u0130MSAD\u2019\u0131n yeni d\u00f6neminin ilk Y\u00f6netim Kurulu toplant\u0131s\u0131nda, Y\u00f6netim Kurulu Ba\u015fkanl\u0131\u011f\u0131\u2019na oy birli\u011fiyle yeniden Tayfun K\u00fc\u00e7\u00fcko\u011flu se\u00e7ildi. Uzun y\u0131llar y\u00f6netim kurullar\u0131nda g\u00f6rev ald\u0131ktan sonra \u00fcst \u00fcste ikinci kez T\u00fcrkiye \u0130MSAD Y\u00f6netim Kurulu Ba\u015fkan\u0131 se\u00e7ilen Tayfun K\u00fc\u00e7\u00fcko\u011flu, \u201c\u00d6n\u00fcm\u00fczdeki d\u00f6nemde de sekt\u00f6r i\u00e7i artan koordinasyonumuz ile hep beraber \u00fclkemize ve sekt\u00f6r\u00fcm\u00fcze daha y\u00fcksek fayda sa\u011flayaca\u011f\u0131z\u201d dedi.<\/strong><\/h2>\n<p><strong>T\u00fcrkiye \u0130n\u015faat Malzemesi Sanayicileri Derne\u011fi\u2019nin (T\u00fcrkiye \u0130MSAD)<\/strong>\u00a038. Ola\u011fan Se\u00e7imli Genel Kurulu\u2019nda 2023-2026 d\u00f6nemini kapsayan 3 y\u0131l i\u00e7in g\u00f6rev yapacak y\u00f6netim ve denetim kurullar\u0131 belirlendi. 28 \u015eubat 2023\u2019te\u00a0Limak Eurasia Hotel\u2019de ger\u00e7ekle\u015ftirilen toplant\u0131da, <strong>Betek Boya Genel M\u00fcd\u00fcr\u00fc<\/strong>\u00a0<strong>Tayfun K\u00fc\u00e7\u00fcko\u011flu,\u00a0<\/strong><strong>\u00fcst \u00fcste ikinci kez<\/strong><strong>\u00a0<\/strong>T\u00fcrkiye \u0130MSAD Y\u00f6netim Kurulu Ba\u015fkanl\u0131\u011f\u0131\u2019na se\u00e7ildi.<\/p>\n<h3><strong>\u201cT\u00fcrkiye \u0130MSAD olarak kal\u0131c\u0131 ve \u00f6rnek etki yaratacak projeler i\u00e7in \u00e7al\u0131\u015f\u0131yoruz\u201d<\/strong><\/h3>\n<p>38. Ola\u011fan Se\u00e7imli Genel Kurul\u2019un a\u00e7\u0131l\u0131\u015f konu\u015fmas\u0131nda, Kahramanmara\u015f\u2019ta meydana gelen ve 11 ilimizde b\u00fcy\u00fck ac\u0131lara neden olan depremlerden dolay\u0131 \u00fcz\u00fcnt\u00fcs\u00fcn\u00fc dile getiren <strong>T\u00fcrkiye \u0130MSAD<img loading=\"lazy\" class=\"alignright wp-image-170269\" src=\"https:\/\/www.enerjigazetesi.ist\/wp-content\/uploads\/2023\/03\/2023-03-03_112017.jpg\" alt=\"\" width=\"320\" height=\"453\" srcset=\"https:\/\/www.enerjigazetesi.ist\/wp-content\/uploads\/2023\/03\/2023-03-03_112017.jpg 409w, https:\/\/www.enerjigazetesi.ist\/wp-content\/uploads\/2023\/03\/2023-03-03_112017-212x300.jpg 212w, https:\/\/www.enerjigazetesi.ist\/wp-content\/uploads\/2023\/03\/2023-03-03_112017-283x400.jpg 283w, https:\/\/www.enerjigazetesi.ist\/wp-content\/uploads\/2023\/03\/2023-03-03_112017-35x50.jpg 35w\" sizes=\"(max-width: 320px) 100vw, 320px\" \/> Y\u00f6netim Kurulu Ba\u015fkan\u0131 Tayfun K\u00fc\u00e7\u00fcko\u011flu,<\/strong> <em>\u201cMaalesef ac\u0131m\u0131z ve kayb\u0131m\u0131z \u00e7ok b\u00fcy\u00fck, yaralar\u0131m\u0131z \u00e7ok derin. Depremin ilk g\u00fcn\u00fcnden bu yana \u00fclkemizin d\u00f6rt bir yan\u0131ndan vatanda\u015flar\u0131m\u0131z yard\u0131m seferberli\u011fi i\u00e7in tek y\u00fcrek oldu. \u00dclkemize has e\u015fi benzeri olmayan \u00c7anakkale ruhunu ve dayan\u0131\u015fma \u015fuurunu bir kez daha ya\u015fad\u0131k. Emsalsiz yard\u0131mla\u015fma g\u00fcc\u00fcm\u00fcz ile yaralar\u0131m\u0131z\u0131 hep beraber saraca\u011f\u0131m\u0131za eminim. <strong>T\u00fcrkiye \u0130MSAD<\/strong> olarak depremin ilk g\u00fcn\u00fcnden itibaren yard\u0131mlar\u0131n ihtiya\u00e7 noktalar\u0131na tek elden ula\u015ft\u0131r\u0131lmas\u0131 i\u00e7in <strong>TOBB, T\u00dcS\u0130AD, Sanayi Bakanl\u0131\u011f\u0131, Ticaret Bakanl\u0131\u011f\u0131<\/strong> ba\u015fta olmak \u00fczere bir\u00e7ok kurumla ileti\u015fim halindeyiz. Bu kurumlardan ve derneklerimizden gelen talepleri, ilgili <strong>\u00fcr\u00fcn gruplar\u0131ndaki \u00fcyelerimize ula\u015ft\u0131r\u0131yor, gereken ba\u011flant\u0131lar\u0131 ve koordinasyonu sa\u011fl\u0131yoruz.<\/strong> \u00dcyelerimizin b\u00f6lgede yer alan <strong>bayi a\u011flar\u0131<\/strong> ve <strong>saha ekipleri<\/strong> vas\u0131tas\u0131yla bize ula\u015fan bilgileri ve ihtiya\u00e7lar\u0131 gereken mercilere iletmek i\u00e7in \u00e7al\u0131\u015fmalar y\u00fcr\u00fct\u00fcyoruz. Seferberlik d\u00fczeyinde destek sa\u011flayan t\u00fcm \u00fcyelerimize minnettar\u0131m. T\u00fcrkiye \u0130MSAD olarak kal\u0131c\u0131 ve \u00f6rnek etki yaratacak projeler i\u00e7in \u00e7al\u0131\u015f\u0131yor ve g\u00fc\u00e7lerimizi birle\u015ftirece\u011fimize inan\u0131yorum. Cumhuriyet tarihimizin en b\u00fcy\u00fck afetlerinden biri olan depremde hayat\u0131n\u0131 kaybeden vatanda\u015flar\u0131m\u0131za tekrar Allah\u2019tan rahmet, kederli ailelerine sab\u0131r ve yaral\u0131 vatanda\u015flar\u0131m\u0131za acil \u015fifalar diliyorum\u201d\u00a0<\/em>dedi.<\/p>\n<h3><strong>\u201cY\u00fcksek dayan\u0131\u015fma \u015fuuru ile sekt\u00f6r\u00fcm\u00fcz\u00fcn ihtiya\u00e7lar\u0131 kar\u015f\u0131layaca\u011f\u0131na eminim\u201d<\/strong><\/h3>\n<p>Deprem g\u00fcvenli\u011fi bilincini, fark\u0131ndal\u0131\u011f\u0131 tespit etmek ve geli\u015ftirme stratejilerini belirlemek ad\u0131na uzun vadeli bir seferberlik ba\u015flat\u0131lmas\u0131 gerekti\u011fini ifade eden <strong>Tayfun K\u00fc\u00e7\u00fcko\u011flu<\/strong> ilk hedefin deprem yaralar\u0131n\u0131 sarmak oldu\u011funun alt\u0131n\u0131 \u00e7izdi ve s\u00f6zlerine \u015f\u00f6yle devam etti: <em>\u201cKurtarma a\u015famas\u0131ndan sonra ge\u00e7ici bar\u0131nma olu\u015fturma ve kal\u0131c\u0131 \u00e7a\u011fda\u015f ya\u015fam ko\u015fullar\u0131n\u0131n planlanmas\u0131 s\u00fcreci i\u00e7in t\u00fcm \u00fclke olarak seferberlik halindeyiz<\/em>. <em>T\u00fcrkiye \u0130MSAD olarak y\u0131llard\u0131r deprem felaketine kar\u015f\u0131 at\u0131lmas\u0131 gereken ad\u0131mlara dair bir\u00e7ok \u00e7al\u0131\u015fma yapt\u0131k ve raporlar yay\u0131mlad\u0131k. Kamu ve medya temaslar\u0131m\u0131zda bu konulara dikkat \u00e7ektik. Fakat biliyoruz ki bunlar bug\u00fcnden yar\u0131na uygulanacak \u00e7\u00f6z\u00fcmler de\u011fil. Deprem konusunda topyek\u00fbn bir seferberli\u011fe ihtiyac\u0131m\u0131z var. Deprem g\u00fcvenli\u011fi bilincimizin geli\u015fimini orta ve uzun vadeli kal\u0131c\u0131 tedbirler i\u00e7in \u00f6nemli g\u00f6r\u00fcyoruz. \u0130htiya\u00e7 yoksa m\u00fccadele olmaz. Enerji ve Tabii Kaynaklar Bakanl\u0131\u011f\u0131\u2019n\u0131n Enerji Verimlili\u011fi Bilin\u00e7 Endeksi benzeri bir y\u00f6ntemle deprem g\u00fcvenli\u011fi bilincinin fark\u0131ndal\u0131k ve davran\u0131\u015fa d\u00f6n\u00fc\u015fme boyutunu tespit etmemiz ve geli\u015ftirme stratejilerini belirlemek ad\u0131na uzun vadeli bir seferberli\u011fi ba\u015flatmam\u0131z gerekiyor. Ama \u00f6ncelikli hedefimiz depremin yaralar\u0131n\u0131 sarmak. \u015eu anda kurtarma a\u015famas\u0131ndan sonra ge\u00e7ici bar\u0131nma olu\u015fturma ve kal\u0131c\u0131 \u00e7a\u011fda\u015f ya\u015fam ko\u015fullar\u0131n\u0131n planlanmas\u0131 s\u00fcreci i\u00e7indeyiz.\u00a0<\/em>\u00c7<em>evre, \u015eehircilik ve \u0130klim De\u011fi\u015fikli\u011fi Bakanl\u0131\u011f\u0131 verilerine g\u00f6re ilk etapta 270 binin \u00fczerinde y\u0131k\u0131k, a\u011f\u0131r hasarl\u0131 yap\u0131 bulunuyor. Art\u00e7\u0131 depremler ve kesinle\u015fen tespitler etkisi ile kal\u0131c\u0131 konut rakam\u0131 y\u00fckselebilir. \u00c7evre, \u015eehircilik ve \u0130klim De\u011fi\u015fikli\u011fi Bakanl\u0131\u011f\u0131\u2019n\u0131n planlad\u0131\u011f\u0131 \u00e7a\u011fda\u015f ya\u015fam nitelikleri ile tasarlanan kal\u0131c\u0131 konut olu\u015fturma seferberli\u011fi evrensel boyutta b\u00fcy\u00fckt\u00fcr. \u0130n\u015faat end\u00fcstrimiz kal\u0131c\u0131, \u00e7a\u011fda\u015f ya\u015fam konutlar\u0131n\u0131n olu\u015fturulmas\u0131 i\u00e7in ihtiya\u00e7 duyulan malzemeleri \u00fcretme potansiyeline sahiptir. Burada kritik olan fakt\u00f6r malzeme cinsi, miktar\u0131 ve ihtiya\u00e7 zaman\u0131n\u0131n koordinasyonu olacakt\u0131r. Amac\u0131m\u0131z koordinasyonun ideal seviyede olu\u015fmas\u0131n\u0131 sa\u011flamakt\u0131r. Y\u00fcksek dayan\u0131\u015fma \u015fuuru ile sekt\u00f6r\u00fcm\u00fcz\u00fcn ihtiya\u00e7lar\u0131 kar\u015f\u0131layaca\u011f\u0131na eminim.\u201d<\/em><\/p>\n<h3><strong>Deprem sonras\u0131 ekonomi ve in\u015faat sekt\u00f6r\u00fc \u00f6ng\u00f6r\u00fcleri aktar\u0131ld\u0131<\/strong><\/h3>\n<p><strong>T\u00fcrkiye \u0130MSAD Ekonomi Dan\u0131\u015fman\u0131 Dr. Can Fuat G\u00fcrlesel<\/strong>; 38. Ola\u011fan Se\u00e7imli Genel Kurul\u2019da \u201c<em>T\u00fcrkiye Ekonomisi ve \u0130n\u015faat Sekt\u00f6r\u00fcnde 2023 \u00d6ng\u00f6r\u00fcleri<\/em>\u201d ba\u015fl\u0131kl\u0131 bir sunum yapt\u0131. T\u00fcrkiye\u2019nin ve sekt\u00f6r\u00fcn 2022 y\u0131l\u0131na ili\u015fkin verilerin yer ald\u0131\u011f\u0131 sunumda in\u015faat sekt\u00f6r\u00fc b\u00fcy\u00fcmesi, in\u015faat harcamalar\u0131 ve in\u015faat malzemeleri pazar\u0131na ili\u015fkin rakamlar kat\u0131l\u0131mc\u0131 \u00fcyeler ile payla\u015f\u0131ld\u0131. Ayr\u0131ca sunumda; ya\u015fan\u0131lan elim deprem \u00f6ncesi ekonomik geli\u015fmeler ve in\u015faat sekt\u00f6r\u00fc i\u00e7in 2023 \u00f6ng\u00f6r\u00fclerin payla\u015f\u0131lmas\u0131n\u0131n yan\u0131 s\u0131ra deprem sonras\u0131 ekonomi ve in\u015faat sekt\u00f6r\u00fc \u00f6ng\u00f6r\u00fcleri de aktar\u0131ld\u0131.<\/p>\n<h3><strong>\u00a0\u201cGelece\u011fin getireceklerini zaman\u0131nda anlamal\u0131, idrak etmeliyiz\u201d<\/strong><\/h3>\n<p>38. Ola\u011fan Se\u00e7imli Genel Kurul sonras\u0131 ger\u00e7ekle\u015fen ilk Y\u00f6netim Kurulu\u2019nda oybirli\u011fi ile yeniden Y\u00f6netim Kurulu Ba\u015fkanl\u0131\u011f\u0131\u2019na se\u00e7ilen <strong>Tayfun K\u00fc\u00e7\u00fcko\u011flu,\u00a0<\/strong>Genel Kurul sonras\u0131 ger\u00e7ekle\u015fen \u00dcye Bulu\u015fmas\u0131\u2019n\u0131n a\u00e7\u0131l\u0131\u015f konu\u015fmas\u0131 vesilesi ile haziruna te\u015fekk\u00fcrlerini iletti. <strong>Tayfun K\u00fc\u00e7\u00fcko\u011flu <\/strong>konu\u015fmas\u0131nda gelecek 10 y\u0131lda ge\u00e7mi\u015f 50 y\u0131ldan daha b\u00fcy\u00fck de\u011fi\u015fim olaca\u011f\u0131n\u0131n alt\u0131n\u0131 \u00e7izerek\u00a0\u015fu ifadelere yer verdi<strong>:\u00a0<\/strong><em>\u201cGloballe\u015fme ve ileti\u015fimin limitsiz g\u00fcc\u00fc, \u00f6ng\u00f6r\u00fclemeyen olaylar\u0131n etkisi, s\u0131kl\u0131\u011f\u0131 ve \u00e7e\u015fitlili\u011fin ba\u015f d\u00f6nd\u00fcr\u00fcc\u00fc h\u0131zla artt\u0131\u011f\u0131 g\u00fcn\u00fcm\u00fczde yar\u0131nlarda ba\u015far\u0131l\u0131 olabilmek i\u00e7in daha \u00e7ok ara\u015ft\u0131rmak ve haz\u0131rlanmak; bir \u015feye de\u011fil, t\u00fcm de\u011fi\u015fkenlere hakim olmak zorunday\u0131z. Art\u0131k ge\u00e7mi\u015f tecr\u00fcbe ve bilgilerimiz ile gelece\u011fe y\u00f6nelik tahminde bulunmak yetersiz kal\u0131yor. Global \u00f6l\u00e7\u00fcde ve topyek\u00fbn b\u00fcy\u00fck de\u011fi\u015fimin, d\u00f6n\u00fc\u015f\u00fcm\u00fcn ya\u015fanaca\u011f\u0131, ta\u015flar\u0131n yerinden oynay\u0131p oyunun kurallar\u0131n\u0131n yeniden yaz\u0131laca\u011f\u0131 s\u00fcre\u00e7 her g\u00fcn etkisini art\u0131racak.<\/em>Bu m<em>utlak ve ola\u011fan\u00fcst\u00fc d\u00f6n\u00fc\u015f\u00fcm d\u00f6nemine haz\u0131r olanlar ekonomik ve sosyal alanda \u00f6ne ge\u00e7ecek. Bu durumun \u00fclkemize\u00a0<\/em><em>etkisinin artaca\u011f\u0131 bir\u00a0gelecek bizi bekliyor. \u00dclkemiz bu g\u00fc\u00e7l\u00fc de\u011fi\u015fimin ortas\u0131nda kalacak ve \u00e7ok kritik avantajlar olu\u015facak. \u00dclkemiz ve sekt\u00f6r\u00fcm\u00fcz ad\u0131na b\u00fcy\u00fck geli\u015fim olanaklar\u0131 yolunda gelece\u011fin getireceklerini zaman\u0131nda anlamal\u0131, idrak etmeli ve y\u00fcksek irade ve disiplin ile bu s\u00fcrece haz\u0131rlanmal\u0131y\u0131z. Ezbere veya ge\u00e7mi\u015f al\u0131\u015fkanl\u0131klar\u0131m\u0131z\u0131n etkisi ile yapt\u0131\u011f\u0131m\u0131z planlamalar b\u00fcy\u00fck zaaf yaratacakt\u0131r. Geli\u015fim yolunda savrulmamak ad\u0131na daha \u00e7ok ara\u015ft\u0131rmal\u0131 ve haz\u0131rlanmal\u0131y\u0131z. Bir \u015feye de\u011fil t\u00fcm de\u011fi\u015fkenlere hakim olmak zorunday\u0131z. B\u00f6ylece \u015foklara kar\u015f\u0131 direncimizin, f\u0131rsatlara kar\u015f\u0131 de\u011ferlendirme kapasitemizin y\u00fckseltilebilmesi m\u00fcmk\u00fcn olacakt\u0131r. T\u00fcrkiye \u0130MSAD\u2019\u0131n bu s\u00fcre\u00e7te \u00fclkemize ve sekt\u00f6r\u00fcm\u00fcze sorumlulu\u011funun ve katk\u0131s\u0131n\u0131n artaca\u011f\u0131na eminim.\u201d\u00a0<\/em><\/p>\n<h3><strong>Asr\u0131n felaketi deprem ger\u00e7e\u011fi masaya yat\u0131r\u0131ld\u0131<\/strong><\/h3>\n<p>T\u00fcrkiye \u0130MSAD \u00dcye Bulu\u015fmas\u0131\u2019n\u0131n konuk konu\u015fmac\u0131s\u0131 <strong>T\u00fcrkiye Deprem Vakf\u0131 Y\u00f6netim Kurulu Ba\u015fkan\u0131 Prof. Dr. Alper \u0130lki<\/strong>, ger\u00e7ekle\u015ftirdi\u011fi sunumda T\u00fcrkiye&#8217;de ya\u015fanan depremlerin b\u00f6lgede yol <strong><img loading=\"lazy\" class=\"alignleft wp-image-170275\" src=\"https:\/\/www.enerjigazetesi.ist\/wp-content\/uploads\/2023\/03\/2023-03-03_112745.jpg\" alt=\"\" width=\"320\" height=\"220\" srcset=\"https:\/\/www.enerjigazetesi.ist\/wp-content\/uploads\/2023\/03\/2023-03-03_112745.jpg 550w, https:\/\/www.enerjigazetesi.ist\/wp-content\/uploads\/2023\/03\/2023-03-03_112745-300x206.jpg 300w, https:\/\/www.enerjigazetesi.ist\/wp-content\/uploads\/2023\/03\/2023-03-03_112745-500x344.jpg 500w, https:\/\/www.enerjigazetesi.ist\/wp-content\/uploads\/2023\/03\/2023-03-03_112745-73x50.jpg 73w\" sizes=\"(max-width: 320px) 100vw, 320px\" \/><\/strong>a\u00e7t\u0131\u011f\u0131 hasarlara ve bina \u00f6zelliklerine ili\u015fkin de\u011ferlendirmelerde bulundu. Depremin ilk g\u00fcnlerinde kalabal\u0131k bir ekip ve \u00e7e\u015fitli kurum temsilcileri ile birlikte b\u00f6lgede depremin sebep oldu\u011fu hasar konusunda incelemeler yapt\u0131klar\u0131n\u0131 s\u00f6yleyen Prof. Dr. Alper \u0130lki; izlenimlerinin kabaca tasar\u0131m hatas\u0131, yanl\u0131\u015f malzeme, yanl\u0131\u015f uygulama ve yanl\u0131\u015f zemin se\u00e7imine ba\u011fl\u0131 oldu\u011funu belirtti. Depremin b\u00fcy\u00fckl\u00fc\u011f\u00fcn\u00fcn y\u0131k\u0131m a\u00e7\u0131s\u0131ndan Anadolu tarihinin g\u00f6rd\u00fc\u011f\u00fc en y\u00fcksek seviyede oldu\u011funu ifade etti. G\u00fcndemdeki \u0130stanbul depreminin olas\u0131 senaryolar\u0131na ili\u015fkin verileri de aktaran Prof. Dr. Alper \u0130lki, 2000 y\u0131l\u0131 \u00f6ncesi yap\u0131lan ve depremde can kayb\u0131na yol a\u00e7abilecek binalar i\u00e7in yeniden yap\u0131m ve g\u00fc\u00e7lendirme se\u00e7eneklerinin de\u011ferlendirilmesi gerekti\u011fini belirtti. \u0130stanbul\u2019daki tespit \u00e7al\u0131\u015fmalar\u0131 neticesinde kar\u015f\u0131la\u015f\u0131lacak sonu\u00e7lara g\u00f6re ortaya \u00e7\u0131kacak olan y\u0131k\u0131m, yeniden yap\u0131m ve g\u00fc\u00e7lendirme se\u00e7enekleri hakk\u0131nda de\u011ferlendirmelerde bulundu.<\/p>\n<h3><strong>Gelece\u011fe Yat\u0131r\u0131m \u00d6d\u00fclleri\u00a0sahiplerini buldu<\/strong><\/h3>\n<p>Bu y\u0131l alt\u0131nc\u0131s\u0131 ger\u00e7ekle\u015fen\u00a0T\u00fcrkiye \u0130MSAD Gelece\u011fe Yat\u0131r\u0131m \u00d6d\u00fclleri\u00a0\u2013 \u00d6zel Sekt\u00f6r 2022, \u00dcye Bulu\u015fmalar\u0131\u2019nda sahiplerini bulurken bulu\u015fmada yeni \u00fcyelere de plaketleri verildi.<\/p>","protected":false},"excerpt":{"rendered":"<p>Sorry, this entry is only available in Turkish. For the sake of viewer convenience, the content is shown below in the alternative language. You may click the link to switch the active language. \u0130n\u015faat malzemesi sekt\u00f6r\u00fcn\u00fcn \u00e7at\u0131 kurulu\u015fu\u00a0T\u00fcrkiye \u0130MSAD\u2019\u0131n 38. Ola\u011fan Se\u00e7imli Genel Kurulu\u2019nda, yeni y\u00f6netim belirlendi. T\u00fcrkiye \u0130MSAD\u2019\u0131n yeni d\u00f6neminin ilk Y\u00f6netim Kurulu toplant\u0131s\u0131nda, [&hellip;]<\/p>\n","protected":false},"author":1,"featured_media":170270,"comment_status":"open","ping_status":"open","sticky":false,"template":"","format":"standard","meta":[],"categories":[53],"tags":[108018,99254,25553],"views":25,"_links":{"self":[{"href":"https:\/\/www.enerjigazetesi.ist\/en\/wp-json\/wp\/v2\/posts\/170266"}],"collection":[{"href":"https:\/\/www.enerjigazetesi.ist\/en\/wp-json\/wp\/v2\/posts"}],"about":[{"href":"https:\/\/www.enerjigazetesi.ist\/en\/wp-json\/wp\/v2\/types\/post"}],"author":[{"embeddable":true,"href":"https:\/\/www.enerjigazetesi.ist\/en\/wp-json\/wp\/v2\/users\/1"}],"replies":[{"embeddable":true,"href":"https:\/\/www.enerjigazetesi.ist\/en\/wp-json\/wp\/v2\/comments?post=170266"}],"version-history":[{"count":0,"href":"https:\/\/www.enerjigazetesi.ist\/en\/wp-json\/wp\/v2\/posts\/170266\/revisions"}],"wp:featuredmedia":[{"embeddable":true,"href":"https:\/\/www.enerjigazetesi.ist\/en\/wp-json\/wp\/v2\/media\/170270"}],"wp:attachment":[{"href":"https:\/\/www.enerjigazetesi.ist\/en\/wp-json\/wp\/v2\/media?parent=170266"}],"wp:term":[{"taxonomy":"category","embeddable":true,"href":"https:\/\/www.enerjigazetesi.ist\/en\/wp-json\/wp\/v2\/categories?post=170266"},{"taxonomy":"post_tag","embeddable":true,"href":"https:\/\/www.enerjigazetesi.ist\/en\/wp-json\/wp\/v2\/tags?post=170266"}],"curies":[{"name":"wp","href":"https:\/\/api.w.org\/{rel}","templated":true}]}}