{"id":170259,"date":"2023-03-03T10:42:52","date_gmt":"2023-03-03T07:42:52","guid":{"rendered":"https:\/\/www.enerjigazetesi.ist\/?p=170259"},"modified":"2023-03-03T10:45:47","modified_gmt":"2023-03-03T07:45:47","slug":"sigma-elektrik-yeni-fabrikasiyla-surdurulebilirlige-katki-sunuyor","status":"publish","type":"post","link":"https:\/\/www.enerjigazetesi.ist\/en\/sigma-elektrik-yeni-fabrikasiyla-surdurulebilirlige-katki-sunuyor\/","title":{"rendered":"(Turkish) Sigma Elektrik&#8217;ten Yeni Fabrikas\u0131yla S\u00fcrd\u00fcr\u00fclebilirli\u011fe Katk\u0131"},"content":{"rendered":"<p class=\"qtranxs-available-languages-message qtranxs-available-languages-message-en\">Sorry, this entry is only available in <a href=\"https:\/\/www.enerjigazetesi.ist\/tr\/wp-json\/wp\/v2\/posts\/170259\" class=\"qtranxs-available-language-link qtranxs-available-language-link-tr\" title=\"Turkish\">Turkish<\/a>. For the sake of viewer convenience, the content is shown below in the alternative language. You may click the link to switch the active language.<\/p><p><\/p>\n<h2><strong>30 y\u0131l\u0131 a\u015fk\u0131n bir s\u00fcredir al\u00e7ak gerilim \u015falt \u00fcr\u00fcnleri sekt\u00f6r\u00fcne \u00f6nc\u00fcl\u00fck eden Sigma Elektrik, <\/strong><strong>modern ve teknolojik altyap\u0131yla donat\u0131lm\u0131\u015f yeni fabrikas\u0131nda \u00fcretim hacmini art\u0131rma hedefiyle \u00e7al\u0131\u015f\u0131yor. Bayilerinin \u00fcr\u00fcnlere ula\u015fma ve temini konusunda herhangi bir sorun ya\u015famamas\u0131 i\u00e7in tam kapasite \u00e7al\u0131\u015fmay\u0131 planlayan firma, y\u00fczde 40 band\u0131nda olan ihracat oran\u0131n\u0131 2023 y\u0131l\u0131 sonunda y\u00fczde 50\u2019ler seviyesine ta\u015f\u0131yacak. \u00c7evre dostu bir yap\u0131da kurgulanarak s\u00fcrd\u00fcr\u00fclebilirli\u011fe katk\u0131 sunan fabrikada kurulan sosyal alanlarla da \u00e7al\u0131\u015fan motivasyonunun y\u00fcksek tutulmas\u0131 hedefleniyor. <\/strong><\/h2>\n<p>G\u00fcvenli ve verimli elektrik kullan\u0131m\u0131 i\u00e7in y\u00fcksek kalite ve performansl\u0131 \u00fcr\u00fcnler \u00fcreterek yerli \u00fcretimin g\u00fcc\u00fcn\u00fc d\u00fcnyayla bulu\u015fturan Sigma Elektrik, s\u00fcrd\u00fcr\u00fclebilir bir \u015fekilde b\u00fcy\u00fcmesine devam ediyor.<img loading=\"lazy\" class=\"alignright wp-image-170261\" src=\"https:\/\/www.enerjigazetesi.ist\/wp-content\/uploads\/2023\/03\/Sigma-Elektrik-Genel-Muduru-Ozgur-Unlu1.jpg\" alt=\"\" width=\"320\" height=\"370\" srcset=\"https:\/\/www.enerjigazetesi.ist\/wp-content\/uploads\/2023\/03\/Sigma-Elektrik-Genel-Muduru-Ozgur-Unlu1.jpg 415w, https:\/\/www.enerjigazetesi.ist\/wp-content\/uploads\/2023\/03\/Sigma-Elektrik-Genel-Muduru-Ozgur-Unlu1-259x300.jpg 259w, https:\/\/www.enerjigazetesi.ist\/wp-content\/uploads\/2023\/03\/Sigma-Elektrik-Genel-Muduru-Ozgur-Unlu1-346x400.jpg 346w, https:\/\/www.enerjigazetesi.ist\/wp-content\/uploads\/2023\/03\/Sigma-Elektrik-Genel-Muduru-Ozgur-Unlu1-43x50.jpg 43w\" sizes=\"(max-width: 320px) 100vw, 320px\" \/> Fabrikan\u0131n modern yap\u0131s\u0131 ile \u00e7a\u011fa ayak uydurdu\u011funa de\u011finen <strong>Sigma Elektrik Genel M\u00fcd\u00fcr\u00fc \u00d6zg\u00fcr \u00dcnl\u00fc<\/strong>,<em> \u201c\u00dclke olarak zor g\u00fcnlerden ge\u00e7iyoruz. Ya\u015fad\u0131\u011f\u0131m\u0131z b\u00fcy\u00fck felaketin ard\u0131ndan Sigma Elektrik olarak<strong> t\u00fcm g\u00fcc\u00fcm\u00fczle destek \u00e7al\u0131\u015fmalar\u0131na kat\u0131ld\u0131k<\/strong> ve <strong>deste\u011fimizi s\u00fcrd\u00fcrece\u011fiz.<\/strong> Bu s\u00fcre\u00e7leri hep birlikte atlataca\u011f\u0131m\u0131za inanc\u0131m\u0131z tam. Bir yandan da \u00fclkemizin toparlamas\u0131 i\u00e7in \u00fcretmeye ve de\u011fer yaratmaya devam etmemiz gerekiyor. Biz de yeni fabrikam\u0131zla birlikte hem i\u00e7 hem de d\u0131\u015f piyasada kalitemizden \u00f6d\u00fcn vermeden daha verimli \u00fcretim ger\u00e7ekle\u015ftirmeye odaklanm\u0131\u015f durumday\u0131z. \u00c7evre dostu yap\u0131m\u0131z\u0131n yan\u0131 s\u0131ra <strong>kurdu\u011fumuz otomasyon sistemi<\/strong> ile de <strong>fark yarataca\u011f\u0131m\u0131za eminiz.<\/strong> Yeni fabrikam\u0131zda olu\u015fturdu\u011fumuz sosyal alanlarla da t\u00fcm \u00e7al\u0131\u015fma arkada\u015flar\u0131m\u0131z\u0131n motivasyonlar\u0131n\u0131 y\u00fcksek tutmay\u0131 ama\u00e7l\u0131yoruz\u201d<\/em> dedi.<\/p>\n<h3><strong>Yeni fabrika enerjisini kendisi \u00fcretecek<\/strong><\/h3>\n<p>Sigma Elektrik, <strong>\u0130stanbul Sancaktepe\u2019de 15.o0o m2<\/strong> alana modern ve teknolojik bir altyap\u0131yla kurdu\u011fu yeni fabrikas\u0131yla \u00fcretim kapasitesini de art\u0131r\u0131yor. \u00dcretim hatlar\u0131n\u0131n bir k\u0131sm\u0131n\u0131 otomasyon sistemine ta\u015f\u0131yarak yatay bir yap\u0131da kurgulayan firma, operasyon verimlili\u011fini de art\u0131rmay\u0131 hedefliyor. Fabrikay\u0131 kurgularken s\u00fcrd\u00fcr\u00fclebilirli\u011fi odakta tuttuklar\u0131na de\u011finen <strong>Sigma Elektrik Genel M\u00fcd\u00fcr\u00fc \u00d6zg\u00fcr \u00dcnl\u00fc<\/strong> <em>\u201cS\u00fcrd\u00fcr\u00fclebilirlik ve teknolojik altyap\u0131 bizim i\u00e7in \u00e7ok \u00f6nemli. Yat\u0131r\u0131mlar\u0131m\u0131z\u0131 s\u00fcrd\u00fcrerek otomasyon sistemlerimizi daha da g\u00fc\u00e7lendirmeyi ama\u00e7l\u0131yoruz. <strong>Her ge\u00e7en g\u00fcn verimlili\u011fimizi art\u0131rarak<\/strong> bayi ve m\u00fc\u015fterilerimize kusursuz hizmet vermeye devam edece\u011fiz. Ayr\u0131ca fabrikam\u0131z\u0131 tamam\u0131yla <strong>\u00e7evre dostu bir yap\u0131 haline getirmek<\/strong> i\u00e7in <strong>yenilenebilir enerji kayna\u011f\u0131<\/strong> olan <strong>g\u00fcne\u015f enerji sistemi (GES)<\/strong> kuruyoruz. B\u00f6ylelikle elektrik ihtiyac\u0131m\u0131z\u0131 da g\u00fcne\u015f enerjisinden kar\u015f\u0131layarak, do\u011faya b\u0131rakt\u0131\u011f\u0131m\u0131z karbon ayak izimizi de azaltm\u0131\u015f olaca\u011f\u0131z\u201d<\/em> dedi.<\/p>\n<h3><strong>\u0130hracat oran\u0131 2024\u2019te y\u00fczde 60\u2019a ta\u015f\u0131nacak<\/strong><\/h3>\n<p>Yeni fabrikas\u0131nda<strong> \u00fcretim hatlar\u0131n\u0131 yatay bir yap\u0131ya b\u00fcr\u00fcnd\u00fcrerek<\/strong> verimlili\u011fi art\u0131rmay\u0131 ama\u00e7layan Sigma Elektrik, sa\u011fl\u0131kl\u0131 ve reel bir b\u00fcy\u00fcme hedefliyor. Gerek hammadde fiyatlar\u0131n\u0131n s\u00fcrekli olarak artmas\u0131 gerekse hammadde tedarik s\u00fcre\u00e7lerinde aksamalar ya\u015fanmas\u0131 sebebiyle yeni fabrikas\u0131n\u0131n kurulum s\u00fcrecinde pazardan gelen talepleri \u00f6ng\u00f6rerek ihtiyac\u0131 kar\u015f\u0131lamaya devam eden Sigma Elektrik, m\u00fc\u015fterilerine kusursuz hizmet sunmay\u0131 ama\u00e7l\u0131yor. \u00dcretim adetlerini art\u0131ran firma, bayilerinin \u00fcr\u00fcnlere ula\u015fma ve termin konusunda herhangi bir sorun ya\u015famamas\u0131 i\u00e7in tam kapasite \u00e7al\u0131\u015fmay\u0131 planl\u0131yor. \u0130\u00e7 ve d\u0131\u015f piyasada kalitesinden \u00f6d\u00fcn vermeden, m\u00fc\u015fteri odakl\u0131 \u00e7al\u0131\u015farak i\u015f ortaklar\u0131n\u0131n beklentilerini kar\u015f\u0131layan Sigma Elektrik, <strong>y\u00fczde 40<\/strong> band\u0131nda olan ihracat oranlar\u0131n\u0131 2023 y\u0131l\u0131 sonunda <strong>y\u00fczde 50<\/strong>\u2019lere, 2024 y\u0131l\u0131 sonunda da <strong>y\u00fczde 60<\/strong>\u2019lara kadar \u00e7\u0131karmay\u0131 hedefliyor.<\/p>","protected":false},"excerpt":{"rendered":"<p>Sorry, this entry is only available in Turkish. For the sake of viewer convenience, the content is shown below in the alternative language. You may click the link to switch the active language. 30 y\u0131l\u0131 a\u015fk\u0131n bir s\u00fcredir al\u00e7ak gerilim \u015falt \u00fcr\u00fcnleri sekt\u00f6r\u00fcne \u00f6nc\u00fcl\u00fck eden Sigma Elektrik, modern ve teknolojik altyap\u0131yla donat\u0131lm\u0131\u015f yeni fabrikas\u0131nda \u00fcretim [&hellip;]<\/p>\n","protected":false},"author":1,"featured_media":170262,"comment_status":"open","ping_status":"open","sticky":false,"template":"","format":"standard","meta":[],"categories":[51,53],"tags":[49359,26353,107368,75305,100081,108017],"views":97,"_links":{"self":[{"href":"https:\/\/www.enerjigazetesi.ist\/en\/wp-json\/wp\/v2\/posts\/170259"}],"collection":[{"href":"https:\/\/www.enerjigazetesi.ist\/en\/wp-json\/wp\/v2\/posts"}],"about":[{"href":"https:\/\/www.enerjigazetesi.ist\/en\/wp-json\/wp\/v2\/types\/post"}],"author":[{"embeddable":true,"href":"https:\/\/www.enerjigazetesi.ist\/en\/wp-json\/wp\/v2\/users\/1"}],"replies":[{"embeddable":true,"href":"https:\/\/www.enerjigazetesi.ist\/en\/wp-json\/wp\/v2\/comments?post=170259"}],"version-history":[{"count":0,"href":"https:\/\/www.enerjigazetesi.ist\/en\/wp-json\/wp\/v2\/posts\/170259\/revisions"}],"wp:featuredmedia":[{"embeddable":true,"href":"https:\/\/www.enerjigazetesi.ist\/en\/wp-json\/wp\/v2\/media\/170262"}],"wp:attachment":[{"href":"https:\/\/www.enerjigazetesi.ist\/en\/wp-json\/wp\/v2\/media?parent=170259"}],"wp:term":[{"taxonomy":"category","embeddable":true,"href":"https:\/\/www.enerjigazetesi.ist\/en\/wp-json\/wp\/v2\/categories?post=170259"},{"taxonomy":"post_tag","embeddable":true,"href":"https:\/\/www.enerjigazetesi.ist\/en\/wp-json\/wp\/v2\/tags?post=170259"}],"curies":[{"name":"wp","href":"https:\/\/api.w.org\/{rel}","templated":true}]}}