{"id":170179,"date":"2023-03-02T11:37:51","date_gmt":"2023-03-02T08:37:51","guid":{"rendered":"https:\/\/www.enerjigazetesi.ist\/?p=170179"},"modified":"2023-03-02T11:39:26","modified_gmt":"2023-03-02T08:39:26","slug":"sabanci-toplulugu-deprem-bolgesi-icin-12-milyar-tllik-kaynak-tahsis-etti","status":"publish","type":"post","link":"https:\/\/www.enerjigazetesi.ist\/en\/sabanci-toplulugu-deprem-bolgesi-icin-12-milyar-tllik-kaynak-tahsis-etti\/","title":{"rendered":"(Turkish) Sabanc\u0131 Toplulu\u011fu Deprem B\u00f6lgesi \u0130\u00e7in 12 Milyar TL\u2019lik Kaynak Tahsis Etti"},"content":{"rendered":"<p class=\"qtranxs-available-languages-message qtranxs-available-languages-message-en\">Sorry, this entry is only available in <a href=\"https:\/\/www.enerjigazetesi.ist\/tr\/wp-json\/wp\/v2\/posts\/170179\" class=\"qtranxs-available-language-link qtranxs-available-language-link-tr\" title=\"Turkish\">Turkish<\/a>. For the sake of viewer convenience, the content is shown below in the alternative language. You may click the link to switch the active language.<\/p><p><\/p>\n<h3>Sabanc\u0131 Holding CEO\u2019su Cenk Alper, Holding\u2019in 2022 finansal sonu\u00e7lar\u0131 ve ge\u00e7ti\u011fimiz ay ya\u015fanan deprem felaketine ili\u015fkin a\u00e7\u0131klamalarda bulundu.<\/h3>\n<p>06 \u015eubat\u2019ta ger\u00e7ekle\u015fen, 11 ilimizde y\u0131k\u0131ma neden olan ve b\u00f6lgedeki 7 bine yak\u0131n Sabanc\u0131 Toplulu\u011fu \u00e7al\u0131\u015fan\u0131n\u0131n do\u011frudan etkilendi\u011fi depremlere ili\u015fkin Cenk Alper, <em>\u201cSabanc\u0131 Toplulu\u011fu olarak b\u00f6lgede ya\u015fanan felakette 19 \u00e7al\u0131\u015fma arkada\u015f\u0131m\u0131z\u0131 ve \u00e7al\u0131\u015fanlar\u0131m\u0131z\u0131n ailelerinden yakla\u015f\u0131k 1.000 ki\u015fiyi <img loading=\"lazy\" class=\"alignright wp-image-170182\" src=\"https:\/\/www.enerjigazetesi.ist\/wp-content\/uploads\/2023\/03\/sabanci-holding-ceo-cenk-alper.jpg\" alt=\"\" width=\"320\" height=\"226\" srcset=\"https:\/\/www.enerjigazetesi.ist\/wp-content\/uploads\/2023\/03\/sabanci-holding-ceo-cenk-alper.jpg 550w, https:\/\/www.enerjigazetesi.ist\/wp-content\/uploads\/2023\/03\/sabanci-holding-ceo-cenk-alper-300x212.jpg 300w, https:\/\/www.enerjigazetesi.ist\/wp-content\/uploads\/2023\/03\/sabanci-holding-ceo-cenk-alper-500x353.jpg 500w, https:\/\/www.enerjigazetesi.ist\/wp-content\/uploads\/2023\/03\/sabanci-holding-ceo-cenk-alper-71x50.jpg 71w\" sizes=\"(max-width: 320px) 100vw, 320px\" \/>kaybetmenin b\u00fcy\u00fck \u00fcz\u00fcnt\u00fcs\u00fcn\u00fc ya\u015f\u0131yoruz. Ya\u015fanan depremlerde <strong>2 bin 343<\/strong> \u00e7al\u0131\u015fan\u0131m\u0131z ise evini kaybetti. B\u00fct\u00fcn bu zorlu ko\u015fullara ra\u011fmen <strong>Enerjisa<\/strong> \u00e7al\u0131\u015fanlar\u0131m\u0131z b\u00f6lgede ilk andan itibaren <strong>elektrik da\u011f\u0131t\u0131m \u015febekesini aya\u011fa kald\u0131rmak<\/strong> i\u00e7in b\u00fcy\u00fck \u00f6zveriyle \u00e7al\u0131\u015ft\u0131lar\u201d<\/em> dedi.<\/p>\n<p>Depremin oldu\u011fu ilk g\u00fcnden itibaren b\u00f6lgede olan ve yap\u0131lacak destek i\u00e7in ilgili kamu kurum ve kurulu\u015flar\u0131 ile irtibata ge\u00e7tiklerini belirten Cenk Alper s\u00f6zlerine \u015f\u00f6yle devam etti: <em>\u201cSabanc\u0131 Toplulu\u011fu olarak \u00e7evre halk\u0131 ve \u00e7al\u0131\u015fanlar\u0131m\u0131za 44 lokasyonumuzda bar\u0131nma ve konaklama imk\u00e2n\u0131 sa\u011flad\u0131k. Bug\u00fcne kadar b\u00f6lgeye <strong>750<\/strong> konteyner, <strong>148<\/strong> mobil tuvalet,<strong> 56 TIR ihtiya\u00e7 malzemesi<\/strong> ve <strong>75 bin destek paketi<\/strong> g\u00f6nderdik. Bu desteklerin yan\u0131 s\u0131ra, g\u00fcnde <strong>26 bin 200 ki\u015fiye<\/strong> yemek da\u011f\u0131t\u0131m\u0131 yap\u0131yoruz.\u201d<\/em><\/p>\n<p><strong>Sabanc\u0131 G\u00f6n\u00fcll\u00fcleriyle<\/strong> birlikte b\u00f6lgedeki yard\u0131m \u00e7al\u0131\u015fmalar\u0131na tam destek veren Sabanc\u0131 Toplulu\u011fu, bug\u00fcne kadar <strong>enerji, banka finansman\u0131, arama kurtarma, bar\u0131nma, g\u0131da ve temel ihtiya\u00e7 da\u011f\u0131t\u0131m\u0131<\/strong> alanlar\u0131nda <strong>12 milyar TL<\/strong>\u2019lik bir kayna\u011f\u0131 b\u00f6lgeye tahsis etti.<\/p>\n<h3><strong>\u201cT\u00dcM YARALAR SARILINCAYA KADAR SEFERBER\u0130Z\u201d<\/strong><\/h3>\n<p>Cenk Alper,<em> \u201cArama kurtarma \u00e7al\u0131\u015fmalar\u0131na destek olmak ad\u0131na, T\u00fcrkiye\u2019nin d\u00f6rt bir yan\u0131ndan gelen <strong>200 ki\u015filik<\/strong> Sabanc\u0131 <strong>arama kurtarma ekibimizi<\/strong> ve <strong>i\u015f makinelerimizi<\/strong> b\u00f6lgeye sevk ettik. Farkl\u0131 g\u00fc\u00e7lerde <strong>1.877 jenerat\u00f6r\u00fc<\/strong> afet b\u00f6lgelerine ula\u015ft\u0131rd\u0131k. B\u00f6lgede toplam <strong>15 bin trafoyu<\/strong> onararak, yeniden hizmete sunduk. Bu s\u00fcrecin uzun bir maraton oldu\u011funu biliyoruz. Bu sebeple t\u00fcm yaralar sar\u0131l\u0131ncaya kadar seferberiz ve b\u00f6lge halk\u0131n\u0131n yan\u0131nda olmaya devam edece\u011fiz\u201d<\/em> dedi.<\/p>\n<h3><strong>\u201c\u015e\u0130RKETLER\u0130M\u0130Z\u0130N B\u00dcY\u00dcME PLANLARININ ODA\u011eINDA YEN\u0130 EKONOM\u0130 VAR\u201d<\/strong><\/h3>\n<p>Sabanc\u0131 Toplulu\u011fu\u2019nun 2022 finansal performans\u0131yla ilgili de de\u011ferlendirmelerde bulunan Cenk Alper, zorlu ko\u015fullara ra\u011fmen, holdingin sa\u011fl\u0131kl\u0131 bilan\u00e7o yap\u0131s\u0131n\u0131 g\u00fc\u00e7lendirmeye devam ettiklerinin alt\u0131n\u0131 \u00e7izerken, <em>\u201cG\u00fc\u00e7l\u00fc finansal performans\u0131m\u0131z\u0131n yan\u0131nda bizleri memnun eden di\u011fer bir konu da g\u00fc\u00e7l\u00fc bilan\u00e7o y\u00f6netimimizi, D\u00fcnya\u2019n\u0131n Sabanc\u0131\u2019s\u0131 olma yolunda ba\u015flatt\u0131\u011f\u0131m\u0131z yat\u0131r\u0131m ata\u011f\u0131yla e\u015f zamanl\u0131 olarak g\u00f6t\u00fcrm\u00fc\u015f olmak. Yeni ekonomi yat\u0131r\u0131mlar\u0131m\u0131z\u0131n h\u0131z kazand\u0131\u011f\u0131 2022 y\u0131l\u0131n\u0131, ba\u015far\u0131l\u0131 bir finansal performansla tamamlamam\u0131z\u0131 sa\u011flayan t\u00fcm ekip arkada\u015flar\u0131m\u0131 y\u00fcrekten tebrik ediyorum\u201d \u015feklinde konu\u015ftu.<\/em><\/p>\n<p>T\u00fcm Topluluk \u015firketlerinin b\u00fcy\u00fcme planlar\u0131n\u0131n oda\u011f\u0131nda,<strong> enerji<\/strong> ve <strong>iklim teknolojileri, ileri malzeme teknolojileri ve dijital teknolojiler<\/strong> olarak \u00fc\u00e7 ayakta ele ald\u0131klar\u0131 \u2018yeni ekonomi\u2019nin yer ald\u0131\u011f\u0131n\u0131n alt\u0131n\u0131 \u00e7izen Cenk Alper, <em>\u201cEnerji i\u015f kolumuzda, Band\u0131rma Enerji \u00dcss\u00fc&#8217;nde T\u00fcrkiye\u2019nin ilk ye\u015fil hidrojen \u00fcretimine ba\u015flad\u0131k. S\u00fcrd\u00fcr\u00fclebilirlik taahh\u00fctlerimizin en \u00f6nemli tamamlay\u0131c\u0131lar\u0131ndan olan yenilenebilir enerji yat\u0131r\u0131mlar\u0131m\u0131z kapsam\u0131nda, 65 MW kurulu g\u00fcce sahip Kayseri Erciyes R\u00fczg\u00e2r Enerjisi Santrali (RES) ve sat\u0131n al\u0131nan 55 MW kurulu g\u00fcce sahip Akhisar RES, 2022 y\u0131l\u0131nda hizmete girdi. Bunun yan\u0131 s\u0131ra gelecek d\u00f6nemde 1,2 milyar dolar kaynakla faaliyete ge\u00e7irece\u011fimiz toplam 1.000 MW\u2019l\u0131k ilave r\u00fczg\u00e2r enerjisi yat\u0131r\u0131m\u0131yla, Enerjisa \u00dcretim \u015firketimizin kurulu g\u00fcc\u00fcn\u00fcn yenilenebilir enerji pay\u0131 y\u00fczde 57\u2019ye ula\u015farak \u00f6zel sekt\u00f6r oyuncular\u0131 aras\u0131nda, elektrik \u00fcretimindeki lider konumunu g\u00fc\u00e7lendirecek. Ayr\u0131ca, ge\u00e7ti\u011fimiz y\u0131l i\u00e7inde kurulu\u015funu tamamlad\u0131\u011f\u0131m\u0131z Sabanc\u0131 \u0130klim Teknolojileri \u015firketimiz arac\u0131l\u0131\u011f\u0131yla bir yandan yenilenebilir enerji yat\u0131r\u0131mlar\u0131m\u0131z\u0131 T\u00fcrkiye\u2019nin \u00f6tesine ta\u015f\u0131rken bir yandan da uluslararas\u0131 giri\u015fim sermayesi fonlar\u0131 ve start-up\u2019lara stratejik yat\u0131r\u0131mlar yap\u0131yoruz. Bu kapsamda, ABD\u2019li Safar Partners ile stratejik ortakl\u0131\u011f\u0131m\u0131z\u0131 hayata ge\u00e7irirken, enerji ve iklim teknolojilerinde y\u0131k\u0131c\u0131 inovasyonun simge giri\u015fimleri aras\u0131nda g\u00f6sterilen Commonwealth Fusion Systems ve Quaise Energy start-up\u2019lar\u0131na do\u011frudan yat\u0131r\u0131m ger\u00e7ekle\u015ftirdik.\u00a0B\u00f6ylece MIT, Harvard ve University of Rochester ekosisteminde yat\u0131r\u0131mc\u0131 olarak yer almaya ba\u015flad\u0131k.\u00a0<\/em><\/p>\n<p><em>Sanayi i\u015f kolumuzda <strong>Kordsa, Microtex<\/strong> sat\u0131n al\u0131m\u0131yla<strong> k\u00fcresel ayak izini Avrupa b\u00f6lgesine ta\u015f\u0131rken<\/strong>; uzay, havac\u0131l\u0131k ve otomotiv teknolojilerinin vazge\u00e7ilmezi konumunda bulunan kompozitteki varl\u0131\u011f\u0131n\u0131 g\u00fc\u00e7lendirmeye devam etti. Yap\u0131 Malzemeleri alan\u0131nda, kalsiyum al\u00fcminat \u00e7imento (CAC) kapasite art\u0131\u015f yat\u0131r\u0131m\u0131m\u0131za \u00c7imsa\u2019n\u0131n Mersin yerle\u015fkesinde ba\u015flad\u0131k. Bunun yan\u0131 s\u0131ra \u00c7imsa, ABD ve Avrupa\u2019da yeni b\u00fcy\u00fcme platformlar\u0131 \u00fczerine \u00e7al\u0131\u015fmalar\u0131na devam ediyor.<\/em><\/p>\n<p><em>Dijital teknolojilerde, sekt\u00f6r\u00fcn ilk teknoloji odakl\u0131 pazaryeri i\u015f modelini Teknosa\u2019da ba\u015far\u0131yla hayata ge\u00e7irdik. Sabanc\u0131Dx \u015firketimiz arac\u0131l\u0131\u011f\u0131yla siber g\u00fcvenlik alan\u0131nda d\u00fcnyan\u0131n \u00f6nde gelen start-uplar\u0131ndan biri olan Radiflow\u2019u ve veri odakl\u0131 dijital pazarlama alan\u0131nda faaliyet g\u00f6steren SEM\u2019i b\u00fcnyemize katt\u0131k. Kurumsal Giri\u015fim Sermayesi Fonumuz Sabanc\u0131 Ventures ile T\u00fcrkiye\u2019deki erken a\u015fama giri\u015fimleri desteklemeyi s\u00fcrd\u00fcr\u00fcrken, 2022 y\u0131l\u0131 i\u00e7erisinde bulut teknolojileri \u015firketi Bulutistan, yapay zek\u00e2 odakl\u0131 ak\u0131ll\u0131 asistan hizmetleri konusunda uzmanla\u015fm\u0131\u015f\u00a0 Zach.ai, dijital sa\u011fl\u0131k alan\u0131nda yapay zek\u00e2 tabanl\u0131 hastal\u0131k y\u00f6netimi ve telesa\u011fl\u0131k hizmeti platformu geli\u015ftiren Albert Health, yeni nesil alacak finansman\u0131 platformu Figopara ve dijital fabrika platformu Supply Chain Wizard \u015firketlerine yat\u0131r\u0131mlar\u0131m\u0131z\u0131 tamamlad\u0131k. Sabanc\u0131 ARF Almost Ready to Fly program\u0131 ile de hem Topluluk i\u00e7inden hem de Topluluk d\u0131\u015f\u0131ndan giri\u015fimcilerin fikirlerini hayata ge\u00e7irmelerine destek verirken, \u00fclkemizin teknolojik geli\u015fimi i\u00e7in \u00e7ok \u00f6nemli g\u00f6rd\u00fc\u011f\u00fcm\u00fcz a\u00e7\u0131k inovasyon k\u00fclt\u00fcr\u00fcn\u00fcn i\u015f d\u00fcnyas\u0131nda yayg\u0131nla\u015fmas\u0131na da \u00f6nc\u00fcl\u00fck ediyoruz.<\/em><\/p>\n<p><em>Finansal Hizmetler i\u015f kolumuzda da ge\u00e7ti\u011fimiz a\u011fustos ay\u0131nda kurulumunu tamamlad\u0131\u011f\u0131m\u0131z Sabanc\u0131 Ageas Sa\u011fl\u0131k Sigorta \u015firketimiz ile sa\u011fl\u0131k hizmetleri alan\u0131nda \u00e7ok daha kapsay\u0131c\u0131 bir bak\u0131\u015f a\u00e7\u0131s\u0131yla yolumuza devam edece\u011fiz. Di\u011fer yandan, bankam\u0131z 2022 y\u0131l\u0131nda T\u00fcrkiye ekonomisine sa\u011flad\u0131\u011f\u0131 kredi deste\u011fini 616 milyar TL\u2019si nakdi olmak \u00fczere toplam 757 milyar TL seviyesine \u00e7\u0131kar\u0131rken, y\u00fczde 23,2 d\u00fczeyinde ger\u00e7ekle\u015fen g\u00fc\u00e7l\u00fc konsolide sermaye yeterlilik oran\u0131yla, reel sekt\u00f6r\u00fcn b\u00fcy\u00fcmesine ve geli\u015fmesine destek olmay\u0131 s\u00fcrd\u00fcrd\u00fc.\u201d<\/em><\/p>\n<p>Bu geli\u015fmelerin \u0131\u015f\u0131\u011f\u0131nda, Sabanc\u0131 Holding, 2022 y\u0131l\u0131nda, kombine sat\u0131\u015flar\u0131n\u0131 y\u00fczde 166 art\u0131\u015fla 403,6 milyar TL seviyesine y\u00fckseltti ve y\u0131l\u0131 43,8 milyar TL\u2019lik konsolide net k\u00e2r ile tamamlad\u0131.<\/p>\n<h3><strong>T\u00dcRK\u0130YE\u2019N\u0130N EN GEN\u0130\u015e KATILIMLI SOSYAL SORUMLULUK HAREKET\u0130<\/strong><\/h3>\n<p>T\u00fcm bu operasyonel ba\u015far\u0131lar\u0131n yan\u0131nda, s\u00fcrd\u00fcr\u00fclebilirlik alan\u0131nda da \u00e7ok say\u0131da \u00f6nc\u00fc uygulamay\u0131 hayata ge\u00e7irdiklerini belirten Cenk Alper, s\u00f6zlerini \u015f\u00f6yle tamamlad\u0131: <em>\u201cSabanc\u0131 Toplulu\u011fu olarak, iklim acil durumu ile kal\u0131c\u0131 m\u00fccadeleye y\u00f6nelik \u00e7ok say\u0131da projeyi kararl\u0131l\u0131kla hayata ge\u00e7irirken, insan ve toplum odakl\u0131 pozitif etkimizi art\u0131rmay\u0131 da en b\u00fcy\u00fck \u00f6nceliklerimizden biri olarak g\u00f6r\u00fcyoruz. Bu kapsamda, 2021 y\u0131l\u0131nda Toplulu\u011fumuzun kurulu\u015f yeri olan <strong>Adana\u2019da<\/strong> ba\u015flatt\u0131\u011f\u0131m\u0131z <strong>Sabanc\u0131 Cumhuriyet Seferberli\u011fi<\/strong>\u2019ni, ge\u00e7ti\u011fimiz y\u0131l i\u00e7inde T\u00fcrkiye\u2019nin en geni\u015f kat\u0131l\u0131ml\u0131 sosyal sorumluluk hareketine d\u00f6n\u00fc\u015ft\u00fcrd\u00fck. <strong>48<\/strong> ilde ger\u00e7ekle\u015ftirdi\u011fimiz <strong>242<\/strong> etkinlikle, <strong>15 bin Sabanc\u0131 G\u00f6n\u00fcll\u00fcm\u00fcz<\/strong> sahaya \u00e7\u0131kt\u0131. Yapt\u0131\u011f\u0131m\u0131z t\u00fcm \u00e7al\u0131\u015fmalar\u0131m\u0131z\u0131 da <strong>10 Kas\u0131m\u2019da Ulu \u00d6nderimiz Mustafa Kemal Atat\u00fcrk\u2019e<\/strong> arma\u011fan ettik.\u201d<\/em><\/p>","protected":false},"excerpt":{"rendered":"<p>Sorry, this entry is only available in Turkish. For the sake of viewer convenience, the content is shown below in the alternative language. You may click the link to switch the active language. Sabanc\u0131 Holding CEO\u2019su Cenk Alper, Holding\u2019in 2022 finansal sonu\u00e7lar\u0131 ve ge\u00e7ti\u011fimiz ay ya\u015fanan deprem felaketine ili\u015fkin a\u00e7\u0131klamalarda bulundu. 06 \u015eubat\u2019ta ger\u00e7ekle\u015fen, 11 [&hellip;]<\/p>\n","protected":false},"author":1,"featured_media":170183,"comment_status":"open","ping_status":"open","sticky":false,"template":"","format":"standard","meta":[],"categories":[51,53],"tags":[87604,107649,44450,18342,63,422,106004,108005,108004],"views":56,"_links":{"self":[{"href":"https:\/\/www.enerjigazetesi.ist\/en\/wp-json\/wp\/v2\/posts\/170179"}],"collection":[{"href":"https:\/\/www.enerjigazetesi.ist\/en\/wp-json\/wp\/v2\/posts"}],"about":[{"href":"https:\/\/www.enerjigazetesi.ist\/en\/wp-json\/wp\/v2\/types\/post"}],"author":[{"embeddable":true,"href":"https:\/\/www.enerjigazetesi.ist\/en\/wp-json\/wp\/v2\/users\/1"}],"replies":[{"embeddable":true,"href":"https:\/\/www.enerjigazetesi.ist\/en\/wp-json\/wp\/v2\/comments?post=170179"}],"version-history":[{"count":0,"href":"https:\/\/www.enerjigazetesi.ist\/en\/wp-json\/wp\/v2\/posts\/170179\/revisions"}],"wp:featuredmedia":[{"embeddable":true,"href":"https:\/\/www.enerjigazetesi.ist\/en\/wp-json\/wp\/v2\/media\/170183"}],"wp:attachment":[{"href":"https:\/\/www.enerjigazetesi.ist\/en\/wp-json\/wp\/v2\/media?parent=170179"}],"wp:term":[{"taxonomy":"category","embeddable":true,"href":"https:\/\/www.enerjigazetesi.ist\/en\/wp-json\/wp\/v2\/categories?post=170179"},{"taxonomy":"post_tag","embeddable":true,"href":"https:\/\/www.enerjigazetesi.ist\/en\/wp-json\/wp\/v2\/tags?post=170179"}],"curies":[{"name":"wp","href":"https:\/\/api.w.org\/{rel}","templated":true}]}}